{"id":2067,"date":"2014-05-11T17:56:02","date_gmt":"2014-05-11T21:56:02","guid":{"rendered":"http:\/\/www.clubdescollectionneursenartsvisuelsdequebec.com\/?p=2067"},"modified":"2014-06-22T13:55:32","modified_gmt":"2014-06-22T17:55:32","slug":"don-darbydisparitions","status":"publish","type":"post","link":"https:\/\/galeriebecot.com\/?p=2067","title":{"rendered":"DON DARBY,DISPARITION"},"content":{"rendered":"<p>Du 24 mai au 17 juin\u00a02014 ,<em>Vernissage<\/em>\u00a0en pr\u00e9sence de l&rsquo;artiste\u00a0<em>samedi<\/em>\u00a0le\u00a0<em>24\u00a0mai<strong>\u00a0<\/strong><\/em>2014\u00a0de\u00a0<em>14h \u00e0 17h<\/em><\/p>\n<p><a title=\"Don Darby,Lacerte\" href=\"http:\/\/galerielacerte.com\/\"><img loading=\"lazy\" decoding=\"async\" class=\"alignnone size-full wp-image-2074\" src=\"https:\/\/www.galeriebecot.com\/wp-content\/uploads\/2014\/05\/Lacerte-montreaf.jpeg\" alt=\"Lacerte montreaf\" width=\"440\" height=\"112\" srcset=\"https:\/\/galeriebecot.com\/wp-content\/uploads\/2014\/05\/Lacerte-montreaf.jpeg 440w, https:\/\/galeriebecot.com\/wp-content\/uploads\/2014\/05\/Lacerte-montreaf-300x76.jpeg 300w\" sizes=\"auto, (max-width: 440px) 100vw, 440px\" \/><\/a><\/p>\n<p>Pour plus d&rsquo;information,veuillez contacter la galerie <em>Lacerte art contemporain<\/em><\/p>\n<p>6345,boul.Saint-Laurent (QC) H2S 3C3<\/p>\n<p>montreal@galerielacerte.com<\/p>\n<p>Mardi au vendredi de 11h \u00e0 19h<\/p>\n<p>Samedi de 11h \u00e0 17h<\/p>\n<p>514-274-4299<\/p>\n<p><a href=\"https:\/\/www.galeriebecot.com\/wp-content\/uploads\/2014\/05\/Don-JACQUES1.jpg\"><img loading=\"lazy\" decoding=\"async\" class=\"alignnone size-full wp-image-2115\" src=\"https:\/\/www.galeriebecot.com\/wp-content\/uploads\/2014\/05\/Don-JACQUES1.jpg\" alt=\"Don-JACQUES1\" width=\"576\" height=\"768\" srcset=\"https:\/\/galeriebecot.com\/wp-content\/uploads\/2014\/05\/Don-JACQUES1.jpg 576w, https:\/\/galeriebecot.com\/wp-content\/uploads\/2014\/05\/Don-JACQUES1-225x300.jpg 225w\" sizes=\"auto, (max-width: 576px) 100vw, 576px\" \/><\/a><\/p>\n<p><a href=\"http:\/\/giacomosylvano.blogspot.ca\/2014\/05\/une-exposition-ne-pas-manquer.html\"><strong>Une exposition \u00e0 ne pas manquer<\/strong><\/a><\/p>\n<p>Lacerte art contemporain pr\u00e9sente une exposition des oeuvres de Don Darby r\u00e9unies sous le titre Disparitions. Les sculptures en fils d&rsquo;acier dressent un \u00e9mouvant inventaire d&rsquo;animaux en voie d&rsquo;extinction.<\/p>\n<p><strong>Les scientifiques l&rsquo;on dit au tour des artistes.<\/strong><\/p>\n<p>Devant le mal que l&rsquo;homme fait \u00e0 la terre, Hubert Reeves s&rsquo;indigne. De toutes les esp\u00e8ces vivantes, l&rsquo;homme est le plus destructeur, c&rsquo;est l&rsquo;esp\u00e8ce qui aura d\u00e9truit le plus d&rsquo;autres esp\u00e8ces. Pour Hubert Reeves, l&rsquo;hommes est tout en bas de l&rsquo;\u00e9chelle de la pr\u00e9servation de la nature.<\/p>\n<p><a href=\"https:\/\/www.galeriebecot.com\/wp-content\/uploads\/2014\/05\/vernissage5.jpg\"><img loading=\"lazy\" decoding=\"async\" class=\"alignnone size-full wp-image-2121\" src=\"https:\/\/www.galeriebecot.com\/wp-content\/uploads\/2014\/05\/vernissage5.jpg\" alt=\"vernissage\" width=\"600\" height=\"402\" srcset=\"https:\/\/galeriebecot.com\/wp-content\/uploads\/2014\/05\/vernissage5.jpg 600w, https:\/\/galeriebecot.com\/wp-content\/uploads\/2014\/05\/vernissage5-300x201.jpg 300w\" sizes=\"auto, (max-width: 600px) 100vw, 600px\" \/><\/a><\/p>\n<div>\n<div dir=\"ltr\">Communiqu\u00e9 de presse. Pour diffusion imm\u00e9diate.<\/div>\n<div dir=\"ltr\"><strong>Montr\u00e9al le 14\u00a0mai 2014<\/strong>\u00a0&#8211; Lacerte art contemporain est heureux de pr\u00e9senter une exposition des \u0153uvres r\u00e9centes du sculpteur Don Darby r\u00e9unies\u00a0sous le titre\u00a0<em>Disparitions.\u00a0<\/em>\u00a0Les sculptures d\u2019acier dressent un \u00e9mouvant inventaire d\u2019animaux en voie d\u2019extinction.Les \u0153uvres de Don Darby rel\u00e8vent autant de la sculpture que du dessin. L\u2019artiste qualifie d\u2019ailleurs sa pratique de \u00ab\u00a0dessin spatial\u00a0\u00bb. Chacune des innombrables tiges d\u2019acier semble repr\u00e9senter un trait ; une fois r\u00e9unies, elles forment une \u0153uvre o\u00f9 la rigidit\u00e9 du m\u00e9tal c\u00e8de \u00e0 la fluidit\u00e9 du dessin.Darby a toujours \u00e9t\u00e9 soucieux de repr\u00e9senter le passage du temps dans l\u2019univers du vivant. Cette constante est visible dans sa production, parfois de fa\u00e7on litt\u00e9rale, parfois sous forme de m\u00e9taphore. Ici, le sculpteur s\u2019attarde aux \u00eatres qui luttent pour leur survie. L\u2019artiste semble vouloir offrir une nouvelle p\u00e9rennit\u00e9 \u00e0 ces animaux vou\u00e9s \u00e0 l\u2019an\u00e9antissement &#8211; un homme r\u00e9pertoriant des animaux qui vont dispara\u00eetre par l\u2019action des hommes.Une douzaine de sculptures et quelques dessins composent ce r\u00e9cent corpus o\u00f9 s\u2019imposent la force et la sensibilit\u00e9 de l\u2019artiste. Cette \u00e9nergie est mise au service de la fragilit\u00e9 des animaux, qui eux aussi, en d\u2019autres temps, ont \u00e9t\u00e9 fiers et forts. C&rsquo;est pr\u00e9cis\u00e9ment ces dichotomies, ces tensions entre force et fragilit\u00e9, entre p\u00e9rennit\u00e9 et \u00e9ph\u00e9m\u00e8re, qui donne ce pouvoir d&rsquo;\u00e9vocation au travail de l&rsquo;artiste.<\/div>\n<div dir=\"ltr\">&#8212;&#8212;&#8212;&#8212;&#8212;&#8212;&#8212;&#8212;&#8212;&#8212;&#8212;&#8212;&#8212;&#8212;&#8212;&#8212;&#8212;&#8212;&#8212;&#8212;<\/div>\n<div dir=\"ltr\"><em>N\u00e9 \u00e0 Montr\u00e9al en 1937, Don Darby vit et travaille \u00e0 Qu\u00e9bec. Son implication dans le milieu des arts visuels a \u00e9t\u00e9 marqu\u00e9e, tour \u00e0 tour, par l\u2019enseignement, l\u2019activisme et la pratique de la sculpture. Ces \u0153uvres font partie de nombreuses collections publiques et priv\u00e9es. On lui doit \u00e9galement plusieurs \u0153uvres con\u00e7ues dans le cadre du programme d\u2019int\u00e9gration de l\u2019art \u00e0 l\u2019architecture.<\/em><\/div>\n<\/div>\n<div dir=\"ltr\"><i>\u00a0<\/i><\/div>\n<div dir=\"ltr\"><a href=\"https:\/\/www.galeriebecot.com\/wp-content\/uploads\/2014\/05\/oeuvre2.jpg\"><img loading=\"lazy\" decoding=\"async\" class=\"alignnone size-large wp-image-2072\" src=\"https:\/\/www.galeriebecot.com\/wp-content\/uploads\/2014\/05\/oeuvre2-824x1024.jpg\" alt=\"oeuvre2\" width=\"700\" height=\"869\" srcset=\"https:\/\/galeriebecot.com\/wp-content\/uploads\/2014\/05\/oeuvre2-824x1024.jpg 824w, https:\/\/galeriebecot.com\/wp-content\/uploads\/2014\/05\/oeuvre2-241x300.jpg 241w, https:\/\/galeriebecot.com\/wp-content\/uploads\/2014\/05\/oeuvre2.jpg 1140w\" sizes=\"auto, (max-width: 700px) 100vw, 700px\" \/><\/a><\/div>\n<div dir=\"ltr\"><a title=\"Darby Lacerte\" href=\"http:\/\/galerielacerte.com\/\"><img loading=\"lazy\" decoding=\"async\" class=\"alignnone size-full wp-image-2073\" src=\"https:\/\/www.galeriebecot.com\/wp-content\/uploads\/2014\/05\/Logi-lacerte1.jpg\" alt=\"Logi lacerte\" width=\"440\" height=\"80\" srcset=\"https:\/\/galeriebecot.com\/wp-content\/uploads\/2014\/05\/Logi-lacerte1.jpg 440w, https:\/\/galeriebecot.com\/wp-content\/uploads\/2014\/05\/Logi-lacerte1-300x54.jpg 300w\" sizes=\"auto, (max-width: 440px) 100vw, 440px\" \/><\/a><\/div>\n<div dir=\"ltr\"><\/div>\n<div dir=\"ltr\"><\/div>\n<div><a href=\"https:\/\/www.galeriebecot.com\/wp-content\/uploads\/2014\/05\/vernisdon.jpg\"><img loading=\"lazy\" decoding=\"async\" class=\"alignnone size-large wp-image-2096\" src=\"https:\/\/www.galeriebecot.com\/wp-content\/uploads\/2014\/05\/vernisdon-1024x436.jpg\" alt=\"vernisdon\" width=\"700\" height=\"298\" srcset=\"https:\/\/galeriebecot.com\/wp-content\/uploads\/2014\/05\/vernisdon-1024x436.jpg 1024w, https:\/\/galeriebecot.com\/wp-content\/uploads\/2014\/05\/vernisdon-300x127.jpg 300w, https:\/\/galeriebecot.com\/wp-content\/uploads\/2014\/05\/vernisdon.jpg 1752w\" sizes=\"auto, (max-width: 700px) 100vw, 700px\" \/><\/a><\/div>\n<div><a href=\"https:\/\/www.galeriebecot.com\/wp-content\/uploads\/2014\/05\/vernisdon1.jpg\"><img loading=\"lazy\" decoding=\"async\" class=\"alignnone size-large wp-image-2097\" src=\"https:\/\/www.galeriebecot.com\/wp-content\/uploads\/2014\/05\/vernisdon1-1024x436.jpg\" alt=\"vernisdon1\" width=\"700\" height=\"298\" srcset=\"https:\/\/galeriebecot.com\/wp-content\/uploads\/2014\/05\/vernisdon1-1024x436.jpg 1024w, https:\/\/galeriebecot.com\/wp-content\/uploads\/2014\/05\/vernisdon1-300x127.jpg 300w, https:\/\/galeriebecot.com\/wp-content\/uploads\/2014\/05\/vernisdon1.jpg 1750w\" sizes=\"auto, (max-width: 700px) 100vw, 700px\" \/><\/a><\/div>\n<div><\/div>\n<div><a href=\"https:\/\/www.galeriebecot.com\/wp-content\/uploads\/2014\/05\/Donvernissage1.jpg\"><img loading=\"lazy\" decoding=\"async\" class=\"alignnone size-large wp-image-2189\" src=\"https:\/\/www.galeriebecot.com\/wp-content\/uploads\/2014\/05\/Donvernissage1-495x1024.jpg\" alt=\"Don'vernissage1\" width=\"495\" height=\"1024\" srcset=\"https:\/\/galeriebecot.com\/wp-content\/uploads\/2014\/05\/Donvernissage1-495x1024.jpg 495w, https:\/\/galeriebecot.com\/wp-content\/uploads\/2014\/05\/Donvernissage1-145x300.jpg 145w\" sizes=\"auto, (max-width: 495px) 100vw, 495px\" \/><\/a><\/div>\n","protected":false},"excerpt":{"rendered":"<p>Du 24 mai au 17 juin\u00a02014 ,Vernissage\u00a0en pr\u00e9sence de l&rsquo;artiste\u00a0samedi\u00a0le\u00a024\u00a0mai\u00a02014\u00a0de\u00a014h \u00e0 17h Pour plus d&rsquo;information,veuillez contacter la galerie Lacerte art contemporain 6345,boul.Saint-Laurent (QC) H2S 3C3 montreal@galerielacerte.com Mardi au vendredi de&hellip; <\/p>\n","protected":false},"author":1,"featured_media":0,"comment_status":"open","ping_status":"open","sticky":false,"template":"","format":"standard","meta":{"_exactmetrics_skip_tracking":false,"_exactmetrics_sitenote_active":false,"_exactmetrics_sitenote_note":"","_exactmetrics_sitenote_category":0,"footnotes":""},"categories":[18,19],"tags":[34,735,6,67,66,275,276,33,40],"class_list":["post-2067","post","type-post","status-publish","format-standard","hentry","category-evenement","category-vernissage","tag-andre-becot","tag-artistes","tag-club-des-collectionneurs-en-arts-visuels-de-quebec","tag-club-des-collectionneurs-en-arts-visuels-de-quebec-marc-bellemare","tag-club-des-collectionneurs-en-arts-visuels-de-quebec-studio-becot","tag-don-darby","tag-galerie-lacerte","tag-marc-bellemare","tag-visuals-arts"],"_links":{"self":[{"href":"https:\/\/galeriebecot.com\/index.php?rest_route=\/wp\/v2\/posts\/2067","targetHints":{"allow":["GET"]}}],"collection":[{"href":"https:\/\/galeriebecot.com\/index.php?rest_route=\/wp\/v2\/posts"}],"about":[{"href":"https:\/\/galeriebecot.com\/index.php?rest_route=\/wp\/v2\/types\/post"}],"author":[{"embeddable":true,"href":"https:\/\/galeriebecot.com\/index.php?rest_route=\/wp\/v2\/users\/1"}],"replies":[{"embeddable":true,"href":"https:\/\/galeriebecot.com\/index.php?rest_route=%2Fwp%2Fv2%2Fcomments&post=2067"}],"version-history":[{"count":15,"href":"https:\/\/galeriebecot.com\/index.php?rest_route=\/wp\/v2\/posts\/2067\/revisions"}],"predecessor-version":[{"id":2190,"href":"https:\/\/galeriebecot.com\/index.php?rest_route=\/wp\/v2\/posts\/2067\/revisions\/2190"}],"wp:attachment":[{"href":"https:\/\/galeriebecot.com\/index.php?rest_route=%2Fwp%2Fv2%2Fmedia&parent=2067"}],"wp:term":[{"taxonomy":"category","embeddable":true,"href":"https:\/\/galeriebecot.com\/index.php?rest_route=%2Fwp%2Fv2%2Fcategories&post=2067"},{"taxonomy":"post_tag","embeddable":true,"href":"https:\/\/galeriebecot.com\/index.php?rest_route=%2Fwp%2Fv2%2Ftags&post=2067"}],"curies":[{"name":"wp","href":"https:\/\/api.w.org\/{rel}","templated":true}]}}