{"id":20578,"date":"2025-05-29T16:52:41","date_gmt":"2025-05-29T20:52:41","guid":{"rendered":"https:\/\/www.clubdescollectionneursenartsvisuelsdequebec.com\/?p=20578"},"modified":"2025-06-15T14:30:47","modified_gmt":"2025-06-15T18:30:47","slug":"carol-poulin-en-conference-samedi-14-juin-2025-a-14h30","status":"publish","type":"post","link":"https:\/\/galeriebecot.com\/?p=20578","title":{"rendered":"Carol Poulin en conf\u00e9rence, samedi 14 juin 2025 \u00e0 14h30 _ \u00c9glise de Neuville"},"content":{"rendered":"\n<figure class=\"wp-block-image size-large\"><a href=\"https:\/\/www.galeriebecot.com\/wp-content\/uploads\/2025\/06\/IMG_6340-scaled.jpeg\"><img loading=\"lazy\" decoding=\"async\" width=\"1024\" height=\"768\" src=\"https:\/\/www.galeriebecot.com\/wp-content\/uploads\/2025\/06\/IMG_6340-1024x768.jpeg\" alt=\"\" class=\"wp-image-20632\" srcset=\"https:\/\/galeriebecot.com\/wp-content\/uploads\/2025\/06\/IMG_6340-1024x768.jpeg 1024w, https:\/\/galeriebecot.com\/wp-content\/uploads\/2025\/06\/IMG_6340-300x225.jpeg 300w, https:\/\/galeriebecot.com\/wp-content\/uploads\/2025\/06\/IMG_6340-768x576.jpeg 768w, https:\/\/galeriebecot.com\/wp-content\/uploads\/2025\/06\/IMG_6340-1536x1152.jpeg 1536w, https:\/\/galeriebecot.com\/wp-content\/uploads\/2025\/06\/IMG_6340-2048x1536.jpeg 2048w\" sizes=\"auto, (max-width: 1024px) 100vw, 1024px\" \/><\/a><figcaption>Carol<strong> Poulin<\/strong>,<em> la restauration <\/em>du Bapt\u00eame du Christ d&rsquo;<em>Antoine Plamondon<\/em>, en conf\u00e9rence le 14 juin 2025<\/figcaption><\/figure>\n\n\n\n<p class=\"wp-block-paragraph\">Cr\u00e9dit photo: Serge Philippe<strong> Tremblay<\/strong><\/p>\n\n\n\n<p class=\"wp-block-paragraph\"><strong>Colloque<\/strong> : <em>Antoine <strong>Plamondon <\/strong>et l&rsquo;av\u00e8nement de la figure du <strong>savant peintre<\/strong> dans le Qu\u00e9bec du XIX si\u00e8cle<\/em><\/p>\n\n\n\n<p class=\"wp-block-paragraph\"><strong>Post\u00e9rit\u00e9s d&rsquo;Antoine Plamondon : S\u00e9ance V<\/strong><\/p>\n\n\n\n<p class=\"wp-block-paragraph\">Pr\u00e9sidence: <strong>Christine Bernier <\/strong>( Universit\u00e9 de Montr\u00e9al )<\/p>\n\n\n\n<p class=\"wp-block-paragraph\">Le Portrait pr\u00e9sum\u00e9 de Plamondon d&rsquo;Henry Julien, <strong>Dominic Hardy<\/strong> ( UQAM)<\/p>\n\n\n\n<p class=\"wp-block-paragraph\">La <em><strong>restauration <\/strong><\/em><strong><em>du<\/em> <\/strong>Bapt\u00eame du Christ d&rsquo;<strong>Antoine Plamondon<\/strong><\/p>\n\n\n\n<p class=\"wp-block-paragraph\"><strong>Jean-Claude Fillion <\/strong>( restaurateur ind\u00e9pendant )<\/p>\n\n\n\n<p class=\"wp-block-paragraph\"><strong>Carol Poulin <\/strong>( restaurateur ind\u00e9pendant )<\/p>\n\n\n\n<p class=\"wp-block-paragraph\">Bienvenue \u00e0 tous ! Entr\u00e9e libre !<\/p>\n\n\n\n<figure class=\"wp-block-image size-full\"><a href=\"https:\/\/www.galeriebecot.com\/wp-content\/uploads\/2025\/05\/Poulin-Conf-p1.jpg\"><img loading=\"lazy\" decoding=\"async\" width=\"864\" height=\"1014\" src=\"https:\/\/www.galeriebecot.com\/wp-content\/uploads\/2025\/05\/Poulin-Conf-p1.jpg\" alt=\"\" class=\"wp-image-20579\" srcset=\"https:\/\/galeriebecot.com\/wp-content\/uploads\/2025\/05\/Poulin-Conf-p1.jpg 864w, https:\/\/galeriebecot.com\/wp-content\/uploads\/2025\/05\/Poulin-Conf-p1-256x300.jpg 256w, https:\/\/galeriebecot.com\/wp-content\/uploads\/2025\/05\/Poulin-Conf-p1-768x901.jpg 768w\" sizes=\"auto, (max-width: 864px) 100vw, 864px\" \/><\/a><\/figure>\n\n\n\n<figure class=\"wp-block-image size-large is-resized\"><a href=\"https:\/\/www.be-video.info\"><img loading=\"lazy\" decoding=\"async\" src=\"https:\/\/www.galeriebecot.com\/wp-content\/uploads\/2025\/05\/Carol-Poulin-Documentaire-1024x517.jpg\" alt=\"\" class=\"wp-image-20587\" width=\"731\" height=\"368\" srcset=\"https:\/\/galeriebecot.com\/wp-content\/uploads\/2025\/05\/Carol-Poulin-Documentaire-1024x517.jpg 1024w, https:\/\/galeriebecot.com\/wp-content\/uploads\/2025\/05\/Carol-Poulin-Documentaire-300x151.jpg 300w, https:\/\/galeriebecot.com\/wp-content\/uploads\/2025\/05\/Carol-Poulin-Documentaire-768x388.jpg 768w, https:\/\/galeriebecot.com\/wp-content\/uploads\/2025\/05\/Carol-Poulin-Documentaire-1536x775.jpg 1536w, https:\/\/galeriebecot.com\/wp-content\/uploads\/2025\/05\/Carol-Poulin-Documentaire.jpg 1862w\" sizes=\"auto, (max-width: 731px) 100vw, 731px\" \/><\/a><\/figure>\n\n\n\n<figure class=\"wp-block-image size-large\"><a href=\"https:\/\/www.galeriebecot.com\/wp-content\/uploads\/2025\/05\/Poulin-Conf-p2.jpg\"><img loading=\"lazy\" decoding=\"async\" width=\"743\" height=\"1024\" src=\"https:\/\/www.galeriebecot.com\/wp-content\/uploads\/2025\/05\/Poulin-Conf-p2-743x1024.jpg\" alt=\"\" class=\"wp-image-20580\" srcset=\"https:\/\/galeriebecot.com\/wp-content\/uploads\/2025\/05\/Poulin-Conf-p2-743x1024.jpg 743w, https:\/\/galeriebecot.com\/wp-content\/uploads\/2025\/05\/Poulin-Conf-p2-218x300.jpg 218w, https:\/\/galeriebecot.com\/wp-content\/uploads\/2025\/05\/Poulin-Conf-p2-768x1059.jpg 768w, https:\/\/galeriebecot.com\/wp-content\/uploads\/2025\/05\/Poulin-Conf-p2.jpg 864w\" sizes=\"auto, (max-width: 743px) 100vw, 743px\" \/><\/a><\/figure>\n\n\n\n<figure class=\"wp-block-image size-large\"><a href=\"https:\/\/www.galeriebecot.com\/wp-content\/uploads\/2025\/05\/Poulin-Conf-p3.jpg\"><img loading=\"lazy\" decoding=\"async\" width=\"737\" height=\"1024\" src=\"https:\/\/www.galeriebecot.com\/wp-content\/uploads\/2025\/05\/Poulin-Conf-p3-737x1024.jpg\" alt=\"\" class=\"wp-image-20581\" srcset=\"https:\/\/galeriebecot.com\/wp-content\/uploads\/2025\/05\/Poulin-Conf-p3-737x1024.jpg 737w, https:\/\/galeriebecot.com\/wp-content\/uploads\/2025\/05\/Poulin-Conf-p3-216x300.jpg 216w, https:\/\/galeriebecot.com\/wp-content\/uploads\/2025\/05\/Poulin-Conf-p3-768x1068.jpg 768w, https:\/\/galeriebecot.com\/wp-content\/uploads\/2025\/05\/Poulin-Conf-p3.jpg 864w\" sizes=\"auto, (max-width: 737px) 100vw, 737px\" \/><\/a><\/figure>\n\n\n\n<figure class=\"wp-block-image size-large\"><a href=\"https:\/\/www.galeriebecot.com\/wp-content\/uploads\/2025\/05\/Poulin-Conf-p4.jpg\"><img loading=\"lazy\" decoding=\"async\" width=\"723\" height=\"1024\" src=\"https:\/\/www.galeriebecot.com\/wp-content\/uploads\/2025\/05\/Poulin-Conf-p4-723x1024.jpg\" alt=\"\" class=\"wp-image-20582\" srcset=\"https:\/\/galeriebecot.com\/wp-content\/uploads\/2025\/05\/Poulin-Conf-p4-723x1024.jpg 723w, https:\/\/galeriebecot.com\/wp-content\/uploads\/2025\/05\/Poulin-Conf-p4-212x300.jpg 212w, https:\/\/galeriebecot.com\/wp-content\/uploads\/2025\/05\/Poulin-Conf-p4-768x1087.jpg 768w, https:\/\/galeriebecot.com\/wp-content\/uploads\/2025\/05\/Poulin-Conf-p4.jpg 864w\" sizes=\"auto, (max-width: 723px) 100vw, 723px\" \/><\/a><\/figure>\n","protected":false},"excerpt":{"rendered":"<p>Cr\u00e9dit photo: Serge Philippe Tremblay Colloque : Antoine Plamondon et l&rsquo;av\u00e8nement de la figure du savant peintre dans le Qu\u00e9bec du XIX si\u00e8cle Post\u00e9rit\u00e9s d&rsquo;Antoine Plamondon : S\u00e9ance V Pr\u00e9sidence:&hellip; <\/p>\n","protected":false},"author":1,"featured_media":0,"comment_status":"open","ping_status":"open","sticky":false,"template":"","format":"standard","meta":{"_exactmetrics_skip_tracking":false,"_exactmetrics_sitenote_active":false,"_exactmetrics_sitenote_note":"","_exactmetrics_sitenote_category":0,"footnotes":""},"categories":[27,17,18],"tags":[4899,34,4894,4903,6,66,4900,4896,4897,4893,58,1106,4898,4895,4901,4902,37,3494,2716,40],"class_list":["post-20578","post","type-post","status-publish","format-standard","hentry","category-artistes","category-conference","category-evenement","tag-adrien-lanctin","tag-andre-becot","tag-arnaud-bessiere","tag-bernard-gaudreau","tag-club-des-collectionneurs-en-arts-visuels-de-quebec","tag-club-des-collectionneurs-en-arts-visuels-de-quebec-studio-becot","tag-didier-prioul","tag-isabelle-pichet","tag-kim-gladu","tag-marc-andre-bernier","tag-marc-bellemare-collectionneur","tag-mario-beland","tag-monastere-des-ursulines","tag-peggy-davis","tag-pierre-olivier-ouellet","tag-stefano-cracolici","tag-studio-becot","tag-uqam","tag-uqtr","tag-visuals-arts"],"_links":{"self":[{"href":"https:\/\/galeriebecot.com\/index.php?rest_route=\/wp\/v2\/posts\/20578","targetHints":{"allow":["GET"]}}],"collection":[{"href":"https:\/\/galeriebecot.com\/index.php?rest_route=\/wp\/v2\/posts"}],"about":[{"href":"https:\/\/galeriebecot.com\/index.php?rest_route=\/wp\/v2\/types\/post"}],"author":[{"embeddable":true,"href":"https:\/\/galeriebecot.com\/index.php?rest_route=\/wp\/v2\/users\/1"}],"replies":[{"embeddable":true,"href":"https:\/\/galeriebecot.com\/index.php?rest_route=%2Fwp%2Fv2%2Fcomments&post=20578"}],"version-history":[{"count":6,"href":"https:\/\/galeriebecot.com\/index.php?rest_route=\/wp\/v2\/posts\/20578\/revisions"}],"predecessor-version":[{"id":20634,"href":"https:\/\/galeriebecot.com\/index.php?rest_route=\/wp\/v2\/posts\/20578\/revisions\/20634"}],"wp:attachment":[{"href":"https:\/\/galeriebecot.com\/index.php?rest_route=%2Fwp%2Fv2%2Fmedia&parent=20578"}],"wp:term":[{"taxonomy":"category","embeddable":true,"href":"https:\/\/galeriebecot.com\/index.php?rest_route=%2Fwp%2Fv2%2Fcategories&post=20578"},{"taxonomy":"post_tag","embeddable":true,"href":"https:\/\/galeriebecot.com\/index.php?rest_route=%2Fwp%2Fv2%2Ftags&post=20578"}],"curies":[{"name":"wp","href":"https:\/\/api.w.org\/{rel}","templated":true}]}}