{"id":20321,"date":"2025-03-06T15:19:16","date_gmt":"2025-03-06T20:19:16","guid":{"rendered":"https:\/\/www.clubdescollectionneursenartsvisuelsdequebec.com\/?p=20321"},"modified":"2025-03-07T13:36:24","modified_gmt":"2025-03-07T18:36:24","slug":"maurice-_-rocket_-richard","status":"publish","type":"post","link":"https:\/\/galeriebecot.com\/?p=20321","title":{"rendered":"Maurice _ ROCKET_ Richard"},"content":{"rendered":"\n<figure class=\"wp-block-image size-large is-resized\"><a href=\"https:\/\/www.galeriebecot.com\/wp-content\/uploads\/2025\/03\/Film-Maurice.jpg\"><img loading=\"lazy\" decoding=\"async\" src=\"https:\/\/www.galeriebecot.com\/wp-content\/uploads\/2025\/03\/Film-Maurice-1024x886.jpg\" alt=\"\" class=\"wp-image-20322\" width=\"487\" height=\"420\" srcset=\"https:\/\/galeriebecot.com\/wp-content\/uploads\/2025\/03\/Film-Maurice-1024x886.jpg 1024w, https:\/\/galeriebecot.com\/wp-content\/uploads\/2025\/03\/Film-Maurice-300x260.jpg 300w, https:\/\/galeriebecot.com\/wp-content\/uploads\/2025\/03\/Film-Maurice.jpg 1152w\" sizes=\"auto, (max-width: 487px) 100vw, 487px\" \/><\/a><\/figure>\n\n\n\n<p class=\"wp-block-paragraph\">Ce film incarne \u00e0 la fois la passion du sport et l&rsquo;esprit de r\u00e9silience, en plus de nous plonger dans l&rsquo;histoire du Qu\u00e9bec \u00e0 une \u00e9poque charni\u00e8re \u00a0\u00bb Un film incontournable \u00e0 voir absolument \u00a0\u00bb Pr\u00e9sentement \u00e0 l&rsquo;affiche du cin\u00e9ma ,Le Clap \u00e0 Sainte-Foy.<\/p>\n\n\n\n<figure class=\"wp-block-embed is-type-video is-provider-youtube wp-block-embed-youtube wp-embed-aspect-16-9 wp-has-aspect-ratio\"><div class=\"wp-block-embed__wrapper\">\n<iframe loading=\"lazy\" title=\"MAURICE - Un documentaire de Serge Gigu\u00e8re | Bande-annonce officielle\" width=\"700\" height=\"394\" src=\"https:\/\/www.youtube.com\/embed\/UtYq0Q463w0?feature=oembed\" frameborder=\"0\" allow=\"accelerometer; autoplay; clipboard-write; encrypted-media; gyroscope; picture-in-picture; web-share\" referrerpolicy=\"strict-origin-when-cross-origin\" allowfullscreen><\/iframe>\n<\/div><\/figure>\n\n\n\n<p class=\"wp-block-paragraph\">Au lancement du film _<strong>Maurice<\/strong> _ le mercredi 5 mars au cin\u00e9ma <strong>Clap<\/strong> \u00e0 Sainte-Foy<\/p>\n","protected":false},"excerpt":{"rendered":"<p>Ce film incarne \u00e0 la fois la passion du sport et l&rsquo;esprit de r\u00e9silience, en plus de nous plonger dans l&rsquo;histoire du Qu\u00e9bec \u00e0 une \u00e9poque charni\u00e8re \u00a0\u00bb Un film&hellip; <\/p>\n","protected":false},"author":1,"featured_media":0,"comment_status":"open","ping_status":"open","sticky":false,"template":"","format":"standard","meta":{"_exactmetrics_skip_tracking":false,"_exactmetrics_sitenote_active":false,"_exactmetrics_sitenote_note":"","_exactmetrics_sitenote_category":0,"footnotes":""},"categories":[1],"tags":[],"class_list":["post-20321","post","type-post","status-publish","format-standard","hentry","category-non-classe"],"_links":{"self":[{"href":"https:\/\/galeriebecot.com\/index.php?rest_route=\/wp\/v2\/posts\/20321","targetHints":{"allow":["GET"]}}],"collection":[{"href":"https:\/\/galeriebecot.com\/index.php?rest_route=\/wp\/v2\/posts"}],"about":[{"href":"https:\/\/galeriebecot.com\/index.php?rest_route=\/wp\/v2\/types\/post"}],"author":[{"embeddable":true,"href":"https:\/\/galeriebecot.com\/index.php?rest_route=\/wp\/v2\/users\/1"}],"replies":[{"embeddable":true,"href":"https:\/\/galeriebecot.com\/index.php?rest_route=%2Fwp%2Fv2%2Fcomments&post=20321"}],"version-history":[{"count":12,"href":"https:\/\/galeriebecot.com\/index.php?rest_route=\/wp\/v2\/posts\/20321\/revisions"}],"predecessor-version":[{"id":20358,"href":"https:\/\/galeriebecot.com\/index.php?rest_route=\/wp\/v2\/posts\/20321\/revisions\/20358"}],"wp:attachment":[{"href":"https:\/\/galeriebecot.com\/index.php?rest_route=%2Fwp%2Fv2%2Fmedia&parent=20321"}],"wp:term":[{"taxonomy":"category","embeddable":true,"href":"https:\/\/galeriebecot.com\/index.php?rest_route=%2Fwp%2Fv2%2Fcategories&post=20321"},{"taxonomy":"post_tag","embeddable":true,"href":"https:\/\/galeriebecot.com\/index.php?rest_route=%2Fwp%2Fv2%2Ftags&post=20321"}],"curies":[{"name":"wp","href":"https:\/\/api.w.org\/{rel}","templated":true}]}}