{"id":20224,"date":"2025-02-24T13:33:46","date_gmt":"2025-02-24T18:33:46","guid":{"rendered":"https:\/\/www.clubdescollectionneursenartsvisuelsdequebec.com\/?p=20224"},"modified":"2025-02-28T17:31:19","modified_gmt":"2025-02-28T22:31:19","slug":"invitation-artistes-consultations-publiques","status":"publish","type":"post","link":"https:\/\/galeriebecot.com\/?p=20224","title":{"rendered":"Invitation : Artistes &#038; Consultations publiques"},"content":{"rendered":"\n<p class=\"wp-block-paragraph\">Hier soir, le 27 f\u00e9vrier 2025, nous avons particip\u00e9 \u00e0 une r\u00e9union de consultation portant sur l&rsquo;am\u00e9lioration des politiques des biblioth\u00e8ques de la ville de Qu\u00e9bec. Cette rencontre a \u00e9t\u00e9 constructive, notamment en ce qui concerne la proposition de mieux soutenir les artistes en am\u00e9nageant une salle d&rsquo;exposition d\u00e9di\u00e9e aux arts visuels dans chaque biblioth\u00e8que.<\/p>\n\n\n\n<p class=\"wp-block-paragraph\">Invitation aux <strong>Artistes<\/strong> en <strong>ARTS VISUELS<\/strong> et consultation publique pour l&rsquo;avenir !<\/p>\n\n\n\n<figure class=\"wp-block-image size-large\"><a href=\"https:\/\/www.galeriebecot.com\/wp-content\/uploads\/2025\/02\/Invitations-aux-artistes.jpg\"><img loading=\"lazy\" decoding=\"async\" width=\"1024\" height=\"385\" src=\"https:\/\/www.galeriebecot.com\/wp-content\/uploads\/2025\/02\/Invitations-aux-artistes-1024x385.jpg\" alt=\"\" class=\"wp-image-20230\" srcset=\"https:\/\/galeriebecot.com\/wp-content\/uploads\/2025\/02\/Invitations-aux-artistes-1024x385.jpg 1024w, https:\/\/galeriebecot.com\/wp-content\/uploads\/2025\/02\/Invitations-aux-artistes-300x113.jpg 300w, https:\/\/galeriebecot.com\/wp-content\/uploads\/2025\/02\/Invitations-aux-artistes-768x289.jpg 768w, https:\/\/galeriebecot.com\/wp-content\/uploads\/2025\/02\/Invitations-aux-artistes-1536x578.jpg 1536w, https:\/\/galeriebecot.com\/wp-content\/uploads\/2025\/02\/Invitations-aux-artistes.jpg 1581w\" sizes=\"auto, (max-width: 1024px) 100vw, 1024px\" \/><\/a><\/figure>\n\n\n\n<p class=\"wp-block-paragraph\">F\u00e9vrier 2025<br>Consultation citoyenne sur l\u2019avenir des biblioth\u00e8ques de la Ville de Qu\u00e9bec&nbsp;\u00c9quit\u00e9 envers les arts visuels et les artistes<\/p>\n\n\n\n<p class=\"wp-block-paragraph\">Puisque la ville de Qu\u00e9bec proc\u00e8de actuellement \u00e0 une consultation citoyenne sur&nbsp;l\u2019avenir des&nbsp;biblioth\u00e8ques, au nom de la communaut\u00e9 des artistes en arts visuels de la ville, nous revendiquons une consid\u00e9ration \u00e9quitable des investissements publics, amenant la mise en place&nbsp;d\u2019espaces d\u2019expositions d\u00e9di\u00e9s aux artistes en arts visuels, toutes d\u00e9marches confondues&nbsp;et toutes g\u00e9n\u00e9rations confondues, dans les 26&nbsp;biblioth\u00e8ques, incluant la mise en place d\u2019une gestion&nbsp;ad\u00e9quate.<\/p>\n\n\n\n<p class=\"wp-block-paragraph\">Les biblioth\u00e8ques sont un lieu vivant du&nbsp;dynamisme culturel, \u00e0 l\u2019\u00e9chelle des pr\u00eats de documents, d\u2019acc\u00e8s \u00e0 des activit\u00e9s de m\u00e9diation culturelle ou de contacts directs avec diff\u00e9rents acteurs de la&nbsp;culture d\u2019ici, or, un pan important semble \u00eatre n\u00e9glig\u00e9 dans ce malstrom de belles intentions, et je parle ici des lieux d\u2019exposition, d\u2019espaces d\u00e9di\u00e9s \u00e0 la mise en valeur du travail d\u2019un plus grand nombre de cr\u00e9ateurs en arts visuels de la ville de Qu\u00e9bec et dans plusieurs d\u00e9marches existantes.<\/p>\n\n\n\n<p class=\"wp-block-paragraph\">Il existe bien quelques timides d\u00e9monstrations d\u2019une volont\u00e9 de mise en lumi\u00e8re des \u0153uvres d\u2019artistes en arts visuels, par exemple, on peut voir quelques cimaises sur roulettes plac\u00e9es au rez-de-chauss\u00e9e de la nouvelle biblioth\u00e8que Gabrielle-Roy, permettant un bref et discret parcours de d\u00e9couverte. Pourtant, dans le long processus de r\u00e9am\u00e9nagement de cette biblioth\u00e8que, on y a pr\u00e9vu une salle de spectacle, plusieurs salles multifonctions ou de prestations diverses, une mini&nbsp;salle de cin\u00e9ma, un espace pour l\u2019informatique et ses apprentissages, un espace famille, une&nbsp;cuisine, un espace horticole&nbsp;et j\u2019en passe, alors qu\u2019aucune salle d\u00e9di\u00e9e \u00e0 la mise en valeur des artistes en arts visuels n\u2019a \u00e9t\u00e9&nbsp;planifi\u00e9e ? Cela est aberrant.&nbsp;Bien s\u00fbr, il y a des \u0153uvres&nbsp;permanentes, celles de la politique du 1%, la tr\u00e8s belle murale de Jordi Bonet, le tableau de Gabrielle Roy peint par Jean-Paul Lemieux, les oiseaux de Marcel Jean et quelques autres, mais&nbsp;ces \u0153uvres sont l\u00e0 de fa\u00e7on permanente et les usagers finissent par ne plus les voir car l\u2019aspect \u2018\u2019d\u00e9couverte\u2019\u2019 est pass\u00e9 \u00e0 la dimension \u2018\u2019d\u00e9corative\u2019\u2019.<\/p>\n\n\n\n<p class=\"wp-block-paragraph\">Les usagers qui fr\u00e9quentent les biblioth\u00e8ques sont \u00e9galement ceux qui s\u2019int\u00e9ressent \u00e0 l\u2019art et \u00e0 ses&nbsp;diff\u00e9rentes facettes. Si on aborde cette question sur le plan du d\u00e9veloppement de march\u00e9s, on peut dire que les biblioth\u00e8ques visent la m\u00eame client\u00e8le que les artistes en arts visuels et je ne parle pas ici du&nbsp;\u2018\u2019commerce\u2019\u2019 de l\u2019art, je parle bien de l\u2019int\u00e9r\u00eat envers l\u2019art et ses cr\u00e9ateurs.&nbsp;Comment est-il possible de n\u00e9gliger les innombrables artistes, payeurs de taxes, citoyens de la ville comme tous les autres citoyens, professionnels, parfois de long parcours et dans leur d\u00e9marche personnelle et surtout,&nbsp;\u00e0 la recherche de lieux pour montrer leurs \u0153uvres et recevoir, un tant soit peu, une reconnaissance de leur r\u00f4le culturel dans une communaut\u00e9 citoyenne pourtant culturellement rayonnante ?<\/p>\n\n\n\n<p class=\"wp-block-paragraph\">Comme exemple compl\u00e9mentaire et puisqu\u2019il est question d\u2019une prochaine r\u00e9novation de la\u00a0biblioth\u00e8que \u00c9tienne-Parent\u00a0dans l\u2019arrondissement de Beauport, permettez-moi un retour sur certains faits constat\u00e9s dans un pass\u00e9 rapproch\u00e9. Dans cette biblioth\u00e8que, et ce jusque vers 2018,\u00a0il y avait une tr\u00e8s belle et spacieuse salle d\u2019exposition qui portait le nom \u00e9vocateur de\u00a0<em>Salle Jean Paul Lemieux<\/em>. Un riche programme\u00a0d\u2019expositions\u00a0permettait\u00a0la pr\u00e9sentation d\u2019\u0153uvres d\u2019artistes de\u00a0la ville de Qu\u00e9bec et\u00a0parfois de l\u2019ext\u00e9rieur, ainsi qu\u2019au moins une exposition de caract\u00e8re historique par ann\u00e9e. D\u2019ailleurs, le nom de la salle appara\u00eet toujours en fa\u00e7ade de l\u2019\u00e9difice et\u00a0la salle existe toujours, physiquement du moins.<\/p>\n\n\n\n<p class=\"wp-block-paragraph\">La salle \u00e9tait totalement d\u00e9di\u00e9e \u00e0 la mise en valeur de ce qui y \u00e9tait expos\u00e9, mais trois organismes&nbsp;s\u2019en partageaient l\u2019utilisation, selon diff\u00e9rents besoins et missions, soit, la&nbsp;<em>Soci\u00e9t\u00e9 d\u2019art et d\u2019histoire&nbsp;<\/em><em>de Beauport&nbsp;<\/em>pour le programme des expositions,&nbsp;<em>l\u2019\u00e9cole de musique des Cascades&nbsp;<\/em>pour leurs concerts occasionnels, toujours pr\u00e9sent\u00e9s les dimanches matin, et la biblioth\u00e8que elle-m\u00eame pour ses besoins en animation et accueil de groupes divers. Ce partage entre les trois organismes \u00e9tait de bon aloi et se passait dans une parfaite entente.<\/p>\n\n\n\n<p class=\"wp-block-paragraph\">Une grande vitalit\u00e9 \u00e9tait ainsi assur\u00e9e \u00e0 ce lieu tr\u00e8s fr\u00e9quent\u00e9, non seulement par les usagers de&nbsp;la biblioth\u00e8que, mais aussi par les amateurs d\u2019art et par les curieux de d\u00e9couvertes culturelles, sans oublier que l\u2019endroit, qui a exist\u00e9 d\u00e8s l\u2019ouverture de la biblioth\u00e8que&nbsp;en 1995, avait su se cr\u00e9er une r\u00e9putation enviable et offrait aux artistes en arts visuels la possibilit\u00e9 de pr\u00e9senter des&nbsp;demandes en vue d\u2019\u00e9ventuellement y exposer. Un programme de + ou \u2013&nbsp;8 expositions par ann\u00e9e&nbsp;y \u00e9tait pr\u00e9par\u00e9 et les statistiques de fr\u00e9quentation \u00e9taient excellentes, puisqu\u2019il y avait synergie entre 2 instances ciblant les m\u00eames types d\u2019usagers. N\u2019est-ce pas logique ?<\/p>\n\n\n\n<p class=\"wp-block-paragraph\">Quelques temps avant de constater la fermeture de cette salle, on a vu se construire&nbsp;l\u2019ar\u00e9na Marc- Simoneau, comprenant 2 patinoires et au moins un terrain de soccer couvert,&nbsp;en plus d\u2019un&nbsp;nouveau terrain de soccer ext\u00e9rieur, alors qu\u2019il en existait d\u00e9j\u00e0 un tout pr\u00e8s.&nbsp;Cela se passait sous&nbsp;nos yeux, juste de l\u2019autre c\u00f4t\u00e9 de l\u2019autoroute et bien&nbsp;s\u00fbr,&nbsp;c\u2019est&nbsp;\u00e0 coup de millions de dollars que ces installations se&nbsp;concr\u00e9tisaient. Presqu\u2019en m\u00eame temps, la ville a vu \u00e0 la construction d\u2019une&nbsp;piscine ext\u00e9rieure, avec parcs et am\u00e9nagements compl\u00e9mentaires, juste derri\u00e8re la biblioth\u00e8que \u00c9tienne-Parent, alors qu\u2019on&nbsp;fermait une salle d\u2019exposition largement utilis\u00e9e, au succ\u00e8s confirm\u00e9 et&nbsp;appr\u00e9ci\u00e9e par la communaut\u00e9 des artistes en arts visuels de la ville de Qu\u00e9bec.&nbsp;Cherchez l\u2019erreur.<\/p>\n\n\n\n<p class=\"wp-block-paragraph\">Comprenons bien ici qu\u2019il ne s\u2019agit pas de placer en opposition les activit\u00e9s sportives et ses infrastructures. Nous convenons tous que l\u2019activit\u00e9 physique et l\u2019acc\u00e8s \u00e0 ces activit\u00e9s soient&nbsp;importantes pour les familles et la g\u00e9n\u00e9ration montante, non, la question ici en est une de simple \u00e9quit\u00e9. Comment se fait-il qu\u2019on ne pense pas aux&nbsp;nombreux cr\u00e9ateurs en arts visuels&nbsp;et \u00e0 l\u2019acc\u00e8s&nbsp;\u00e0 un plus grand nombre de lieux de mise en valeur, d\u00e9di\u00e9s, exclusifs, accessibles, dans ces&nbsp;endroits qu\u2019on dit culturels et universels que sont les biblioth\u00e8ques ?<\/p>\n\n\n\n<p class=\"wp-block-paragraph\">Nous remercions les conseillers et les gestionnaires pour l\u2019attention port\u00e9e \u00e0 nos demandes. La vitalit\u00e9 culturelle de la ville n\u2019en sera que plus riche et connect\u00e9e au dynamisme existant en arts&nbsp;visuels.<\/p>\n\n\n\n<figure class=\"wp-block-image size-large\"><a href=\"https:\/\/www.galeriebecot.com\/wp-content\/uploads\/2025\/02\/Tout-va-bien-1.jpg\"><img loading=\"lazy\" decoding=\"async\" width=\"1024\" height=\"1001\" src=\"https:\/\/www.galeriebecot.com\/wp-content\/uploads\/2025\/02\/Tout-va-bien-1-1024x1001.jpg\" alt=\"\" class=\"wp-image-20225\" srcset=\"https:\/\/galeriebecot.com\/wp-content\/uploads\/2025\/02\/Tout-va-bien-1-1024x1001.jpg 1024w, https:\/\/galeriebecot.com\/wp-content\/uploads\/2025\/02\/Tout-va-bien-1-300x293.jpg 300w, https:\/\/galeriebecot.com\/wp-content\/uploads\/2025\/02\/Tout-va-bien-1-768x750.jpg 768w, https:\/\/galeriebecot.com\/wp-content\/uploads\/2025\/02\/Tout-va-bien-1.jpg 1224w\" sizes=\"auto, (max-width: 1024px) 100vw, 1024px\" \/><\/a><\/figure>\n\n\n\n<figure class=\"wp-block-image size-large\"><a href=\"https:\/\/www.galeriebecot.com\/wp-content\/uploads\/2025\/02\/Tout-va-bien-2.jpg\"><img loading=\"lazy\" decoding=\"async\" width=\"808\" height=\"1024\" src=\"https:\/\/www.galeriebecot.com\/wp-content\/uploads\/2025\/02\/Tout-va-bien-2-808x1024.jpg\" alt=\"\" class=\"wp-image-20226\" srcset=\"https:\/\/galeriebecot.com\/wp-content\/uploads\/2025\/02\/Tout-va-bien-2-808x1024.jpg 808w, https:\/\/galeriebecot.com\/wp-content\/uploads\/2025\/02\/Tout-va-bien-2-237x300.jpg 237w, https:\/\/galeriebecot.com\/wp-content\/uploads\/2025\/02\/Tout-va-bien-2-768x974.jpg 768w, https:\/\/galeriebecot.com\/wp-content\/uploads\/2025\/02\/Tout-va-bien-2-1211x1536.jpg 1211w, https:\/\/galeriebecot.com\/wp-content\/uploads\/2025\/02\/Tout-va-bien-2.jpg 1224w\" sizes=\"auto, (max-width: 808px) 100vw, 808px\" \/><\/a><\/figure>\n\n\n\n<figure class=\"wp-block-image size-large is-resized\"><a href=\"https:\/\/www.galeriebecot.com\/wp-content\/uploads\/2025\/02\/tout-va-bien3.jpg\"><img loading=\"lazy\" decoding=\"async\" src=\"https:\/\/www.galeriebecot.com\/wp-content\/uploads\/2025\/02\/tout-va-bien3-597x1024.jpg\" alt=\"\" class=\"wp-image-20227\" width=\"781\" height=\"1340\" srcset=\"https:\/\/galeriebecot.com\/wp-content\/uploads\/2025\/02\/tout-va-bien3-597x1024.jpg 597w, https:\/\/galeriebecot.com\/wp-content\/uploads\/2025\/02\/tout-va-bien3-175x300.jpg 175w, https:\/\/galeriebecot.com\/wp-content\/uploads\/2025\/02\/tout-va-bien3-896x1536.jpg 896w, https:\/\/galeriebecot.com\/wp-content\/uploads\/2025\/02\/tout-va-bien3.jpg 1224w\" sizes=\"auto, (max-width: 781px) 100vw, 781px\" \/><\/a><\/figure>\n\n\n\n<figure class=\"wp-block-image size-large is-resized\"><a href=\"https:\/\/www.galeriebecot.com\/wp-content\/uploads\/2025\/02\/Tout-va-bien4.jpg\"><img loading=\"lazy\" decoding=\"async\" src=\"https:\/\/www.galeriebecot.com\/wp-content\/uploads\/2025\/02\/Tout-va-bien4-623x1024.jpg\" alt=\"\" class=\"wp-image-20228\" width=\"762\" height=\"1252\" srcset=\"https:\/\/galeriebecot.com\/wp-content\/uploads\/2025\/02\/Tout-va-bien4-623x1024.jpg 623w, https:\/\/galeriebecot.com\/wp-content\/uploads\/2025\/02\/Tout-va-bien4-183x300.jpg 183w, https:\/\/galeriebecot.com\/wp-content\/uploads\/2025\/02\/Tout-va-bien4-768x1262.jpg 768w, https:\/\/galeriebecot.com\/wp-content\/uploads\/2025\/02\/Tout-va-bien4-935x1536.jpg 935w, https:\/\/galeriebecot.com\/wp-content\/uploads\/2025\/02\/Tout-va-bien4.jpg 1224w\" sizes=\"auto, (max-width: 762px) 100vw, 762px\" \/><\/a><\/figure>\n\n\n\n<figure class=\"wp-block-image size-large\"><a href=\"https:\/\/www.galeriebecot.com\/wp-content\/uploads\/2025\/02\/Tout-va-bien-5.jpg\"><img loading=\"lazy\" decoding=\"async\" width=\"922\" height=\"1024\" src=\"https:\/\/www.galeriebecot.com\/wp-content\/uploads\/2025\/02\/Tout-va-bien-5-922x1024.jpg\" alt=\"\" class=\"wp-image-20229\" srcset=\"https:\/\/galeriebecot.com\/wp-content\/uploads\/2025\/02\/Tout-va-bien-5-922x1024.jpg 922w, https:\/\/galeriebecot.com\/wp-content\/uploads\/2025\/02\/Tout-va-bien-5-270x300.jpg 270w, https:\/\/galeriebecot.com\/wp-content\/uploads\/2025\/02\/Tout-va-bien-5-768x853.jpg 768w, https:\/\/galeriebecot.com\/wp-content\/uploads\/2025\/02\/Tout-va-bien-5.jpg 1224w\" sizes=\"auto, (max-width: 922px) 100vw, 922px\" \/><\/a><\/figure>\n\n\n\n<figure class=\"wp-block-image size-large\"><a href=\"https:\/\/www.galeriebecot.com\/wp-content\/uploads\/2025\/02\/Crise11.jpg\"><img loading=\"lazy\" decoding=\"async\" width=\"1024\" height=\"924\" src=\"https:\/\/www.galeriebecot.com\/wp-content\/uploads\/2025\/02\/Crise11-1024x924.jpg\" alt=\"\" class=\"wp-image-20236\" srcset=\"https:\/\/galeriebecot.com\/wp-content\/uploads\/2025\/02\/Crise11-1024x924.jpg 1024w, https:\/\/galeriebecot.com\/wp-content\/uploads\/2025\/02\/Crise11-300x271.jpg 300w, https:\/\/galeriebecot.com\/wp-content\/uploads\/2025\/02\/Crise11-768x693.jpg 768w, https:\/\/galeriebecot.com\/wp-content\/uploads\/2025\/02\/Crise11.jpg 1224w\" sizes=\"auto, (max-width: 1024px) 100vw, 1024px\" \/><\/a><\/figure>\n\n\n\n<figure class=\"wp-block-image size-large is-resized\"><a href=\"https:\/\/www.galeriebecot.com\/wp-content\/uploads\/2025\/02\/Crise12.jpg\"><img loading=\"lazy\" decoding=\"async\" src=\"https:\/\/www.galeriebecot.com\/wp-content\/uploads\/2025\/02\/Crise12-1024x582.jpg\" alt=\"\" class=\"wp-image-20237\" width=\"892\" height=\"507\" srcset=\"https:\/\/galeriebecot.com\/wp-content\/uploads\/2025\/02\/Crise12-1024x582.jpg 1024w, https:\/\/galeriebecot.com\/wp-content\/uploads\/2025\/02\/Crise12-300x171.jpg 300w, https:\/\/galeriebecot.com\/wp-content\/uploads\/2025\/02\/Crise12-768x437.jpg 768w, https:\/\/galeriebecot.com\/wp-content\/uploads\/2025\/02\/Crise12.jpg 1224w\" sizes=\"auto, (max-width: 892px) 100vw, 892px\" \/><\/a><\/figure>\n\n\n\n<figure class=\"wp-block-image size-large\"><a href=\"https:\/\/www.galeriebecot.com\/wp-content\/uploads\/2025\/02\/Crise-2a.jpg\"><img loading=\"lazy\" decoding=\"async\" width=\"842\" height=\"1024\" src=\"https:\/\/www.galeriebecot.com\/wp-content\/uploads\/2025\/02\/Crise-2a-842x1024.jpg\" alt=\"\" class=\"wp-image-20232\" srcset=\"https:\/\/galeriebecot.com\/wp-content\/uploads\/2025\/02\/Crise-2a-842x1024.jpg 842w, https:\/\/galeriebecot.com\/wp-content\/uploads\/2025\/02\/Crise-2a-247x300.jpg 247w, https:\/\/galeriebecot.com\/wp-content\/uploads\/2025\/02\/Crise-2a-768x934.jpg 768w, https:\/\/galeriebecot.com\/wp-content\/uploads\/2025\/02\/Crise-2a.jpg 1224w\" sizes=\"auto, (max-width: 842px) 100vw, 842px\" \/><\/a><\/figure>\n\n\n\n<figure class=\"wp-block-image size-large\"><a href=\"https:\/\/www.galeriebecot.com\/wp-content\/uploads\/2025\/02\/Crise-2b.jpg\"><img loading=\"lazy\" decoding=\"async\" width=\"1012\" height=\"1024\" src=\"https:\/\/www.galeriebecot.com\/wp-content\/uploads\/2025\/02\/Crise-2b-1012x1024.jpg\" alt=\"\" class=\"wp-image-20233\" srcset=\"https:\/\/galeriebecot.com\/wp-content\/uploads\/2025\/02\/Crise-2b-1012x1024.jpg 1012w, https:\/\/galeriebecot.com\/wp-content\/uploads\/2025\/02\/Crise-2b-297x300.jpg 297w, https:\/\/galeriebecot.com\/wp-content\/uploads\/2025\/02\/Crise-2b-768x777.jpg 768w, https:\/\/galeriebecot.com\/wp-content\/uploads\/2025\/02\/Crise-2b.jpg 1224w\" sizes=\"auto, (max-width: 1012px) 100vw, 1012px\" \/><\/a><\/figure>\n\n\n\n<figure class=\"wp-block-image size-large is-resized\"><a href=\"https:\/\/www.galeriebecot.com\/wp-content\/uploads\/2025\/02\/crise3.jpg\"><img loading=\"lazy\" decoding=\"async\" src=\"https:\/\/www.galeriebecot.com\/wp-content\/uploads\/2025\/02\/crise3-706x1024.jpg\" alt=\"\" class=\"wp-image-20234\" width=\"812\" height=\"1178\" srcset=\"https:\/\/galeriebecot.com\/wp-content\/uploads\/2025\/02\/crise3-706x1024.jpg 706w, https:\/\/galeriebecot.com\/wp-content\/uploads\/2025\/02\/crise3-207x300.jpg 207w, https:\/\/galeriebecot.com\/wp-content\/uploads\/2025\/02\/crise3-768x1114.jpg 768w, https:\/\/galeriebecot.com\/wp-content\/uploads\/2025\/02\/crise3-1059x1536.jpg 1059w, https:\/\/galeriebecot.com\/wp-content\/uploads\/2025\/02\/crise3.jpg 1224w\" sizes=\"auto, (max-width: 812px) 100vw, 812px\" \/><\/a><\/figure>\n","protected":false},"excerpt":{"rendered":"<p>Hier soir, le 27 f\u00e9vrier 2025, nous avons particip\u00e9 \u00e0 une r\u00e9union de consultation portant sur l&rsquo;am\u00e9lioration des politiques des biblioth\u00e8ques de la ville de Qu\u00e9bec. Cette rencontre a \u00e9t\u00e9&hellip; <\/p>\n","protected":false},"author":1,"featured_media":0,"comment_status":"open","ping_status":"open","sticky":false,"template":"","format":"standard","meta":{"_exactmetrics_skip_tracking":false,"_exactmetrics_sitenote_active":false,"_exactmetrics_sitenote_note":"","_exactmetrics_sitenote_category":0,"footnotes":""},"categories":[20,27],"tags":[34,1877,4872,67,4871,4876,4870,4877,736,58,4873,4874,37],"class_list":["post-20224","post","type-post","status-publish","format-standard","hentry","category-article-descriptif","category-artistes","tag-andre-becot","tag-calq","tag-christian-lapointe","tag-club-des-collectionneurs-en-arts-visuels-de-quebec-marc-bellemare","tag-education","tag-front-commun","tag-gerard-bouchard","tag-industrie-culturelle","tag-le-devoir","tag-marc-bellemare-collectionneur","tag-marie-france-coallier","tag-northvolt","tag-studio-becot"],"_links":{"self":[{"href":"https:\/\/galeriebecot.com\/index.php?rest_route=\/wp\/v2\/posts\/20224","targetHints":{"allow":["GET"]}}],"collection":[{"href":"https:\/\/galeriebecot.com\/index.php?rest_route=\/wp\/v2\/posts"}],"about":[{"href":"https:\/\/galeriebecot.com\/index.php?rest_route=\/wp\/v2\/types\/post"}],"author":[{"embeddable":true,"href":"https:\/\/galeriebecot.com\/index.php?rest_route=\/wp\/v2\/users\/1"}],"replies":[{"embeddable":true,"href":"https:\/\/galeriebecot.com\/index.php?rest_route=%2Fwp%2Fv2%2Fcomments&post=20224"}],"version-history":[{"count":11,"href":"https:\/\/galeriebecot.com\/index.php?rest_route=\/wp\/v2\/posts\/20224\/revisions"}],"predecessor-version":[{"id":20274,"href":"https:\/\/galeriebecot.com\/index.php?rest_route=\/wp\/v2\/posts\/20224\/revisions\/20274"}],"wp:attachment":[{"href":"https:\/\/galeriebecot.com\/index.php?rest_route=%2Fwp%2Fv2%2Fmedia&parent=20224"}],"wp:term":[{"taxonomy":"category","embeddable":true,"href":"https:\/\/galeriebecot.com\/index.php?rest_route=%2Fwp%2Fv2%2Fcategories&post=20224"},{"taxonomy":"post_tag","embeddable":true,"href":"https:\/\/galeriebecot.com\/index.php?rest_route=%2Fwp%2Fv2%2Ftags&post=20224"}],"curies":[{"name":"wp","href":"https:\/\/api.w.org\/{rel}","templated":true}]}}