{"id":20158,"date":"2025-04-13T15:31:00","date_gmt":"2025-04-13T19:31:00","guid":{"rendered":"https:\/\/www.clubdescollectionneursenartsvisuelsdequebec.com\/?p=20158"},"modified":"2025-04-13T17:13:42","modified_gmt":"2025-04-13T21:13:42","slug":"folie-madness-serie-icone-politique","status":"publish","type":"post","link":"https:\/\/galeriebecot.com\/?p=20158","title":{"rendered":"Folie\/ Madness, s\u00e9rie Ic\u00f4ne Politique."},"content":{"rendered":"\n<figure class=\"wp-block-image size-large\"><a href=\"https:\/\/www.galeriebecot.com\/wp-content\/uploads\/2025\/04\/Diouf-Titre.jpg\"><img loading=\"lazy\" decoding=\"async\" width=\"832\" height=\"1024\" src=\"https:\/\/www.galeriebecot.com\/wp-content\/uploads\/2025\/04\/Diouf-Titre-832x1024.jpg\" alt=\"\" class=\"wp-image-20446\" srcset=\"https:\/\/galeriebecot.com\/wp-content\/uploads\/2025\/04\/Diouf-Titre-832x1024.jpg 832w, https:\/\/galeriebecot.com\/wp-content\/uploads\/2025\/04\/Diouf-Titre-244x300.jpg 244w, https:\/\/galeriebecot.com\/wp-content\/uploads\/2025\/04\/Diouf-Titre-768x946.jpg 768w, https:\/\/galeriebecot.com\/wp-content\/uploads\/2025\/04\/Diouf-Titre.jpg 1224w\" sizes=\"auto, (max-width: 832px) 100vw, 832px\" \/><\/a><\/figure>\n\n\n\n<figure class=\"wp-block-image size-large\"><a href=\"https:\/\/www.galeriebecot.com\/wp-content\/uploads\/2025\/04\/Diouf1.jpg\"><img loading=\"lazy\" decoding=\"async\" width=\"800\" height=\"1024\" src=\"https:\/\/www.galeriebecot.com\/wp-content\/uploads\/2025\/04\/Diouf1-800x1024.jpg\" alt=\"\" class=\"wp-image-20447\" srcset=\"https:\/\/galeriebecot.com\/wp-content\/uploads\/2025\/04\/Diouf1-800x1024.jpg 800w, https:\/\/galeriebecot.com\/wp-content\/uploads\/2025\/04\/Diouf1-234x300.jpg 234w, https:\/\/galeriebecot.com\/wp-content\/uploads\/2025\/04\/Diouf1-768x983.jpg 768w, https:\/\/galeriebecot.com\/wp-content\/uploads\/2025\/04\/Diouf1-1200x1536.jpg 1200w, https:\/\/galeriebecot.com\/wp-content\/uploads\/2025\/04\/Diouf1.jpg 1224w\" sizes=\"auto, (max-width: 800px) 100vw, 800px\" \/><\/a><\/figure>\n\n\n\n<figure class=\"wp-block-image size-large\"><a href=\"https:\/\/www.galeriebecot.com\/wp-content\/uploads\/2025\/04\/Diouf3-copie.jpg\"><img loading=\"lazy\" decoding=\"async\" width=\"791\" height=\"1024\" src=\"https:\/\/www.galeriebecot.com\/wp-content\/uploads\/2025\/04\/Diouf3-copie-791x1024.jpg\" alt=\"\" class=\"wp-image-20449\" srcset=\"https:\/\/galeriebecot.com\/wp-content\/uploads\/2025\/04\/Diouf3-copie-791x1024.jpg 791w, https:\/\/galeriebecot.com\/wp-content\/uploads\/2025\/04\/Diouf3-copie-232x300.jpg 232w, https:\/\/galeriebecot.com\/wp-content\/uploads\/2025\/04\/Diouf3-copie-768x994.jpg 768w, https:\/\/galeriebecot.com\/wp-content\/uploads\/2025\/04\/Diouf3-copie-1187x1536.jpg 1187w, https:\/\/galeriebecot.com\/wp-content\/uploads\/2025\/04\/Diouf3-copie.jpg 1224w\" sizes=\"auto, (max-width: 791px) 100vw, 791px\" \/><\/a><\/figure>\n\n\n\n<figure class=\"wp-block-image size-large\"><a href=\"https:\/\/www.galeriebecot.com\/wp-content\/uploads\/2025\/04\/Diouf-4.jpg\"><img loading=\"lazy\" decoding=\"async\" width=\"1024\" height=\"530\" src=\"https:\/\/www.galeriebecot.com\/wp-content\/uploads\/2025\/04\/Diouf-4-1024x530.jpg\" alt=\"\" class=\"wp-image-20450\" srcset=\"https:\/\/galeriebecot.com\/wp-content\/uploads\/2025\/04\/Diouf-4-1024x530.jpg 1024w, https:\/\/galeriebecot.com\/wp-content\/uploads\/2025\/04\/Diouf-4-300x155.jpg 300w, https:\/\/galeriebecot.com\/wp-content\/uploads\/2025\/04\/Diouf-4-768x398.jpg 768w, https:\/\/galeriebecot.com\/wp-content\/uploads\/2025\/04\/Diouf-4.jpg 1224w\" sizes=\"auto, (max-width: 1024px) 100vw, 1024px\" \/><\/a><\/figure>\n\n\n\n<figure class=\"wp-block-image size-large\"><a href=\"https:\/\/www.galeriebecot.com\/wp-content\/uploads\/2025\/04\/Diouf-5.jpg\"><img loading=\"lazy\" decoding=\"async\" width=\"820\" height=\"1024\" src=\"https:\/\/www.galeriebecot.com\/wp-content\/uploads\/2025\/04\/Diouf-5-820x1024.jpg\" alt=\"\" class=\"wp-image-20451\" srcset=\"https:\/\/galeriebecot.com\/wp-content\/uploads\/2025\/04\/Diouf-5-820x1024.jpg 820w, https:\/\/galeriebecot.com\/wp-content\/uploads\/2025\/04\/Diouf-5-240x300.jpg 240w, https:\/\/galeriebecot.com\/wp-content\/uploads\/2025\/04\/Diouf-5-768x959.jpg 768w, https:\/\/galeriebecot.com\/wp-content\/uploads\/2025\/04\/Diouf-5.jpg 1224w\" sizes=\"auto, (max-width: 820px) 100vw, 820px\" \/><\/a><\/figure>\n\n\n\n<figure class=\"wp-block-image size-large\"><a href=\"https:\/\/www.galeriebecot.com\/wp-content\/uploads\/2025\/04\/Diouf6.jpg\"><img loading=\"lazy\" decoding=\"async\" width=\"1024\" height=\"784\" src=\"https:\/\/www.galeriebecot.com\/wp-content\/uploads\/2025\/04\/Diouf6-1024x784.jpg\" alt=\"\" class=\"wp-image-20452\" srcset=\"https:\/\/galeriebecot.com\/wp-content\/uploads\/2025\/04\/Diouf6-1024x784.jpg 1024w, https:\/\/galeriebecot.com\/wp-content\/uploads\/2025\/04\/Diouf6-300x230.jpg 300w, https:\/\/galeriebecot.com\/wp-content\/uploads\/2025\/04\/Diouf6-768x588.jpg 768w, https:\/\/galeriebecot.com\/wp-content\/uploads\/2025\/04\/Diouf6.jpg 1224w\" sizes=\"auto, (max-width: 1024px) 100vw, 1024px\" \/><\/a><\/figure>\n\n\n\n<p class=\"wp-block-paragraph\">\u00ab\u00a0Exclusivit\u00e9 ! Une nouvelle \u0153uvre de l&rsquo;artiste Andr\u00e9<strong> B\u00e9cot<\/strong> est d\u00e9sormais disponible. Cette pi\u00e8ce, tir\u00e9e en \u00e9dition limit\u00e9e \u00e0 25 exemplaires, vient enrichir sa s\u00e9rie <strong><em>Ic\u00f4ne Politique<\/em>.<\/strong>\u00ab\u00a0<\/p>\n\n\n\n<p class=\"wp-block-paragraph\">\u00ab\u00a0Exclusive! A new work by the artist Andr\u00e9 <strong>B\u00e9cot<\/strong> is now available. This piece, limited to 25 copies, adds to his <strong>Political Icon <\/strong>series.\u00a0\u00bb<\/p>\n\n\n\n<figure class=\"wp-block-image size-full\"><a href=\"https:\/\/www.galeriebecot.com\/wp-content\/uploads\/2025\/02\/FBSeriepolitique-francais11.jpg\"><img loading=\"lazy\" decoding=\"async\" width=\"576\" height=\"768\" src=\"https:\/\/www.galeriebecot.com\/wp-content\/uploads\/2025\/02\/FBSeriepolitique-francais11.jpg\" alt=\"\" class=\"wp-image-20220\" srcset=\"https:\/\/galeriebecot.com\/wp-content\/uploads\/2025\/02\/FBSeriepolitique-francais11.jpg 576w, https:\/\/galeriebecot.com\/wp-content\/uploads\/2025\/02\/FBSeriepolitique-francais11-225x300.jpg 225w\" sizes=\"auto, (max-width: 576px) 100vw, 576px\" \/><\/a><\/figure>\n\n\n\n<p class=\"wp-block-paragraph\"><\/p>\n\n\n\n<p class=\"wp-block-paragraph\"><\/p>\n\n\n\n<p class=\"wp-block-paragraph\"><\/p>\n","protected":false},"excerpt":{"rendered":"<p>\u00ab\u00a0Exclusivit\u00e9 ! Une nouvelle \u0153uvre de l&rsquo;artiste Andr\u00e9 B\u00e9cot est d\u00e9sormais disponible. Cette pi\u00e8ce, tir\u00e9e en \u00e9dition limit\u00e9e \u00e0 25 exemplaires, vient enrichir sa s\u00e9rie Ic\u00f4ne Politique.\u00ab\u00a0 \u00ab\u00a0Exclusive! A new&hellip; <\/p>\n","protected":false},"author":1,"featured_media":0,"comment_status":"open","ping_status":"open","sticky":false,"template":"","format":"standard","meta":{"_exactmetrics_skip_tracking":false,"_exactmetrics_sitenote_active":false,"_exactmetrics_sitenote_note":"","_exactmetrics_sitenote_category":0,"footnotes":""},"categories":[27,218],"tags":[34,6,35,4869,58,37,40],"class_list":["post-20158","post","type-post","status-publish","format-standard","hentry","category-artistes","category-galerie-becot-2","tag-andre-becot","tag-club-des-collectionneurs-en-arts-visuels-de-quebec","tag-foire-en-arts-actuel","tag-icone-politique","tag-marc-bellemare-collectionneur","tag-studio-becot","tag-visuals-arts"],"_links":{"self":[{"href":"https:\/\/galeriebecot.com\/index.php?rest_route=\/wp\/v2\/posts\/20158","targetHints":{"allow":["GET"]}}],"collection":[{"href":"https:\/\/galeriebecot.com\/index.php?rest_route=\/wp\/v2\/posts"}],"about":[{"href":"https:\/\/galeriebecot.com\/index.php?rest_route=\/wp\/v2\/types\/post"}],"author":[{"embeddable":true,"href":"https:\/\/galeriebecot.com\/index.php?rest_route=\/wp\/v2\/users\/1"}],"replies":[{"embeddable":true,"href":"https:\/\/galeriebecot.com\/index.php?rest_route=%2Fwp%2Fv2%2Fcomments&post=20158"}],"version-history":[{"count":14,"href":"https:\/\/galeriebecot.com\/index.php?rest_route=\/wp\/v2\/posts\/20158\/revisions"}],"predecessor-version":[{"id":20453,"href":"https:\/\/galeriebecot.com\/index.php?rest_route=\/wp\/v2\/posts\/20158\/revisions\/20453"}],"wp:attachment":[{"href":"https:\/\/galeriebecot.com\/index.php?rest_route=%2Fwp%2Fv2%2Fmedia&parent=20158"}],"wp:term":[{"taxonomy":"category","embeddable":true,"href":"https:\/\/galeriebecot.com\/index.php?rest_route=%2Fwp%2Fv2%2Fcategories&post=20158"},{"taxonomy":"post_tag","embeddable":true,"href":"https:\/\/galeriebecot.com\/index.php?rest_route=%2Fwp%2Fv2%2Ftags&post=20158"}],"curies":[{"name":"wp","href":"https:\/\/api.w.org\/{rel}","templated":true}]}}