{"id":20097,"date":"2025-01-25T14:03:37","date_gmt":"2025-01-25T19:03:37","guid":{"rendered":"https:\/\/www.clubdescollectionneursenartsvisuelsdequebec.com\/?p=20097"},"modified":"2025-01-26T13:42:28","modified_gmt":"2025-01-26T18:42:28","slug":"oeuvre-de-walter-del-mistro-et-de-lopinion-de-lartiste-m-gerometta","status":"publish","type":"post","link":"https:\/\/galeriebecot.com\/?p=20097","title":{"rendered":"Oeuvre de Walter del Mistro , l&rsquo;opinion de l&rsquo;artiste M.Giovanni Gerometta et celle  de Denys Arcand"},"content":{"rendered":"\n<figure class=\"wp-block-image size-large is-resized\"><a href=\"https:\/\/www.galeriebecot.com\/wp-content\/uploads\/2025\/01\/Maire33.jpg\"><img loading=\"lazy\" decoding=\"async\" src=\"https:\/\/www.galeriebecot.com\/wp-content\/uploads\/2025\/01\/Maire33-620x1024.jpg\" alt=\"\" class=\"wp-image-20098\" width=\"529\" height=\"874\" srcset=\"https:\/\/galeriebecot.com\/wp-content\/uploads\/2025\/01\/Maire33-620x1024.jpg 620w, https:\/\/galeriebecot.com\/wp-content\/uploads\/2025\/01\/Maire33-182x300.jpg 182w, https:\/\/galeriebecot.com\/wp-content\/uploads\/2025\/01\/Maire33-768x1268.jpg 768w, https:\/\/galeriebecot.com\/wp-content\/uploads\/2025\/01\/Maire33-930x1536.jpg 930w, https:\/\/galeriebecot.com\/wp-content\/uploads\/2025\/01\/Maire33.jpg 1012w\" sizes=\"auto, (max-width: 529px) 100vw, 529px\" \/><\/a><figcaption>Walter <strong>Del Mistro<\/strong> a \u00e9t\u00e9 un&nbsp;grand artisan des travaux de mosa\u00efques dans la<strong> Basilique \u00e0 Sainte-Anne-de-Beaupr\u00e9<\/strong>, Qu\u00e9bec de 1939 jusqu&rsquo;\u00e0 sa mort ( d\u00e9c\u00e9d\u00e9 en 2003 )<\/figcaption><\/figure>\n\n\n\n<p class=\"wp-block-paragraph\"><a href=\"https:\/\/galeriemontsteanne.com\/artistes\/gerometta-giovanni\/\">L&rsquo;artiste M.Giovanni <strong>Gerometta<\/strong><\/a> se d\u00e9sole de la tendance \u00e0 d\u00e9truire les oeuvres, un peu partout. Il plaide de son c\u00f4t\u00e9 pour la conservation de la mosa\u00efque \u00e0 l&rsquo;h\u00f4tel de ville de Qu\u00e9bec et pour sa mise en contexte sur un panneau explicatif.<\/p>\n\n\n\n<p class=\"wp-block-paragraph\"><a href=\"https:\/\/www.italie.fr\/culture\/mosaique-spilimbergo\/\">\u00c9cole de mosa\u00efque traditionelle<\/a><\/p>\n\n\n\n<figure class=\"wp-block-embed is-type-video is-provider-youtube wp-block-embed-youtube wp-embed-aspect-16-9 wp-has-aspect-ratio\"><div class=\"wp-block-embed__wrapper\">\n<iframe loading=\"lazy\" title=\"MEDITERRANEO A Spilimbergo en Italie \u00e0 la d\u00e9couverte d\u2019une \u00e9cole centenaire qui forme des mosa\u00efstes\" width=\"700\" height=\"394\" src=\"https:\/\/www.youtube.com\/embed\/iK4RTzGNf6c?feature=oembed\" frameborder=\"0\" allow=\"accelerometer; autoplay; clipboard-write; encrypted-media; gyroscope; picture-in-picture; web-share\" referrerpolicy=\"strict-origin-when-cross-origin\" allowfullscreen><\/iframe>\n<\/div><\/figure>\n\n\n\n<figure class=\"wp-block-image size-large is-resized\"><a href=\"https:\/\/www.galeriebecot.com\/wp-content\/uploads\/2025\/01\/Maire.jpg\"><img loading=\"lazy\" decoding=\"async\" src=\"https:\/\/www.galeriebecot.com\/wp-content\/uploads\/2025\/01\/Maire-652x1024.jpg\" alt=\"\" class=\"wp-image-20099\" width=\"537\" height=\"843\" srcset=\"https:\/\/galeriebecot.com\/wp-content\/uploads\/2025\/01\/Maire-652x1024.jpg 652w, https:\/\/galeriebecot.com\/wp-content\/uploads\/2025\/01\/Maire-191x300.jpg 191w, https:\/\/galeriebecot.com\/wp-content\/uploads\/2025\/01\/Maire-768x1207.jpg 768w, https:\/\/galeriebecot.com\/wp-content\/uploads\/2025\/01\/Maire-978x1536.jpg 978w, https:\/\/galeriebecot.com\/wp-content\/uploads\/2025\/01\/Maire.jpg 986w\" sizes=\"auto, (max-width: 537px) 100vw, 537px\" \/><\/a><figcaption>Karine <strong>Gagnon<\/strong> et St\u00e9phanie <strong>Martin<\/strong> , <em>23 janvier 2025<\/em>_ Journal de Qu\u00e9bec<\/figcaption><\/figure>\n\n\n\n<figure class=\"wp-block-image size-large is-resized\"><a href=\"https:\/\/galeriemontsteanne.com\/artistes\/gerometta-giovanni\/\"><img loading=\"lazy\" decoding=\"async\" src=\"https:\/\/www.galeriebecot.com\/wp-content\/uploads\/2025\/01\/Maire-2-OK-740x1024.jpg\" alt=\"\" class=\"wp-image-20100\" width=\"536\" height=\"742\" srcset=\"https:\/\/galeriebecot.com\/wp-content\/uploads\/2025\/01\/Maire-2-OK-740x1024.jpg 740w, https:\/\/galeriebecot.com\/wp-content\/uploads\/2025\/01\/Maire-2-OK-217x300.jpg 217w, https:\/\/galeriebecot.com\/wp-content\/uploads\/2025\/01\/Maire-2-OK-768x1063.jpg 768w, https:\/\/galeriebecot.com\/wp-content\/uploads\/2025\/01\/Maire-2-OK.jpg 987w\" sizes=\"auto, (max-width: 536px) 100vw, 536px\" \/><\/a><\/figure>\n","protected":false},"excerpt":{"rendered":"<p>L&rsquo;artiste M.Giovanni Gerometta se d\u00e9sole de la tendance \u00e0 d\u00e9truire les oeuvres, un peu partout. Il plaide de son c\u00f4t\u00e9 pour la conservation de la mosa\u00efque \u00e0 l&rsquo;h\u00f4tel de ville&hellip; <\/p>\n","protected":false},"author":1,"featured_media":0,"comment_status":"open","ping_status":"open","sticky":false,"template":"","format":"standard","meta":{"_exactmetrics_skip_tracking":false,"_exactmetrics_sitenote_active":false,"_exactmetrics_sitenote_note":"","_exactmetrics_sitenote_category":0,"footnotes":""},"categories":[20,27,31],"tags":[34,735,43,4858,6,66,4860,35,2855,4856,58,4859,4857,2160,37,40,4855,4361],"class_list":["post-20097","post","type-post","status-publish","format-standard","hentry","category-article-descriptif","category-artistes","category-le-journal-de-quebec","tag-andre-becot","tag-artistes","tag-arts-visuels","tag-bruno-marchand","tag-club-des-collectionneurs-en-arts-visuels-de-quebec","tag-club-des-collectionneurs-en-arts-visuels-de-quebec-studio-becot","tag-denys-arcand","tag-foire-en-arts-actuel","tag-karine-gagnon","tag-m-gerometta","tag-marc-bellemare-collectionneur","tag-place-de-paris","tag-samuel-de-champlain","tag-stephanie-martin","tag-studio-becot","tag-visuals-arts","tag-walter-del-mistro","tag-wendake"],"_links":{"self":[{"href":"https:\/\/galeriebecot.com\/index.php?rest_route=\/wp\/v2\/posts\/20097","targetHints":{"allow":["GET"]}}],"collection":[{"href":"https:\/\/galeriebecot.com\/index.php?rest_route=\/wp\/v2\/posts"}],"about":[{"href":"https:\/\/galeriebecot.com\/index.php?rest_route=\/wp\/v2\/types\/post"}],"author":[{"embeddable":true,"href":"https:\/\/galeriebecot.com\/index.php?rest_route=\/wp\/v2\/users\/1"}],"replies":[{"embeddable":true,"href":"https:\/\/galeriebecot.com\/index.php?rest_route=%2Fwp%2Fv2%2Fcomments&post=20097"}],"version-history":[{"count":16,"href":"https:\/\/galeriebecot.com\/index.php?rest_route=\/wp\/v2\/posts\/20097\/revisions"}],"predecessor-version":[{"id":20124,"href":"https:\/\/galeriebecot.com\/index.php?rest_route=\/wp\/v2\/posts\/20097\/revisions\/20124"}],"wp:attachment":[{"href":"https:\/\/galeriebecot.com\/index.php?rest_route=%2Fwp%2Fv2%2Fmedia&parent=20097"}],"wp:term":[{"taxonomy":"category","embeddable":true,"href":"https:\/\/galeriebecot.com\/index.php?rest_route=%2Fwp%2Fv2%2Fcategories&post=20097"},{"taxonomy":"post_tag","embeddable":true,"href":"https:\/\/galeriebecot.com\/index.php?rest_route=%2Fwp%2Fv2%2Ftags&post=20097"}],"curies":[{"name":"wp","href":"https:\/\/api.w.org\/{rel}","templated":true}]}}