{"id":2008,"date":"2014-05-11T13:24:23","date_gmt":"2014-05-11T17:24:23","guid":{"rendered":"http:\/\/www.clubdescollectionneursenartsvisuelsdequebec.com\/?p=2008"},"modified":"2014-05-11T13:35:06","modified_gmt":"2014-05-11T17:35:06","slug":"gilles-rouxlumiere-sur-le-8e-art","status":"publish","type":"post","link":"https:\/\/galeriebecot.com\/?p=2008","title":{"rendered":"Gilles Roux(lumi\u00e8re sur le 8e art)"},"content":{"rendered":"<p><a title=\"Gilles Roux\" href=\"http:\/\/www.lapresse.ca\/le-nouvelliste\/week-end\/201405\/09\/01-4765233-lumiere-sur-le-8e-art-de-gilles-roux.php\"><img loading=\"lazy\" decoding=\"async\" class=\"alignnone size-full wp-image-2009\" src=\"https:\/\/www.galeriebecot.com\/wp-content\/uploads\/2014\/05\/Roux-Gilles.jpg\" alt=\"Roux Gilles\" width=\"641\" height=\"427\" srcset=\"https:\/\/galeriebecot.com\/wp-content\/uploads\/2014\/05\/Roux-Gilles.jpg 641w, https:\/\/galeriebecot.com\/wp-content\/uploads\/2014\/05\/Roux-Gilles-300x199.jpg 300w\" sizes=\"auto, (max-width: 641px) 100vw, 641px\" \/><\/a><\/p>\n<p><a title=\"Gilles Roux\" href=\"http:\/\/www.lapresse.ca\/le-nouvelliste\/week-end\/201405\/09\/01-4765233-lumiere-sur-le-8e-art-de-gilles-roux.php\"><span class=\"Apple-style-span\" style=\"color: #4d4d4d;\">Gilles Roux offre six expositions qui regroupent 253 photographies en deux lieux. Ses oeuvres sont expos\u00e9es \u00e0 la Maison de la culture jusqu&rsquo;au 8 juin et \u00e0 la Galerie d&rsquo;art du Parc jusqu&rsquo;au 1er juin.<\/span><\/a><\/p>\n<p><a title=\"Gilles Roux\" href=\"http:\/\/www.lapresse.ca\/le-nouvelliste\/week-end\/201405\/09\/01-4765233-lumiere-sur-le-8e-art-de-gilles-roux.php\">\u00a0<\/a><a title=\"Linda Corbo\" href=\"http:\/\/www.lapresse.ca\/le-nouvelliste\/week-end\/201405\/09\/01-4765233-lumiere-sur-le-8e-art-de-gilles-roux.php\"><img loading=\"lazy\" decoding=\"async\" class=\"alignnone size-full wp-image-2014\" src=\"https:\/\/www.galeriebecot.com\/wp-content\/uploads\/2014\/05\/Corbo.jpg\" alt=\"Corbo\" width=\"104\" height=\"69\" \/><\/a>\u00a0<a title=\"Linda Corbo\" href=\"http:\/\/www.lapresse.ca\/le-nouvelliste\/week-end\/201405\/09\/01-4765233-lumiere-sur-le-8e-art-de-gilles-roux.php\"><strong>Linda Corbo\u00a0<\/strong>Le Nouvelliste<\/a><\/p>\n<div class=\"excerpt\">\n<p class=\"amorce\" style=\"font-weight: bold;\"><a title=\"Gilles Roux\" href=\"http:\/\/www.lapresse.ca\/le-nouvelliste\/week-end\/201405\/09\/01-4765233-lumiere-sur-le-8e-art-de-gilles-roux.php\">(Trois-Rivi\u00e8res) Lui qui n&rsquo;avait pas expos\u00e9 en solo depuis dix ans, le photographe Gilles Roux se reprend ce mois-ci et pr\u00e9sente six expositions en deux lieux, soit trois au Centre d&rsquo;exposition Raymond-Lasnier de la Maison de la culture et trois autres \u00e0 la Galerie d&rsquo;art du Parc de Trois-Rivi\u00e8res.<\/a><\/p>\n<\/div>\n<div class=\"entry chapitre chapitreTexte\">\n<p><a title=\"Gilles Roux\" href=\"http:\/\/www.lapresse.ca\/le-nouvelliste\/week-end\/201405\/09\/01-4765233-lumiere-sur-le-8e-art-de-gilles-roux.php\">Au total, on y retrouve 253 images au fil d&rsquo;un itin\u00e9raire qui permet d&rsquo;avoir un acc\u00e8s privil\u00e9gi\u00e9 aux univers sensibles que propose le photographe, que son focus s&rsquo;ajuste sur les paysages ou sur les gens.<\/a><\/p>\n<p><a title=\"Gilles Roux\" href=\"http:\/\/www.lapresse.ca\/le-nouvelliste\/week-end\/201405\/09\/01-4765233-lumiere-sur-le-8e-art-de-gilles-roux.php\">Dans la premi\u00e8re partie de la salle Raymond-Lasnier, les visiteurs peuvent suivre en images les pas de Gilles Roux de Montr\u00e9al \u00e0 Natashquan alors que dans la salle adjacente, ils retrouveront les souvenirs de ses p\u00e9riples au Mexique, \u00e0 Cuba, \u00e0 Prague, Paris ou New York via l&rsquo;exposition\u00a0<em>D\u00e9but de voyages<\/em>.<\/a>&#8230;&#8230;.<\/p>\n<\/div>\n<p>&nbsp;<\/p>\n<p>&nbsp;<\/p>\n","protected":false},"excerpt":{"rendered":"<p>Gilles Roux offre six expositions qui regroupent 253 photographies en deux lieux. Ses oeuvres sont expos\u00e9es \u00e0 la Maison de la culture jusqu&rsquo;au 8 juin et \u00e0 la Galerie d&rsquo;art&hellip; <\/p>\n","protected":false},"author":1,"featured_media":0,"comment_status":"open","ping_status":"open","sticky":false,"template":"","format":"standard","meta":{"_exactmetrics_skip_tracking":false,"_exactmetrics_sitenote_active":false,"_exactmetrics_sitenote_note":"","_exactmetrics_sitenote_category":0,"footnotes":""},"categories":[20,19],"tags":[34,6,67,246,248,247,33,40],"class_list":["post-2008","post","type-post","status-publish","format-standard","hentry","category-article-descriptif","category-vernissage","tag-andre-becot","tag-club-des-collectionneurs-en-arts-visuels-de-quebec","tag-club-des-collectionneurs-en-arts-visuels-de-quebec-marc-bellemare","tag-gilles-roux","tag-le-nouvelliste","tag-linda-corbo","tag-marc-bellemare","tag-visuals-arts"],"_links":{"self":[{"href":"https:\/\/galeriebecot.com\/index.php?rest_route=\/wp\/v2\/posts\/2008","targetHints":{"allow":["GET"]}}],"collection":[{"href":"https:\/\/galeriebecot.com\/index.php?rest_route=\/wp\/v2\/posts"}],"about":[{"href":"https:\/\/galeriebecot.com\/index.php?rest_route=\/wp\/v2\/types\/post"}],"author":[{"embeddable":true,"href":"https:\/\/galeriebecot.com\/index.php?rest_route=\/wp\/v2\/users\/1"}],"replies":[{"embeddable":true,"href":"https:\/\/galeriebecot.com\/index.php?rest_route=%2Fwp%2Fv2%2Fcomments&post=2008"}],"version-history":[{"count":9,"href":"https:\/\/galeriebecot.com\/index.php?rest_route=\/wp\/v2\/posts\/2008\/revisions"}],"predecessor-version":[{"id":2019,"href":"https:\/\/galeriebecot.com\/index.php?rest_route=\/wp\/v2\/posts\/2008\/revisions\/2019"}],"wp:attachment":[{"href":"https:\/\/galeriebecot.com\/index.php?rest_route=%2Fwp%2Fv2%2Fmedia&parent=2008"}],"wp:term":[{"taxonomy":"category","embeddable":true,"href":"https:\/\/galeriebecot.com\/index.php?rest_route=%2Fwp%2Fv2%2Fcategories&post=2008"},{"taxonomy":"post_tag","embeddable":true,"href":"https:\/\/galeriebecot.com\/index.php?rest_route=%2Fwp%2Fv2%2Ftags&post=2008"}],"curies":[{"name":"wp","href":"https:\/\/api.w.org\/{rel}","templated":true}]}}