{"id":19982,"date":"2024-12-01T00:55:49","date_gmt":"2024-12-01T05:55:49","guid":{"rendered":"https:\/\/www.clubdescollectionneursenartsvisuelsdequebec.com\/?p=19982"},"modified":"2025-03-07T12:46:02","modified_gmt":"2025-03-07T17:46:02","slug":"hommage-a-guy-royer-lartiste-des-mots-et-des-mondes-imaginaires","status":"publish","type":"post","link":"https:\/\/galeriebecot.com\/?p=19982","title":{"rendered":"Hommage \u00e0 Guy Royer : L&rsquo;Artiste des Mots et des Mondes Imaginaires"},"content":{"rendered":"\n<p class=\"wp-block-paragraph\">Le 2 novembre 2024, le monde a perdu un \u00eatre exceptionnel, un artiste d&rsquo;une rare sensibilit\u00e9, mais aussi un amoureux des conversations surr\u00e9alistes. Guy n&rsquo;\u00e9tait pas seulement un cr\u00e9ateur de formes et de couleurs ; il \u00e9tait un cr\u00e9ateur de mondes, un explorateur de l&rsquo;absurde et du merveilleux. Chaque \u00e9change avec lui \u00e9tait une invitation \u00e0 plonger dans un univers o\u00f9 la logique se faisait lointaine et o\u00f9 l&rsquo;imagination, d\u00e9brid\u00e9e, prenait le pouvoir.<\/p>\n\n\n\n<p class=\"wp-block-paragraph\"><strong>Oeuvres<\/strong> de Guy<strong> Royer<\/strong> , seront <strong>disponibles\u00a0<\/strong>lors d&rsquo;un \u00e9v\u00e9nement sp\u00e9cial ( \u00e0 venir )<\/p>\n\n\n\n<p class=\"wp-block-paragraph\">Pour informations : Bien vouloir contacter l&rsquo;artiste Pierette <strong>Comeau <\/strong>qui est en contact avec No\u00e9mie <strong>Royer<\/strong>.<\/p>\n\n\n\n<figure class=\"wp-block-image size-full is-resized\"><a href=\"https:\/\/www.galeriebecot.com\/wp-content\/uploads\/2025\/03\/Auto-portrait-relief.jpg\"><img loading=\"lazy\" decoding=\"async\" src=\"https:\/\/www.galeriebecot.com\/wp-content\/uploads\/2025\/03\/Auto-portrait-relief.jpg\" alt=\"\" class=\"wp-image-20340\" width=\"792\" height=\"619\" srcset=\"https:\/\/galeriebecot.com\/wp-content\/uploads\/2025\/03\/Auto-portrait-relief.jpg 864w, https:\/\/galeriebecot.com\/wp-content\/uploads\/2025\/03\/Auto-portrait-relief-300x235.jpg 300w, https:\/\/galeriebecot.com\/wp-content\/uploads\/2025\/03\/Auto-portrait-relief-768x601.jpg 768w\" sizes=\"auto, (max-width: 792px) 100vw, 792px\" \/><\/a><\/figure>\n\n\n\n<figure class=\"wp-block-image size-large\"><a href=\"https:\/\/www.galeriebecot.com\/wp-content\/uploads\/2025\/03\/Buste.jpg\"><img loading=\"lazy\" decoding=\"async\" width=\"792\" height=\"1024\" src=\"https:\/\/www.galeriebecot.com\/wp-content\/uploads\/2025\/03\/Buste-792x1024.jpg\" alt=\"\" class=\"wp-image-20341\" srcset=\"https:\/\/galeriebecot.com\/wp-content\/uploads\/2025\/03\/Buste-792x1024.jpg 792w, https:\/\/galeriebecot.com\/wp-content\/uploads\/2025\/03\/Buste-232x300.jpg 232w, https:\/\/galeriebecot.com\/wp-content\/uploads\/2025\/03\/Buste-768x993.jpg 768w, https:\/\/galeriebecot.com\/wp-content\/uploads\/2025\/03\/Buste.jpg 864w\" sizes=\"auto, (max-width: 792px) 100vw, 792px\" \/><\/a><\/figure>\n\n\n\n<figure class=\"wp-block-image size-large\"><a href=\"https:\/\/www.galeriebecot.com\/wp-content\/uploads\/2025\/03\/Colonne-Lumineuse.jpg\"><img loading=\"lazy\" decoding=\"async\" width=\"653\" height=\"1024\" src=\"https:\/\/www.galeriebecot.com\/wp-content\/uploads\/2025\/03\/Colonne-Lumineuse-653x1024.jpg\" alt=\"\" class=\"wp-image-20342\" srcset=\"https:\/\/galeriebecot.com\/wp-content\/uploads\/2025\/03\/Colonne-Lumineuse-653x1024.jpg 653w, https:\/\/galeriebecot.com\/wp-content\/uploads\/2025\/03\/Colonne-Lumineuse-191x300.jpg 191w, https:\/\/galeriebecot.com\/wp-content\/uploads\/2025\/03\/Colonne-Lumineuse-768x1204.jpg 768w, https:\/\/galeriebecot.com\/wp-content\/uploads\/2025\/03\/Colonne-Lumineuse.jpg 864w\" sizes=\"auto, (max-width: 653px) 100vw, 653px\" \/><\/a><\/figure>\n\n\n\n<figure class=\"wp-block-image size-large\"><a href=\"https:\/\/www.galeriebecot.com\/wp-content\/uploads\/2025\/03\/Dame-de-coeur.jpg\"><img loading=\"lazy\" decoding=\"async\" width=\"429\" height=\"1024\" src=\"https:\/\/www.galeriebecot.com\/wp-content\/uploads\/2025\/03\/Dame-de-coeur-429x1024.jpg\" alt=\"\" class=\"wp-image-20343\" srcset=\"https:\/\/galeriebecot.com\/wp-content\/uploads\/2025\/03\/Dame-de-coeur-429x1024.jpg 429w, https:\/\/galeriebecot.com\/wp-content\/uploads\/2025\/03\/Dame-de-coeur-126x300.jpg 126w, https:\/\/galeriebecot.com\/wp-content\/uploads\/2025\/03\/Dame-de-coeur.jpg 432w\" sizes=\"auto, (max-width: 429px) 100vw, 429px\" \/><\/a><\/figure>\n\n\n\n<figure class=\"wp-block-image size-full is-resized\"><a href=\"https:\/\/www.galeriebecot.com\/wp-content\/uploads\/2025\/03\/Femme-au-balon-rouge.jpg\"><img loading=\"lazy\" decoding=\"async\" src=\"https:\/\/www.galeriebecot.com\/wp-content\/uploads\/2025\/03\/Femme-au-balon-rouge.jpg\" alt=\"\" class=\"wp-image-20344\" width=\"688\" height=\"645\" srcset=\"https:\/\/galeriebecot.com\/wp-content\/uploads\/2025\/03\/Femme-au-balon-rouge.jpg 864w, https:\/\/galeriebecot.com\/wp-content\/uploads\/2025\/03\/Femme-au-balon-rouge-300x282.jpg 300w, https:\/\/galeriebecot.com\/wp-content\/uploads\/2025\/03\/Femme-au-balon-rouge-768x721.jpg 768w\" sizes=\"auto, (max-width: 688px) 100vw, 688px\" \/><\/a><\/figure>\n\n\n\n<figure class=\"wp-block-image size-large is-resized\"><a href=\"https:\/\/www.galeriebecot.com\/wp-content\/uploads\/2025\/03\/Femme-enceinte-2.jpg\"><img loading=\"lazy\" decoding=\"async\" src=\"https:\/\/www.galeriebecot.com\/wp-content\/uploads\/2025\/03\/Femme-enceinte-2-740x1024.jpg\" alt=\"\" class=\"wp-image-20345\" width=\"693\" height=\"959\" srcset=\"https:\/\/galeriebecot.com\/wp-content\/uploads\/2025\/03\/Femme-enceinte-2-740x1024.jpg 740w, https:\/\/galeriebecot.com\/wp-content\/uploads\/2025\/03\/Femme-enceinte-2-217x300.jpg 217w, https:\/\/galeriebecot.com\/wp-content\/uploads\/2025\/03\/Femme-enceinte-2-768x1063.jpg 768w, https:\/\/galeriebecot.com\/wp-content\/uploads\/2025\/03\/Femme-enceinte-2.jpg 864w\" sizes=\"auto, (max-width: 693px) 100vw, 693px\" \/><\/a><\/figure>\n\n\n\n<figure class=\"wp-block-image size-full is-resized\"><a href=\"https:\/\/www.galeriebecot.com\/wp-content\/uploads\/2025\/03\/Homme-assis-Cognac.jpg\"><img loading=\"lazy\" decoding=\"async\" src=\"https:\/\/www.galeriebecot.com\/wp-content\/uploads\/2025\/03\/Homme-assis-Cognac.jpg\" alt=\"\" class=\"wp-image-20346\" width=\"698\" height=\"676\"\/><\/a><\/figure>\n\n\n\n<figure class=\"wp-block-image size-full is-resized\"><a href=\"https:\/\/www.galeriebecot.com\/wp-content\/uploads\/2025\/03\/Homme-Chauve-Souris.jpg\"><img loading=\"lazy\" decoding=\"async\" src=\"https:\/\/www.galeriebecot.com\/wp-content\/uploads\/2025\/03\/Homme-Chauve-Souris.jpg\" alt=\"\" class=\"wp-image-20347\" width=\"691\" height=\"519\"\/><\/a><\/figure>\n\n\n\n<figure class=\"wp-block-image size-full is-resized\"><a href=\"https:\/\/www.galeriebecot.com\/wp-content\/uploads\/2025\/03\/Homme-de-vetruse.jpg\"><img loading=\"lazy\" decoding=\"async\" src=\"https:\/\/www.galeriebecot.com\/wp-content\/uploads\/2025\/03\/Homme-de-vetruse.jpg\" alt=\"\" class=\"wp-image-20348\" width=\"695\" height=\"756\" srcset=\"https:\/\/galeriebecot.com\/wp-content\/uploads\/2025\/03\/Homme-de-vetruse.jpg 864w, https:\/\/galeriebecot.com\/wp-content\/uploads\/2025\/03\/Homme-de-vetruse-275x300.jpg 275w, https:\/\/galeriebecot.com\/wp-content\/uploads\/2025\/03\/Homme-de-vetruse-768x836.jpg 768w\" sizes=\"auto, (max-width: 695px) 100vw, 695px\" \/><\/a><\/figure>\n\n\n\n<figure class=\"wp-block-image size-full is-resized\"><a href=\"https:\/\/www.galeriebecot.com\/wp-content\/uploads\/2025\/03\/Tetes-en-terre.jpg\"><img loading=\"lazy\" decoding=\"async\" src=\"https:\/\/www.galeriebecot.com\/wp-content\/uploads\/2025\/03\/Tetes-en-terre.jpg\" alt=\"\" class=\"wp-image-20349\" width=\"700\" height=\"654\" srcset=\"https:\/\/galeriebecot.com\/wp-content\/uploads\/2025\/03\/Tetes-en-terre.jpg 864w, https:\/\/galeriebecot.com\/wp-content\/uploads\/2025\/03\/Tetes-en-terre-300x281.jpg 300w, https:\/\/galeriebecot.com\/wp-content\/uploads\/2025\/03\/Tetes-en-terre-768x719.jpg 768w\" sizes=\"auto, (max-width: 700px) 100vw, 700px\" \/><\/a><\/figure>\n\n\n\n<figure class=\"wp-block-image size-full is-resized\"><a href=\"https:\/\/www.galeriebecot.com\/wp-content\/uploads\/2025\/03\/Unknow.jpg\"><img loading=\"lazy\" decoding=\"async\" src=\"https:\/\/www.galeriebecot.com\/wp-content\/uploads\/2025\/03\/Unknow.jpg\" alt=\"\" class=\"wp-image-20350\" width=\"698\" height=\"576\" srcset=\"https:\/\/galeriebecot.com\/wp-content\/uploads\/2025\/03\/Unknow.jpg 864w, https:\/\/galeriebecot.com\/wp-content\/uploads\/2025\/03\/Unknow-300x248.jpg 300w, https:\/\/galeriebecot.com\/wp-content\/uploads\/2025\/03\/Unknow-768x634.jpg 768w\" sizes=\"auto, (max-width: 698px) 100vw, 698px\" \/><\/a><\/figure>\n\n\n\n<figure class=\"wp-block-image size-large\"><a href=\"https:\/\/www.galeriebecot.com\/wp-content\/uploads\/2025\/03\/Zombi.jpg\"><img loading=\"lazy\" decoding=\"async\" width=\"697\" height=\"1024\" src=\"https:\/\/www.galeriebecot.com\/wp-content\/uploads\/2025\/03\/Zombi-697x1024.jpg\" alt=\"\" class=\"wp-image-20351\" srcset=\"https:\/\/galeriebecot.com\/wp-content\/uploads\/2025\/03\/Zombi-697x1024.jpg 697w, https:\/\/galeriebecot.com\/wp-content\/uploads\/2025\/03\/Zombi-204x300.jpg 204w, https:\/\/galeriebecot.com\/wp-content\/uploads\/2025\/03\/Zombi-768x1128.jpg 768w, https:\/\/galeriebecot.com\/wp-content\/uploads\/2025\/03\/Zombi.jpg 864w\" sizes=\"auto, (max-width: 697px) 100vw, 697px\" \/><\/a><\/figure>\n\n\n\n<p class=\"wp-block-paragraph\">Ses discussions, aussi impr\u00e9visibles qu&rsquo;un r\u00eave, \u00e9taient un terrain de jeu o\u00f9 les id\u00e9es se m\u00ealaient, se transformaient et se m\u00e9tamorphosaient. Avec Guy, le r\u00e9el devenait fluide, et chaque conversation \u00e9tait une aventure, un voyage \u00e0 la fois po\u00e9tique et \u00e9tonnant. Parfois, un simple sujet devenait une porte vers des dimensions parall\u00e8les, o\u00f9 des objets dansaient sur des m\u00e9lodies invisibles, et o\u00f9 des id\u00e9es prenaient vie dans la lumi\u00e8re \u00e9trange de son esprit.<\/p>\n\n\n\n<p class=\"wp-block-paragraph\">Mais ce n&rsquo;\u00e9tait pas seulement sa cr\u00e9ativit\u00e9 qui faisait de lui une personne inoubliable, c&rsquo;\u00e9tait aussi sa capacit\u00e9 \u00e0 faire de ces moments surr\u00e9alistes des instants de complicit\u00e9 pure. Guy n&rsquo;avait pas peur de se perdre dans des pens\u00e9es farfelues ; il avait la g\u00e9n\u00e9rosit\u00e9 d&rsquo;inviter les autres \u00e0 se perdre avec lui. Avec un sourire malicieux, il disait que \u00ab le sens n\u2019avait de sens que s\u2019il \u00e9tait partag\u00e9 \u00bb, et c\u2019\u00e9tait exactement ce qu\u2019il faisait. Ses conversations n\u2019\u00e9taient pas seulement un moyen de stimuler l\u2019esprit, elles \u00e9taient un pont entre les \u00e2mes, un espace o\u00f9 chaque parole, chaque silence, r\u00e9sonnait avec une v\u00e9rit\u00e9 propre \u00e0 chacun.<\/p>\n\n\n\n<p class=\"wp-block-paragraph\">Guy nous a appris \u00e0 regarder le monde avec un autre regard, \u00e0 imaginer au-del\u00e0 du possible, \u00e0 faire na\u00eetre des images \u00e0 partir de mots improbables. Ses \u0153uvres, tout comme ses mots, \u00e9taient une extension de cette vision unique du monde, un monde o\u00f9 l\u2019impossible devenait presque tangible.<\/p>\n\n\n\n<p class=\"wp-block-paragraph\">Aujourd\u2019hui, son absence laisse un vide immense, mais son esprit continue de briller. Guy vivra \u00e0 travers chaque id\u00e9e folle qu&rsquo;il a sem\u00e9e dans nos esprits, chaque pens\u00e9e farfelue qu&rsquo;il a partag\u00e9e, chaque \u00e9change absurde qu&rsquo;il a nourri. L&rsquo;artiste et le r\u00eaveur continuent de vivre dans les souvenirs, dans les souvenirs de nos conversations o\u00f9 nous partions ensemble dans des directions inattendues, emport\u00e9s par sa folie douce et sa lumi\u00e8re.<\/p>\n\n\n\n<p class=\"wp-block-paragraph\">\u00c0 toi, Guy, ton esprit libre, ton art et tes mots surr\u00e9alistes continueront de nourrir nos imaginaires. Si le monde perd un grand artiste, il gagne en revanche un univers o\u00f9 l&rsquo;impossible n\u2019a jamais \u00e9t\u00e9 aussi vivant. Et dans cet univers, tu es l\u00e0, toujours, en conversation avec ceux qui t&rsquo;ont connu et aim\u00e9.<\/p>\n\n\n\n<figure class=\"wp-block-image size-full\"><a href=\"https:\/\/www.galeriebecot.com\/wp-content\/uploads\/2024\/12\/Guy-RoyerOK.jpg\"><img loading=\"lazy\" decoding=\"async\" width=\"498\" height=\"247\" src=\"https:\/\/www.galeriebecot.com\/wp-content\/uploads\/2024\/12\/Guy-RoyerOK.jpg\" alt=\"\" class=\"wp-image-19984\" srcset=\"https:\/\/galeriebecot.com\/wp-content\/uploads\/2024\/12\/Guy-RoyerOK.jpg 498w, https:\/\/galeriebecot.com\/wp-content\/uploads\/2024\/12\/Guy-RoyerOK-300x149.jpg 300w\" sizes=\"auto, (max-width: 498px) 100vw, 498px\" \/><\/a><\/figure>\n\n\n\n<p class=\"wp-block-paragraph\"><\/p>\n\n\n\n<figure class=\"wp-block-image size-full\"><a href=\"https:\/\/www.galeriebecot.com\/wp-content\/uploads\/2024\/12\/Guy-Royer.jpg\"><img loading=\"lazy\" decoding=\"async\" width=\"432\" height=\"394\" src=\"https:\/\/www.galeriebecot.com\/wp-content\/uploads\/2024\/12\/Guy-Royer.jpg\" alt=\"\" class=\"wp-image-19986\" srcset=\"https:\/\/galeriebecot.com\/wp-content\/uploads\/2024\/12\/Guy-Royer.jpg 432w, https:\/\/galeriebecot.com\/wp-content\/uploads\/2024\/12\/Guy-Royer-300x274.jpg 300w\" sizes=\"auto, (max-width: 432px) 100vw, 432px\" \/><\/a><\/figure>\n\n\n\n<p class=\"wp-block-paragraph\"><\/p>\n\n\n\n<figure class=\"wp-block-image size-large\"><a href=\"https:\/\/www.galeriebecot.com\/wp-content\/uploads\/2024\/12\/Royer-Guy-dessin-1.jpg\"><img loading=\"lazy\" decoding=\"async\" width=\"1024\" height=\"756\" src=\"https:\/\/www.galeriebecot.com\/wp-content\/uploads\/2024\/12\/Royer-Guy-dessin-1-1024x756.jpg\" alt=\"\" class=\"wp-image-19989\" srcset=\"https:\/\/galeriebecot.com\/wp-content\/uploads\/2024\/12\/Royer-Guy-dessin-1-1024x756.jpg 1024w, https:\/\/galeriebecot.com\/wp-content\/uploads\/2024\/12\/Royer-Guy-dessin-1-300x221.jpg 300w, https:\/\/galeriebecot.com\/wp-content\/uploads\/2024\/12\/Royer-Guy-dessin-1-768x567.jpg 768w, https:\/\/galeriebecot.com\/wp-content\/uploads\/2024\/12\/Royer-Guy-dessin-1.jpg 1301w\" sizes=\"auto, (max-width: 1024px) 100vw, 1024px\" \/><\/a><\/figure>\n\n\n\n<p class=\"wp-block-paragraph\"><\/p>\n\n\n\n<figure class=\"wp-block-image size-large is-resized\"><a href=\"https:\/\/www.galeriebecot.com\/wp-content\/uploads\/2024\/12\/Guy-Royer-Grand-Tableau.jpg\"><img loading=\"lazy\" decoding=\"async\" src=\"https:\/\/www.galeriebecot.com\/wp-content\/uploads\/2024\/12\/Guy-Royer-Grand-Tableau-1024x723.jpg\" alt=\"\" class=\"wp-image-19992\" width=\"847\" height=\"598\" srcset=\"https:\/\/galeriebecot.com\/wp-content\/uploads\/2024\/12\/Guy-Royer-Grand-Tableau-1024x723.jpg 1024w, https:\/\/galeriebecot.com\/wp-content\/uploads\/2024\/12\/Guy-Royer-Grand-Tableau-300x212.jpg 300w, https:\/\/galeriebecot.com\/wp-content\/uploads\/2024\/12\/Guy-Royer-Grand-Tableau-768x542.jpg 768w, https:\/\/galeriebecot.com\/wp-content\/uploads\/2024\/12\/Guy-Royer-Grand-Tableau-1536x1085.jpg 1536w, https:\/\/galeriebecot.com\/wp-content\/uploads\/2024\/12\/Guy-Royer-Grand-Tableau.jpg 2048w\" sizes=\"auto, (max-width: 847px) 100vw, 847px\" \/><\/a><figcaption><br><br><\/figcaption><\/figure>\n\n\n\n<figure class=\"wp-block-image size-large\"><a href=\"https:\/\/www.galeriebecot.com\/wp-content\/uploads\/2024\/12\/67636DA0-D42F-4ADC-B565-2CAF4923DB04.jpeg\"><img loading=\"lazy\" decoding=\"async\" width=\"736\" height=\"1024\" src=\"https:\/\/www.galeriebecot.com\/wp-content\/uploads\/2024\/12\/67636DA0-D42F-4ADC-B565-2CAF4923DB04-736x1024.jpeg\" alt=\"\" class=\"wp-image-20002\" srcset=\"https:\/\/galeriebecot.com\/wp-content\/uploads\/2024\/12\/67636DA0-D42F-4ADC-B565-2CAF4923DB04-736x1024.jpeg 736w, https:\/\/galeriebecot.com\/wp-content\/uploads\/2024\/12\/67636DA0-D42F-4ADC-B565-2CAF4923DB04-215x300.jpeg 215w, https:\/\/galeriebecot.com\/wp-content\/uploads\/2024\/12\/67636DA0-D42F-4ADC-B565-2CAF4923DB04.jpeg 737w\" sizes=\"auto, (max-width: 736px) 100vw, 736px\" \/><\/a><\/figure>\n\n\n\n<figure class=\"wp-block-image size-large\"><a href=\"https:\/\/www.galeriebecot.com\/?p=8432\"><img loading=\"lazy\" decoding=\"async\" width=\"1024\" height=\"550\" src=\"https:\/\/www.galeriebecot.com\/wp-content\/uploads\/2024\/12\/Guy-Royer-Don-darby-1024x550.jpg\" alt=\"\" class=\"wp-image-19987\" srcset=\"https:\/\/galeriebecot.com\/wp-content\/uploads\/2024\/12\/Guy-Royer-Don-darby-1024x550.jpg 1024w, https:\/\/galeriebecot.com\/wp-content\/uploads\/2024\/12\/Guy-Royer-Don-darby-300x161.jpg 300w, https:\/\/galeriebecot.com\/wp-content\/uploads\/2024\/12\/Guy-Royer-Don-darby-768x413.jpg 768w, https:\/\/galeriebecot.com\/wp-content\/uploads\/2024\/12\/Guy-Royer-Don-darby-1536x825.jpg 1536w, https:\/\/galeriebecot.com\/wp-content\/uploads\/2024\/12\/Guy-Royer-Don-darby.jpg 2048w\" sizes=\"auto, (max-width: 1024px) 100vw, 1024px\" \/><\/a><figcaption>Guy Royer et Don Darby<\/figcaption><\/figure>\n\n\n\n<figure class=\"wp-block-embed is-type-video is-provider-vimeo wp-block-embed-vimeo wp-embed-aspect-16-9 wp-has-aspect-ratio\"><div class=\"wp-block-embed__wrapper\">\n<iframe loading=\"lazy\" title=\"Galerie B\u00e9cot \/ Oct 2022\" src=\"https:\/\/player.vimeo.com\/video\/759125764?dnt=1&amp;app_id=122963\" width=\"700\" height=\"394\" frameborder=\"0\" allow=\"autoplay; fullscreen; picture-in-picture; clipboard-write; encrypted-media\"><\/iframe>\n<\/div><\/figure>\n\n\n\n<p class=\"wp-block-paragraph\">.<\/p>\n\n\n\n<figure class=\"wp-block-image size-large\"><a href=\"https:\/\/www.galeriebecot.com\/?p=16334\"><img loading=\"lazy\" decoding=\"async\" width=\"1024\" height=\"674\" src=\"https:\/\/www.galeriebecot.com\/wp-content\/uploads\/2024\/12\/Galerie-Becot-3-avril-2022-1024x674.jpg\" alt=\"\" class=\"wp-image-19994\" srcset=\"https:\/\/galeriebecot.com\/wp-content\/uploads\/2024\/12\/Galerie-Becot-3-avril-2022-1024x674.jpg 1024w, https:\/\/galeriebecot.com\/wp-content\/uploads\/2024\/12\/Galerie-Becot-3-avril-2022-300x198.jpg 300w, https:\/\/galeriebecot.com\/wp-content\/uploads\/2024\/12\/Galerie-Becot-3-avril-2022-768x506.jpg 768w, https:\/\/galeriebecot.com\/wp-content\/uploads\/2024\/12\/Galerie-Becot-3-avril-2022.jpg 1440w\" sizes=\"auto, (max-width: 1024px) 100vw, 1024px\" \/><\/a><\/figure>\n\n\n\n<p class=\"wp-block-paragraph\">\u00ab Moi, ce que j&rsquo;appr\u00e9ciais chez Guy, c&rsquo;\u00e9tait sa pens\u00e9e, qui ne jugeait personne dans la vie ni dans leurs cr\u00e9ations. Il voulait toujours comprendre l&rsquo;artiste dans son cheminement cr\u00e9atif. Voil\u00e0 ! Merci, Guy, d&rsquo;avoir travers\u00e9 ma vie. \u00bb<\/p>\n\n\n\n<p class=\"wp-block-paragraph\">Renald <strong>Brisebois<\/strong> , <em>artiste peintre<\/em>, <em>01\/12 \/2024<\/em><\/p>\n","protected":false},"excerpt":{"rendered":"<p>Le 2 novembre 2024, le monde a perdu un \u00eatre exceptionnel, un artiste d&rsquo;une rare sensibilit\u00e9, mais aussi un amoureux des conversations surr\u00e9alistes. Guy n&rsquo;\u00e9tait pas seulement un cr\u00e9ateur de&hellip; <\/p>\n","protected":false},"author":1,"featured_media":0,"comment_status":"open","ping_status":"open","sticky":false,"template":"","format":"standard","meta":{"_exactmetrics_skip_tracking":false,"_exactmetrics_sitenote_active":false,"_exactmetrics_sitenote_note":"","_exactmetrics_sitenote_category":0,"footnotes":""},"categories":[27,19],"tags":[34,735,6,67,35,1482,58,37,40],"class_list":["post-19982","post","type-post","status-publish","format-standard","hentry","category-artistes","category-vernissage","tag-andre-becot","tag-artistes","tag-club-des-collectionneurs-en-arts-visuels-de-quebec","tag-club-des-collectionneurs-en-arts-visuels-de-quebec-marc-bellemare","tag-foire-en-arts-actuel","tag-guy-royer","tag-marc-bellemare-collectionneur","tag-studio-becot","tag-visuals-arts"],"_links":{"self":[{"href":"https:\/\/galeriebecot.com\/index.php?rest_route=\/wp\/v2\/posts\/19982","targetHints":{"allow":["GET"]}}],"collection":[{"href":"https:\/\/galeriebecot.com\/index.php?rest_route=\/wp\/v2\/posts"}],"about":[{"href":"https:\/\/galeriebecot.com\/index.php?rest_route=\/wp\/v2\/types\/post"}],"author":[{"embeddable":true,"href":"https:\/\/galeriebecot.com\/index.php?rest_route=\/wp\/v2\/users\/1"}],"replies":[{"embeddable":true,"href":"https:\/\/galeriebecot.com\/index.php?rest_route=%2Fwp%2Fv2%2Fcomments&post=19982"}],"version-history":[{"count":15,"href":"https:\/\/galeriebecot.com\/index.php?rest_route=\/wp\/v2\/posts\/19982\/revisions"}],"predecessor-version":[{"id":20357,"href":"https:\/\/galeriebecot.com\/index.php?rest_route=\/wp\/v2\/posts\/19982\/revisions\/20357"}],"wp:attachment":[{"href":"https:\/\/galeriebecot.com\/index.php?rest_route=%2Fwp%2Fv2%2Fmedia&parent=19982"}],"wp:term":[{"taxonomy":"category","embeddable":true,"href":"https:\/\/galeriebecot.com\/index.php?rest_route=%2Fwp%2Fv2%2Fcategories&post=19982"},{"taxonomy":"post_tag","embeddable":true,"href":"https:\/\/galeriebecot.com\/index.php?rest_route=%2Fwp%2Fv2%2Ftags&post=19982"}],"curies":[{"name":"wp","href":"https:\/\/api.w.org\/{rel}","templated":true}]}}