{"id":1988,"date":"2022-10-18T10:31:00","date_gmt":"2022-10-18T14:31:00","guid":{"rendered":"http:\/\/www.clubdescollectionneursenartsvisuelsdequebec.com\/?p=1988"},"modified":"2022-10-21T16:07:20","modified_gmt":"2022-10-21T20:07:20","slug":"guy-labbe-peintre","status":"publish","type":"post","link":"https:\/\/galeriebecot.com\/?p=1988","title":{"rendered":"Guy Labb\u00e9 expose du 3 Novembre au 13 novembre 2022"},"content":{"rendered":"\n<figure class=\"wp-block-image size-large\"><a href=\"https:\/\/www.galeriebecot.com\/wp-content\/uploads\/2022\/10\/Labbe.jpg\"><img loading=\"lazy\" decoding=\"async\" width=\"797\" height=\"1024\" src=\"https:\/\/www.galeriebecot.com\/wp-content\/uploads\/2022\/10\/Labbe-797x1024.jpg\" alt=\"\" class=\"wp-image-16654\" srcset=\"https:\/\/galeriebecot.com\/wp-content\/uploads\/2022\/10\/Labbe-797x1024.jpg 797w, https:\/\/galeriebecot.com\/wp-content\/uploads\/2022\/10\/Labbe-234x300.jpg 234w, https:\/\/galeriebecot.com\/wp-content\/uploads\/2022\/10\/Labbe-768x986.jpg 768w, https:\/\/galeriebecot.com\/wp-content\/uploads\/2022\/10\/Labbe.jpg 1192w\" sizes=\"auto, (max-width: 797px) 100vw, 797px\" \/><\/a><\/figure>\n\n\n\n<p class=\"wp-block-paragraph\">Galerie Qu\u00e9bec Art. pr\u00e9sente l&rsquo;artiste  Guy Labb\u00e9.<\/p>\n\n\n\n<p class=\"wp-block-paragraph\">MES CHEMINS SOLITAIRES.<\/p>\n\n\n\n<p class=\"wp-block-paragraph\">Exposition du 3 au 13 novembre 2022.<\/p>\n\n\n\n<p class=\"wp-block-paragraph\">Vernissage le jeudi 3 novembre 2022 de 18h \u00e0 21 h.<\/p>\n\n\n\n<p class=\"wp-block-paragraph\">40 rue Notre-Dame, Qu\u00e9bec,Qc, G1K 8A5 <\/p>\n\n\n\n<p class=\"wp-block-paragraph\">T- 418.692.8200<\/p>\n\n\n\n<p class=\"wp-block-paragraph\">galeriequebecart.com\/ info@galeriequebecart.com<\/p>\n\n\n<p><a href=\"https:\/\/www.galeriebecot.com\/wp-content\/uploads\/2016\/03\/Labbe.jpg\"><img loading=\"lazy\" decoding=\"async\" class=\"alignnone size-full wp-image-7711\" src=\"https:\/\/www.galeriebecot.com\/wp-content\/uploads\/2016\/03\/Labbe.jpg\" alt=\"\" width=\"667\" height=\"878\" srcset=\"https:\/\/galeriebecot.com\/wp-content\/uploads\/2016\/03\/Labbe.jpg 667w, https:\/\/galeriebecot.com\/wp-content\/uploads\/2016\/03\/Labbe-228x300.jpg 228w\" sizes=\"auto, (max-width: 667px) 100vw, 667px\" \/><\/a><\/p>\n<p><strong>Labb\u00e9.<\/strong><\/p>\n<p>Galerie \u00e9ph\u00e9m\u00e8re, octobre 2017.<\/p>\n<p>Autre vie de r\u00eave.<\/p>\n<p><strong>Guy Labb\u00e9\/ Oeuvres r\u00e9centes.<\/strong><\/p>\n<p>Vernissage le samedi 30 septembre 2017 de 11h30 \u00e0 17h30.<\/p>\n<p>L&rsquo;exposition se poursuivra jusqu&rsquo;au 29 octobre 2017.<\/p>\n<p>163, chemin Ste-Foy, Qu\u00e9bec Qc, G1R 1T1 .<\/p>\n<p><a href=\"https:\/\/www.galeriebecot.com\/wp-content\/uploads\/2016\/03\/labbeb.jpg\"><img loading=\"lazy\" decoding=\"async\" class=\"alignnone size-full wp-image-7712\" src=\"https:\/\/www.galeriebecot.com\/wp-content\/uploads\/2016\/03\/labbeb.jpg\" alt=\"\" width=\"505\" height=\"380\" srcset=\"https:\/\/galeriebecot.com\/wp-content\/uploads\/2016\/03\/labbeb.jpg 505w, https:\/\/galeriebecot.com\/wp-content\/uploads\/2016\/03\/labbeb-300x226.jpg 300w\" sizes=\"auto, (max-width: 505px) 100vw, 505px\" \/><\/a><\/p>\n<p><a href=\"http:\/\/blogue.monmontcalm.com\/2016\/guy-labbe-la-lumiere-comme-point-dancrage\/\" rel=\"attachment wp-att-4726\"><img loading=\"lazy\" decoding=\"async\" class=\"alignnone size-full wp-image-4726\" src=\"https:\/\/www.galeriebecot.com\/wp-content\/uploads\/2014\/05\/labbecarton.jpg\" alt=\"labbecarton\" width=\"720\" height=\"518\" srcset=\"https:\/\/galeriebecot.com\/wp-content\/uploads\/2014\/05\/labbecarton.jpg 720w, https:\/\/galeriebecot.com\/wp-content\/uploads\/2014\/05\/labbecarton-300x216.jpg 300w\" sizes=\"auto, (max-width: 720px) 100vw, 720px\" \/><\/a><\/p>\n<p><a href=\"http:\/\/blogue.monmontcalm.com\/2016\/guy-labbe-la-lumiere-comme-point-dancrage\/\"><span class=\"Apple-style-span\">L\u2019artiste peintre, Guy Labb\u00e9 est de retour apr\u00e8s deux ans d\u2019absence avec sa nouvelle exposition,&nbsp;<em>En haut des pr\u00e9s dans mon silence<\/em>&nbsp;jusque fin avril dans un local du chemin Sainte-Foy dans le quartier Montcalm.&nbsp;Publi\u00e9 le 7 avril 2016, par&nbsp;C\u00e9line Fabries.&nbsp;<\/span><\/a><\/p>\n<p><strong>EN HAUT DES PR\u00c9S DANS MON SILENCE<\/strong><\/p>\n<p>163,chemin Ste-Foy,Qu\u00e9bec, G1R 1T1, 418-559-5405.<\/p>\n<p>&lt;&lt; J&rsquo;\u00e9coute la couleur,cette lumi\u00e8re foudroy\u00e9e qui ne parle pas mais qui murmure<\/p>\n<p>bel et bien dans mon silence,n&rsquo;aies pas peur,n&rsquo;aies pas peur &gt;&gt;<\/p>\n<p><em>\u00e0 mon p\u00e8re.<\/em><\/p>\n<p><a href=\"https:\/\/www.galeriebecot.com\/wp-content\/uploads\/2014\/05\/Labb\u00e9a.jpg\" rel=\"attachment wp-att-4728\"><img loading=\"lazy\" decoding=\"async\" class=\"alignnone size-full wp-image-4728\" src=\"https:\/\/www.galeriebecot.com\/wp-content\/uploads\/2014\/05\/Labb\u00e9a.jpg\" alt=\"Labb\u00e9a\" width=\"720\" height=\"519\" srcset=\"https:\/\/galeriebecot.com\/wp-content\/uploads\/2014\/05\/Labb\u00e9a.jpg 720w, https:\/\/galeriebecot.com\/wp-content\/uploads\/2014\/05\/Labb\u00e9a-300x216.jpg 300w\" sizes=\"auto, (max-width: 720px) 100vw, 720px\" \/><\/a><\/p>\n<p><a href=\"https:\/\/www.galeriebecot.com\/wp-content\/uploads\/2014\/05\/Labb\u00e91.jpg\" rel=\"attachment wp-att-4729\"><img loading=\"lazy\" decoding=\"async\" class=\"alignnone size-full wp-image-4729\" src=\"https:\/\/www.galeriebecot.com\/wp-content\/uploads\/2014\/05\/Labb\u00e91.jpg\" alt=\"Labb\u00e91\" width=\"720\" height=\"537\" srcset=\"https:\/\/galeriebecot.com\/wp-content\/uploads\/2014\/05\/Labb\u00e91.jpg 720w, https:\/\/galeriebecot.com\/wp-content\/uploads\/2014\/05\/Labb\u00e91-300x224.jpg 300w\" sizes=\"auto, (max-width: 720px) 100vw, 720px\" \/><\/a><\/p>\n<p><a href=\"https:\/\/www.galeriebecot.com\/wp-content\/uploads\/2014\/05\/Labb\u00e9.jpg\"><img loading=\"lazy\" decoding=\"async\" class=\"alignnone size-large wp-image-1989\" src=\"https:\/\/www.galeriebecot.com\/wp-content\/uploads\/2014\/05\/Labb\u00e9-791x1024.jpg\" alt=\"Labb\u00e9\" width=\"700\" height=\"906\" srcset=\"https:\/\/galeriebecot.com\/wp-content\/uploads\/2014\/05\/Labb\u00e9-791x1024.jpg 791w, https:\/\/galeriebecot.com\/wp-content\/uploads\/2014\/05\/Labb\u00e9-231x300.jpg 231w, https:\/\/galeriebecot.com\/wp-content\/uploads\/2014\/05\/Labb\u00e9.jpg 1200w\" sizes=\"auto, (max-width: 700px) 100vw, 700px\" \/><\/a><\/p>\n<div><\/div>\n<div><\/div>\n<div>Guy Labb\u00e9<\/div>\n<div>pr\u00e9sente<\/div>\n<div><b>\u00c0 PERTE DE VUE<\/b><\/div>\n<div>Exposition &#8211; OEuvres r\u00e9centes<\/div>\n<div>Du 3 au 31 mai 2014<\/div>\n<div>C\u2019est avec plaisir que nous vous invitons au vernissage<\/div>\n<div>le samedi 3 mai \u00e0 13h00<\/div>\n<div>*ouverture de la galerie d\u00e8s 11h30<\/div>\n<div><\/div>\n<div><b>\u00c0 PERTE DE VUE- 222, rue St-Joseph Est, Qu\u00e9bec (Qu\u00e9bec) G1K 3A9&nbsp;<\/b><\/div>\n<div><b>info-<a href=\"tel:418.559.5405\" target=\"1\" rel=\"noopener\">418.559.5405<\/a><\/b><\/div>\n<div><span style=\"font-family: arial, sans-serif;\"><a href=\"https:\/\/www.facebook.com\/Guylabbepeintre\" target=\"_blank\" rel=\"noopener noreferrer\">https:\/\/www.facebook.com\/Guylabbepeintre<\/a><\/span><\/div>","protected":false},"excerpt":{"rendered":"<p>Galerie Qu\u00e9bec Art. pr\u00e9sente l&rsquo;artiste Guy Labb\u00e9. MES CHEMINS SOLITAIRES. Exposition du 3 au 13 novembre 2022. Vernissage le jeudi 3 novembre 2022 de 18h \u00e0 21 h. 40 rue&hellip; <\/p>\n","protected":false},"author":1,"featured_media":0,"comment_status":"open","ping_status":"open","sticky":false,"template":"","format":"standard","meta":{"_exactmetrics_skip_tracking":false,"_exactmetrics_sitenote_active":false,"_exactmetrics_sitenote_note":"","_exactmetrics_sitenote_category":0,"footnotes":""},"categories":[18,19],"tags":[34,6,67,35,241,58,37,40],"class_list":["post-1988","post","type-post","status-publish","format-standard","hentry","category-evenement","category-vernissage","tag-andre-becot","tag-club-des-collectionneurs-en-arts-visuels-de-quebec","tag-club-des-collectionneurs-en-arts-visuels-de-quebec-marc-bellemare","tag-foire-en-arts-actuel","tag-guy-labbe","tag-marc-bellemare-collectionneur","tag-studio-becot","tag-visuals-arts"],"_links":{"self":[{"href":"https:\/\/galeriebecot.com\/index.php?rest_route=\/wp\/v2\/posts\/1988","targetHints":{"allow":["GET"]}}],"collection":[{"href":"https:\/\/galeriebecot.com\/index.php?rest_route=\/wp\/v2\/posts"}],"about":[{"href":"https:\/\/galeriebecot.com\/index.php?rest_route=\/wp\/v2\/types\/post"}],"author":[{"embeddable":true,"href":"https:\/\/galeriebecot.com\/index.php?rest_route=\/wp\/v2\/users\/1"}],"replies":[{"embeddable":true,"href":"https:\/\/galeriebecot.com\/index.php?rest_route=%2Fwp%2Fv2%2Fcomments&post=1988"}],"version-history":[{"count":17,"href":"https:\/\/galeriebecot.com\/index.php?rest_route=\/wp\/v2\/posts\/1988\/revisions"}],"predecessor-version":[{"id":16657,"href":"https:\/\/galeriebecot.com\/index.php?rest_route=\/wp\/v2\/posts\/1988\/revisions\/16657"}],"wp:attachment":[{"href":"https:\/\/galeriebecot.com\/index.php?rest_route=%2Fwp%2Fv2%2Fmedia&parent=1988"}],"wp:term":[{"taxonomy":"category","embeddable":true,"href":"https:\/\/galeriebecot.com\/index.php?rest_route=%2Fwp%2Fv2%2Fcategories&post=1988"},{"taxonomy":"post_tag","embeddable":true,"href":"https:\/\/galeriebecot.com\/index.php?rest_route=%2Fwp%2Fv2%2Ftags&post=1988"}],"curies":[{"name":"wp","href":"https:\/\/api.w.org\/{rel}","templated":true}]}}