{"id":19791,"date":"2024-10-10T14:44:00","date_gmt":"2024-10-10T18:44:00","guid":{"rendered":"https:\/\/www.clubdescollectionneursenartsvisuelsdequebec.com\/?p=19791"},"modified":"2024-10-18T14:31:59","modified_gmt":"2024-10-18T18:31:59","slug":"martin-bouchard-50-ans-en-arts-visuels-exposition-retrospective-conference","status":"publish","type":"post","link":"https:\/\/galeriebecot.com\/?p=19791","title":{"rendered":"Martin Bouchard, 50 ans en arts visuels, exposition r\u00e9trospective &#038; conf\u00e9rence."},"content":{"rendered":"\n<p class=\"wp-block-paragraph\"><strong>Vernissage<\/strong> le jeudi 17 octobre \u00e0 17 h _ <em>Bienvenue \u00e0 tous !<\/em><\/p>\n\n\n\n<p class=\"wp-block-paragraph\">Salle de diffusion du Couvent de Beauport<\/p>\n\n\n\n<p class=\"wp-block-paragraph\">11, avenue du Couvent, Qu\u00e9bec (QC) G1E 6R9<\/p>\n\n\n\n<p class=\"wp-block-paragraph\"><strong>Ouverture<\/strong> jusqu&rsquo;au 10 novembre 2024.<\/p>\n\n\n\n<ul class=\"wp-block-list\"><li>Les samedis et dimanches de 13h \u00e0 16h<\/li><li><strong>Conf\u00e9rence le dimanche 27 octobre \u00e0 14h<\/strong><\/li><\/ul>\n\n\n\n<p class=\"wp-block-paragraph\">Bachelier en arts visuels, c&rsquo;est d&rsquo;abord dans <em><strong>un esprit de polyvalence et d&rsquo;exploration<\/strong><\/em> que s&rsquo;inscrit mon parcours cr\u00e9atif qui s&rsquo;\u00e9chelonne sur plus de 40 ans.\u00a0 Toutes reli\u00e9es par l&rsquo;univers des arts visuels, ce qui a \u00e9t\u00e9 d\u00e9velopp\u00e9 tout au long de mon cheminement se retrouve sous plusieurs facettes. Qu&rsquo;il s&rsquo;agisse de <em>l&rsquo;expression picturale, du dessin, de l&rsquo;illustration et aussi de la caricature<\/em>, le <strong>langage artistique<\/strong> a toujours \u00e9t\u00e9 en \u00e9volution et les multiples recherches ont conduit de plus en plus loin, autant du point de vue des techniques que des approches esth\u00e9tiques ou philosophiques de la cr\u00e9ation.<\/p>\n\n\n\n<figure class=\"wp-block-image size-large\"><a href=\"https:\/\/www.galeriebecot.com\/wp-content\/uploads\/2024\/10\/Vernissage.jpg\"><img loading=\"lazy\" decoding=\"async\" width=\"1024\" height=\"673\" src=\"https:\/\/www.galeriebecot.com\/wp-content\/uploads\/2024\/10\/Vernissage-1024x673.jpg\" alt=\"\" class=\"wp-image-19829\" srcset=\"https:\/\/galeriebecot.com\/wp-content\/uploads\/2024\/10\/Vernissage-1024x673.jpg 1024w, https:\/\/galeriebecot.com\/wp-content\/uploads\/2024\/10\/Vernissage-300x197.jpg 300w, https:\/\/galeriebecot.com\/wp-content\/uploads\/2024\/10\/Vernissage-768x504.jpg 768w, https:\/\/galeriebecot.com\/wp-content\/uploads\/2024\/10\/Vernissage.jpg 1224w\" sizes=\"auto, (max-width: 1024px) 100vw, 1024px\" \/><\/a><figcaption><strong>Vernissage<\/strong> du 17 octobre 2024 en formule 5@7. <em><strong>Bienvenue \u00e0 tous !<\/strong><\/em><\/figcaption><\/figure>\n\n\n\n<figure class=\"wp-block-image size-full is-resized\"><a href=\"https:\/\/michelparent.com\/club\/\"><img loading=\"lazy\" decoding=\"async\" src=\"https:\/\/www.galeriebecot.com\/wp-content\/uploads\/2024\/10\/image-1.jpeg\" alt=\"\" class=\"wp-image-19803\" width=\"325\" height=\"73\" srcset=\"https:\/\/galeriebecot.com\/wp-content\/uploads\/2024\/10\/image-1.jpeg 824w, https:\/\/galeriebecot.com\/wp-content\/uploads\/2024\/10\/image-1-300x67.jpeg 300w, https:\/\/galeriebecot.com\/wp-content\/uploads\/2024\/10\/image-1-768x172.jpeg 768w\" sizes=\"auto, (max-width: 325px) 100vw, 325px\" \/><\/a><figcaption><em>Pour recevoir les invitations du club des collectionneurs<\/em><\/figcaption><\/figure>\n\n\n\n<figure class=\"wp-block-image size-full is-resized\"><a href=\"https:\/\/www.facebook.com\/ClubCAVQ\"><img loading=\"lazy\" decoding=\"async\" src=\"https:\/\/www.galeriebecot.com\/wp-content\/uploads\/2024\/10\/Fsace-Book-Logo-292x300-2.jpg\" alt=\"\" class=\"wp-image-19806\" width=\"53\" height=\"54\" srcset=\"https:\/\/galeriebecot.com\/wp-content\/uploads\/2024\/10\/Fsace-Book-Logo-292x300-2.jpg 292w, https:\/\/galeriebecot.com\/wp-content\/uploads\/2024\/10\/Fsace-Book-Logo-292x300-2-150x150.jpg 150w\" sizes=\"auto, (max-width: 53px) 100vw, 53px\" \/><\/a><figcaption>Pour nous suivre sur<strong> Facebook.<\/strong> Club <strong>CVAQ<\/strong><\/figcaption><\/figure>\n\n\n\n<figure class=\"wp-block-image size-large is-resized\"><a href=\"https:\/\/www.culturebeauport.com\/martin-bouchard-expo\"><img loading=\"lazy\" decoding=\"async\" src=\"https:\/\/www.galeriebecot.com\/wp-content\/uploads\/2024\/10\/Martin2-608x1024.jpg\" alt=\"\" class=\"wp-image-19792\" width=\"458\" height=\"771\" srcset=\"https:\/\/galeriebecot.com\/wp-content\/uploads\/2024\/10\/Martin2-608x1024.jpg 608w, https:\/\/galeriebecot.com\/wp-content\/uploads\/2024\/10\/Martin2-178x300.jpg 178w, https:\/\/galeriebecot.com\/wp-content\/uploads\/2024\/10\/Martin2.jpg 718w\" sizes=\"auto, (max-width: 458px) 100vw, 458px\" \/><\/a><figcaption><a href=\"https:\/\/www.culturebeauport.com\/martin-bouchard-expo\">Un click sur l&rsquo;image pour une visite \u00e0 culture <strong>Beauport<\/strong><\/a>.<\/figcaption><\/figure>\n\n\n\n<figure class=\"wp-block-image size-large is-resized\"><a href=\"https:\/\/mbouchard777.wixsite.com\/martinbouchard\/l-artiste\"><img loading=\"lazy\" decoding=\"async\" src=\"https:\/\/www.galeriebecot.com\/wp-content\/uploads\/2024\/10\/Martin-Bouchard-Oeuvre-611x1024.jpg\" alt=\"\" class=\"wp-image-19794\" width=\"455\" height=\"763\" srcset=\"https:\/\/galeriebecot.com\/wp-content\/uploads\/2024\/10\/Martin-Bouchard-Oeuvre-611x1024.jpg 611w, https:\/\/galeriebecot.com\/wp-content\/uploads\/2024\/10\/Martin-Bouchard-Oeuvre-179x300.jpg 179w, https:\/\/galeriebecot.com\/wp-content\/uploads\/2024\/10\/Martin-Bouchard-Oeuvre-768x1287.jpg 768w, https:\/\/galeriebecot.com\/wp-content\/uploads\/2024\/10\/Martin-Bouchard-Oeuvre-917x1536.jpg 917w, https:\/\/galeriebecot.com\/wp-content\/uploads\/2024\/10\/Martin-Bouchard-Oeuvre.jpg 1042w\" sizes=\"auto, (max-width: 455px) 100vw, 455px\" \/><\/a><figcaption>Un click sur l&rsquo;image pour une visite chez  Martin <strong>Bouchard<\/strong><\/figcaption><\/figure>\n","protected":false},"excerpt":{"rendered":"<p>Vernissage le jeudi 17 octobre \u00e0 17 h _ Bienvenue \u00e0 tous ! Salle de diffusion du Couvent de Beauport 11, avenue du Couvent, Qu\u00e9bec (QC) G1E 6R9 Ouverture jusqu&rsquo;au&hellip; <\/p>\n","protected":false},"author":1,"featured_media":0,"comment_status":"open","ping_status":"open","sticky":false,"template":"","format":"standard","meta":{"_exactmetrics_skip_tracking":false,"_exactmetrics_sitenote_active":false,"_exactmetrics_sitenote_note":"","_exactmetrics_sitenote_category":0,"footnotes":""},"categories":[27,17,18,19],"tags":[34,735,43,6,35,58,447,4841,37,40],"class_list":["post-19791","post","type-post","status-publish","format-standard","hentry","category-artistes","category-conference","category-evenement","category-vernissage","tag-andre-becot","tag-artistes","tag-arts-visuels","tag-club-des-collectionneurs-en-arts-visuels-de-quebec","tag-foire-en-arts-actuel","tag-marc-bellemare-collectionneur","tag-martin-bouchard","tag-salle-de-diffusion-du-couvent-de-beauport","tag-studio-becot","tag-visuals-arts"],"_links":{"self":[{"href":"https:\/\/galeriebecot.com\/index.php?rest_route=\/wp\/v2\/posts\/19791","targetHints":{"allow":["GET"]}}],"collection":[{"href":"https:\/\/galeriebecot.com\/index.php?rest_route=\/wp\/v2\/posts"}],"about":[{"href":"https:\/\/galeriebecot.com\/index.php?rest_route=\/wp\/v2\/types\/post"}],"author":[{"embeddable":true,"href":"https:\/\/galeriebecot.com\/index.php?rest_route=\/wp\/v2\/users\/1"}],"replies":[{"embeddable":true,"href":"https:\/\/galeriebecot.com\/index.php?rest_route=%2Fwp%2Fv2%2Fcomments&post=19791"}],"version-history":[{"count":14,"href":"https:\/\/galeriebecot.com\/index.php?rest_route=\/wp\/v2\/posts\/19791\/revisions"}],"predecessor-version":[{"id":19831,"href":"https:\/\/galeriebecot.com\/index.php?rest_route=\/wp\/v2\/posts\/19791\/revisions\/19831"}],"wp:attachment":[{"href":"https:\/\/galeriebecot.com\/index.php?rest_route=%2Fwp%2Fv2%2Fmedia&parent=19791"}],"wp:term":[{"taxonomy":"category","embeddable":true,"href":"https:\/\/galeriebecot.com\/index.php?rest_route=%2Fwp%2Fv2%2Fcategories&post=19791"},{"taxonomy":"post_tag","embeddable":true,"href":"https:\/\/galeriebecot.com\/index.php?rest_route=%2Fwp%2Fv2%2Ftags&post=19791"}],"curies":[{"name":"wp","href":"https:\/\/api.w.org\/{rel}","templated":true}]}}