{"id":19638,"date":"2024-11-03T15:37:00","date_gmt":"2024-11-03T20:37:00","guid":{"rendered":"https:\/\/www.clubdescollectionneursenartsvisuelsdequebec.com\/?p=19638"},"modified":"2024-11-07T08:43:07","modified_gmt":"2024-11-07T13:43:07","slug":"le-reve-etoile-dandre-breton","status":"publish","type":"post","link":"https:\/\/galeriebecot.com\/?p=19638","title":{"rendered":"Le r\u00eave \u00e9toil\u00e9 d&rsquo;Andr\u00e9 Breton"},"content":{"rendered":"\n<figure class=\"wp-block-image size-large\"><a href=\"https:\/\/www.galeriebecot.com\/wp-content\/uploads\/2024\/11\/Club1.jpg\"><img loading=\"lazy\" decoding=\"async\" width=\"1024\" height=\"964\" src=\"https:\/\/www.galeriebecot.com\/wp-content\/uploads\/2024\/11\/Club1-1024x964.jpg\" alt=\"\" class=\"wp-image-19870\" srcset=\"https:\/\/galeriebecot.com\/wp-content\/uploads\/2024\/11\/Club1-1024x964.jpg 1024w, https:\/\/galeriebecot.com\/wp-content\/uploads\/2024\/11\/Club1-300x282.jpg 300w, https:\/\/galeriebecot.com\/wp-content\/uploads\/2024\/11\/Club1-768x723.jpg 768w, https:\/\/galeriebecot.com\/wp-content\/uploads\/2024\/11\/Club1.jpg 1224w\" sizes=\"auto, (max-width: 1024px) 100vw, 1024px\" \/><\/a><\/figure>\n\n\n\n<figure class=\"wp-block-image size-large is-resized\"><a href=\"https:\/\/www.galeriebecot.com\/wp-content\/uploads\/2024\/11\/Breton1.jpg\"><img loading=\"lazy\" decoding=\"async\" src=\"https:\/\/www.galeriebecot.com\/wp-content\/uploads\/2024\/11\/Breton1-1024x611.jpg\" alt=\"\" class=\"wp-image-19942\" width=\"587\" height=\"351\" srcset=\"https:\/\/galeriebecot.com\/wp-content\/uploads\/2024\/11\/Breton1-1024x611.jpg 1024w, https:\/\/galeriebecot.com\/wp-content\/uploads\/2024\/11\/Breton1-300x179.jpg 300w, https:\/\/galeriebecot.com\/wp-content\/uploads\/2024\/11\/Breton1-768x458.jpg 768w, https:\/\/galeriebecot.com\/wp-content\/uploads\/2024\/11\/Breton1.jpg 1440w\" sizes=\"auto, (max-width: 587px) 100vw, 587px\" \/><\/a><\/figure>\n\n\n\n<figure class=\"wp-block-image size-large is-resized\"><a href=\"https:\/\/www.galeriebecot.com\/wp-content\/uploads\/2024\/11\/Breton2.jpg\"><img loading=\"lazy\" decoding=\"async\" src=\"https:\/\/www.galeriebecot.com\/wp-content\/uploads\/2024\/11\/Breton2-1024x622.jpg\" alt=\"\" class=\"wp-image-19944\" width=\"588\" height=\"357\" srcset=\"https:\/\/galeriebecot.com\/wp-content\/uploads\/2024\/11\/Breton2-1024x622.jpg 1024w, https:\/\/galeriebecot.com\/wp-content\/uploads\/2024\/11\/Breton2-300x182.jpg 300w, https:\/\/galeriebecot.com\/wp-content\/uploads\/2024\/11\/Breton2-768x467.jpg 768w, https:\/\/galeriebecot.com\/wp-content\/uploads\/2024\/11\/Breton2.jpg 1440w\" sizes=\"auto, (max-width: 588px) 100vw, 588px\" \/><\/a><\/figure>\n\n\n\n<figure class=\"wp-block-image size-large is-resized\"><a href=\"https:\/\/www.galeriebecot.com\/wp-content\/uploads\/2024\/11\/Breton3.jpg\"><img loading=\"lazy\" decoding=\"async\" src=\"https:\/\/www.galeriebecot.com\/wp-content\/uploads\/2024\/11\/Breton3-1024x604.jpg\" alt=\"\" class=\"wp-image-19945\" width=\"587\" height=\"346\" srcset=\"https:\/\/galeriebecot.com\/wp-content\/uploads\/2024\/11\/Breton3-1024x604.jpg 1024w, https:\/\/galeriebecot.com\/wp-content\/uploads\/2024\/11\/Breton3-300x177.jpg 300w, https:\/\/galeriebecot.com\/wp-content\/uploads\/2024\/11\/Breton3-768x453.jpg 768w, https:\/\/galeriebecot.com\/wp-content\/uploads\/2024\/11\/Breton3.jpg 1440w\" sizes=\"auto, (max-width: 587px) 100vw, 587px\" \/><\/a><figcaption>Yves <strong>Sheriff<\/strong>, conf\u00e9rencier.                          Cr\u00e9dit Photo:<em> Serge Philippe <strong>Tremblay<\/strong><\/em><\/figcaption><\/figure>\n\n\n\n<figure class=\"wp-block-image size-large\"><a href=\"https:\/\/www.maisondelalitterature.qc.ca\/evenements\/le-reve-etoile-d-andre-breton-arcane-17-et-perce\"><img loading=\"lazy\" decoding=\"async\" width=\"967\" height=\"1024\" src=\"https:\/\/www.galeriebecot.com\/wp-content\/uploads\/2024\/11\/Club22-967x1024.jpg\" alt=\"\" class=\"wp-image-19880\" srcset=\"https:\/\/galeriebecot.com\/wp-content\/uploads\/2024\/11\/Club22-967x1024.jpg 967w, https:\/\/galeriebecot.com\/wp-content\/uploads\/2024\/11\/Club22-283x300.jpg 283w, https:\/\/galeriebecot.com\/wp-content\/uploads\/2024\/11\/Club22-768x813.jpg 768w, https:\/\/galeriebecot.com\/wp-content\/uploads\/2024\/11\/Club22.jpg 1224w\" sizes=\"auto, (max-width: 967px) 100vw, 967px\" \/><\/a><\/figure>\n\n\n\n<figure class=\"wp-block-embed is-type-video is-provider-youtube wp-block-embed-youtube wp-embed-aspect-16-9 wp-has-aspect-ratio\"><div class=\"wp-block-embed__wrapper\">\n<iframe loading=\"lazy\" title=\"Visite exclusive de l&#039;exposition \u00ab\u00a0Surr\u00e9alisme\u00a0\u00bb | Centre Pompidou\" width=\"700\" height=\"394\" src=\"https:\/\/www.youtube.com\/embed\/xI2rYajgGWI?feature=oembed\" frameborder=\"0\" allow=\"accelerometer; autoplay; clipboard-write; encrypted-media; gyroscope; picture-in-picture; web-share\" referrerpolicy=\"strict-origin-when-cross-origin\" allowfullscreen><\/iframe>\n<\/div><\/figure>\n\n\n\n<figure class=\"wp-block-image size-large\"><a href=\"https:\/\/youtu.be\/oAc1GV5SHmY?si=GkrHq08XFQY0xBDF\"><img loading=\"lazy\" decoding=\"async\" width=\"1024\" height=\"972\" src=\"https:\/\/www.galeriebecot.com\/wp-content\/uploads\/2024\/11\/Club33-1024x972.jpg\" alt=\"\" class=\"wp-image-19894\" srcset=\"https:\/\/galeriebecot.com\/wp-content\/uploads\/2024\/11\/Club33-1024x972.jpg 1024w, https:\/\/galeriebecot.com\/wp-content\/uploads\/2024\/11\/Club33-300x285.jpg 300w, https:\/\/galeriebecot.com\/wp-content\/uploads\/2024\/11\/Club33-768x729.jpg 768w, https:\/\/galeriebecot.com\/wp-content\/uploads\/2024\/11\/Club33.jpg 1224w\" sizes=\"auto, (max-width: 1024px) 100vw, 1024px\" \/><\/a><\/figure>\n\n\n\n<figure class=\"wp-block-image size-large\"><a href=\"https:\/\/www.galeriebecot.com\/wp-content\/uploads\/2024\/11\/Club-44.jpg\"><img loading=\"lazy\" decoding=\"async\" width=\"1024\" height=\"319\" src=\"https:\/\/www.galeriebecot.com\/wp-content\/uploads\/2024\/11\/Club-44-1024x319.jpg\" alt=\"\" class=\"wp-image-19877\" srcset=\"https:\/\/galeriebecot.com\/wp-content\/uploads\/2024\/11\/Club-44-1024x319.jpg 1024w, https:\/\/galeriebecot.com\/wp-content\/uploads\/2024\/11\/Club-44-300x93.jpg 300w, https:\/\/galeriebecot.com\/wp-content\/uploads\/2024\/11\/Club-44-768x239.jpg 768w, https:\/\/galeriebecot.com\/wp-content\/uploads\/2024\/11\/Club-44.jpg 1224w\" sizes=\"auto, (max-width: 1024px) 100vw, 1024px\" \/><\/a><\/figure>\n\n\n\n<figure class=\"wp-block-image size-full is-resized\"><a href=\"https:\/\/michelparent.com\/club\/\"><img loading=\"lazy\" decoding=\"async\" src=\"https:\/\/www.galeriebecot.com\/wp-content\/uploads\/2024\/10\/Lien-inscription-club-1.jpg\" alt=\"\" class=\"wp-image-19783\" width=\"441\" height=\"130\" srcset=\"https:\/\/galeriebecot.com\/wp-content\/uploads\/2024\/10\/Lien-inscription-club-1.jpg 944w, https:\/\/galeriebecot.com\/wp-content\/uploads\/2024\/10\/Lien-inscription-club-1-300x89.jpg 300w, https:\/\/galeriebecot.com\/wp-content\/uploads\/2024\/10\/Lien-inscription-club-1-768x227.jpg 768w\" sizes=\"auto, (max-width: 441px) 100vw, 441px\" \/><\/a><figcaption>Inscription au club des collectionneurs .<\/figcaption><\/figure>\n\n\n\n<figure class=\"wp-block-image size-full is-resized\"><a href=\"https:\/\/www.facebook.com\/ClubCAVQ\"><img loading=\"lazy\" decoding=\"async\" src=\"https:\/\/www.galeriebecot.com\/wp-content\/uploads\/2024\/10\/Lien-Face-Book-1.jpg\" alt=\"\" class=\"wp-image-19785\" width=\"444\" height=\"139\" srcset=\"https:\/\/galeriebecot.com\/wp-content\/uploads\/2024\/10\/Lien-Face-Book-1.jpg 829w, https:\/\/galeriebecot.com\/wp-content\/uploads\/2024\/10\/Lien-Face-Book-1-300x94.jpg 300w, https:\/\/galeriebecot.com\/wp-content\/uploads\/2024\/10\/Lien-Face-Book-1-768x240.jpg 768w\" sizes=\"auto, (max-width: 444px) 100vw, 444px\" \/><\/a><\/figure>\n\n\n\n<p class=\"wp-block-paragraph\">Pr\u00e9sent\u00e9 dans le cadre des 100 ans du surr\u00e9alisme, <strong>Le r\u00eave \u00e9toil\u00e9<\/strong> d&rsquo;Andr\u00e9 Breton vous invite, sous la forme d&rsquo;une conf\u00e9rence&#8230;.<\/p>\n\n\n\n<figure class=\"wp-block-image size-large\"><a href=\"https:\/\/www.galeriebecot.com\/wp-content\/uploads\/2024\/10\/Breton-1.jpg\"><img loading=\"lazy\" decoding=\"async\" width=\"974\" height=\"1024\" src=\"https:\/\/www.galeriebecot.com\/wp-content\/uploads\/2024\/10\/Breton-1-974x1024.jpg\" alt=\"\" class=\"wp-image-19639\" srcset=\"https:\/\/galeriebecot.com\/wp-content\/uploads\/2024\/10\/Breton-1-974x1024.jpg 974w, https:\/\/galeriebecot.com\/wp-content\/uploads\/2024\/10\/Breton-1-285x300.jpg 285w, https:\/\/galeriebecot.com\/wp-content\/uploads\/2024\/10\/Breton-1-768x808.jpg 768w, https:\/\/galeriebecot.com\/wp-content\/uploads\/2024\/10\/Breton-1.jpg 1224w\" sizes=\"auto, (max-width: 974px) 100vw, 974px\" \/><\/a><\/figure>\n\n\n\n<figure class=\"wp-block-image size-full\"><a href=\"https:\/\/www.maisondelalitterature.qc.ca\/evenements\/le-reve-etoile-d-andre-breton-arcane-17-et-perce\"><img loading=\"lazy\" decoding=\"async\" width=\"864\" height=\"665\" src=\"https:\/\/www.galeriebecot.com\/wp-content\/uploads\/2024\/10\/Breton-FB3.jpg\" alt=\"\" class=\"wp-image-19641\" srcset=\"https:\/\/galeriebecot.com\/wp-content\/uploads\/2024\/10\/Breton-FB3.jpg 864w, https:\/\/galeriebecot.com\/wp-content\/uploads\/2024\/10\/Breton-FB3-300x231.jpg 300w, https:\/\/galeriebecot.com\/wp-content\/uploads\/2024\/10\/Breton-FB3-768x591.jpg 768w\" sizes=\"auto, (max-width: 864px) 100vw, 864px\" \/><\/a><figcaption><strong>Maison de la litt\u00e9rature<\/strong> .<em>Un<strong> click<\/strong> sur l&rsquo;image pour <\/em>informations compl\u00e8tes !<\/figcaption><\/figure>\n\n\n\n<figure class=\"wp-block-image size-large\"><a href=\"https:\/\/www.galeriebecot.com\/wp-content\/uploads\/2024\/11\/Sur1.jpg\"><img loading=\"lazy\" decoding=\"async\" width=\"726\" height=\"1024\" src=\"https:\/\/www.galeriebecot.com\/wp-content\/uploads\/2024\/11\/Sur1-726x1024.jpg\" alt=\"\" class=\"wp-image-19887\" srcset=\"https:\/\/galeriebecot.com\/wp-content\/uploads\/2024\/11\/Sur1-726x1024.jpg 726w, https:\/\/galeriebecot.com\/wp-content\/uploads\/2024\/11\/Sur1-213x300.jpg 213w, https:\/\/galeriebecot.com\/wp-content\/uploads\/2024\/11\/Sur1-768x1083.jpg 768w, https:\/\/galeriebecot.com\/wp-content\/uploads\/2024\/11\/Sur1-1089x1536.jpg 1089w, https:\/\/galeriebecot.com\/wp-content\/uploads\/2024\/11\/Sur1.jpg 1224w\" sizes=\"auto, (max-width: 726px) 100vw, 726px\" \/><\/a><\/figure>\n\n\n\n<figure class=\"wp-block-image size-large\"><a href=\"https:\/\/www.galeriebecot.com\/wp-content\/uploads\/2024\/11\/sur2.jpg\"><img loading=\"lazy\" decoding=\"async\" width=\"727\" height=\"1024\" src=\"https:\/\/www.galeriebecot.com\/wp-content\/uploads\/2024\/11\/sur2-727x1024.jpg\" alt=\"\" class=\"wp-image-19889\" srcset=\"https:\/\/galeriebecot.com\/wp-content\/uploads\/2024\/11\/sur2-727x1024.jpg 727w, https:\/\/galeriebecot.com\/wp-content\/uploads\/2024\/11\/sur2-213x300.jpg 213w, https:\/\/galeriebecot.com\/wp-content\/uploads\/2024\/11\/sur2-768x1082.jpg 768w, https:\/\/galeriebecot.com\/wp-content\/uploads\/2024\/11\/sur2-1090x1536.jpg 1090w, https:\/\/galeriebecot.com\/wp-content\/uploads\/2024\/11\/sur2.jpg 1224w\" sizes=\"auto, (max-width: 727px) 100vw, 727px\" \/><\/a><\/figure>\n\n\n\n<figure class=\"wp-block-image size-large\"><a href=\"https:\/\/www.galeriebecot.com\/wp-content\/uploads\/2024\/11\/Sur3.jpg\"><img loading=\"lazy\" decoding=\"async\" width=\"720\" height=\"1024\" src=\"https:\/\/www.galeriebecot.com\/wp-content\/uploads\/2024\/11\/Sur3-720x1024.jpg\" alt=\"\" class=\"wp-image-19890\" srcset=\"https:\/\/galeriebecot.com\/wp-content\/uploads\/2024\/11\/Sur3-720x1024.jpg 720w, https:\/\/galeriebecot.com\/wp-content\/uploads\/2024\/11\/Sur3-211x300.jpg 211w, https:\/\/galeriebecot.com\/wp-content\/uploads\/2024\/11\/Sur3-768x1092.jpg 768w, https:\/\/galeriebecot.com\/wp-content\/uploads\/2024\/11\/Sur3-1080x1536.jpg 1080w, https:\/\/galeriebecot.com\/wp-content\/uploads\/2024\/11\/Sur3.jpg 1224w\" sizes=\"auto, (max-width: 720px) 100vw, 720px\" \/><\/a><\/figure>\n\n\n\n<figure class=\"wp-block-image size-large\"><a href=\"https:\/\/www.galeriebecot.com\/wp-content\/uploads\/2024\/11\/Sur4.jpg\"><img loading=\"lazy\" decoding=\"async\" width=\"704\" height=\"1024\" src=\"https:\/\/www.galeriebecot.com\/wp-content\/uploads\/2024\/11\/Sur4-704x1024.jpg\" alt=\"\" class=\"wp-image-19891\" srcset=\"https:\/\/galeriebecot.com\/wp-content\/uploads\/2024\/11\/Sur4-704x1024.jpg 704w, https:\/\/galeriebecot.com\/wp-content\/uploads\/2024\/11\/Sur4-206x300.jpg 206w, https:\/\/galeriebecot.com\/wp-content\/uploads\/2024\/11\/Sur4-768x1117.jpg 768w, https:\/\/galeriebecot.com\/wp-content\/uploads\/2024\/11\/Sur4-1056x1536.jpg 1056w, https:\/\/galeriebecot.com\/wp-content\/uploads\/2024\/11\/Sur4.jpg 1224w\" sizes=\"auto, (max-width: 704px) 100vw, 704px\" \/><\/a><\/figure>\n\n\n\n<figure class=\"wp-block-image size-large\"><a href=\"https:\/\/www.galeriebecot.com\/wp-content\/uploads\/2024\/11\/Magritte.jpg\"><img loading=\"lazy\" decoding=\"async\" width=\"703\" height=\"1024\" src=\"https:\/\/www.galeriebecot.com\/wp-content\/uploads\/2024\/11\/Magritte-703x1024.jpg\" alt=\"\" class=\"wp-image-19902\" srcset=\"https:\/\/galeriebecot.com\/wp-content\/uploads\/2024\/11\/Magritte-703x1024.jpg 703w, https:\/\/galeriebecot.com\/wp-content\/uploads\/2024\/11\/Magritte-206x300.jpg 206w, https:\/\/galeriebecot.com\/wp-content\/uploads\/2024\/11\/Magritte-768x1118.jpg 768w, https:\/\/galeriebecot.com\/wp-content\/uploads\/2024\/11\/Magritte.jpg 787w\" sizes=\"auto, (max-width: 703px) 100vw, 703px\" \/><\/a><\/figure>\n\n\n\n<figure class=\"wp-block-image size-large\"><a href=\"https:\/\/www.galeriebecot.com\/wp-content\/uploads\/2024\/11\/Sur5.jpg\"><img loading=\"lazy\" decoding=\"async\" width=\"1024\" height=\"712\" src=\"https:\/\/www.galeriebecot.com\/wp-content\/uploads\/2024\/11\/Sur5-1024x712.jpg\" alt=\"\" class=\"wp-image-19892\" srcset=\"https:\/\/galeriebecot.com\/wp-content\/uploads\/2024\/11\/Sur5-1024x712.jpg 1024w, https:\/\/galeriebecot.com\/wp-content\/uploads\/2024\/11\/Sur5-300x209.jpg 300w, https:\/\/galeriebecot.com\/wp-content\/uploads\/2024\/11\/Sur5-768x534.jpg 768w, https:\/\/galeriebecot.com\/wp-content\/uploads\/2024\/11\/Sur5-330x230.jpg 330w, https:\/\/galeriebecot.com\/wp-content\/uploads\/2024\/11\/Sur5.jpg 1224w\" sizes=\"auto, (max-width: 1024px) 100vw, 1024px\" \/><\/a><\/figure>\n","protected":false},"excerpt":{"rendered":"<p>Pr\u00e9sent\u00e9 dans le cadre des 100 ans du surr\u00e9alisme, Le r\u00eave \u00e9toil\u00e9 d&rsquo;Andr\u00e9 Breton vous invite, sous la forme d&rsquo;une conf\u00e9rence&#8230;.<\/p>\n","protected":false},"author":1,"featured_media":0,"comment_status":"open","ping_status":"open","sticky":false,"template":"","format":"standard","meta":{"_exactmetrics_skip_tracking":false,"_exactmetrics_sitenote_active":false,"_exactmetrics_sitenote_note":"","_exactmetrics_sitenote_category":0,"footnotes":""},"categories":[20,27,17,18],"tags":[2563,834,2538,4842],"class_list":["post-19638","post","type-post","status-publish","format-standard","hentry","category-article-descriptif","category-artistes","category-conference","category-evenement","tag-andre-breton","tag-centre-pompidou","tag-magritte","tag-surrealisme"],"_links":{"self":[{"href":"https:\/\/galeriebecot.com\/index.php?rest_route=\/wp\/v2\/posts\/19638","targetHints":{"allow":["GET"]}}],"collection":[{"href":"https:\/\/galeriebecot.com\/index.php?rest_route=\/wp\/v2\/posts"}],"about":[{"href":"https:\/\/galeriebecot.com\/index.php?rest_route=\/wp\/v2\/types\/post"}],"author":[{"embeddable":true,"href":"https:\/\/galeriebecot.com\/index.php?rest_route=\/wp\/v2\/users\/1"}],"replies":[{"embeddable":true,"href":"https:\/\/galeriebecot.com\/index.php?rest_route=%2Fwp%2Fv2%2Fcomments&post=19638"}],"version-history":[{"count":46,"href":"https:\/\/galeriebecot.com\/index.php?rest_route=\/wp\/v2\/posts\/19638\/revisions"}],"predecessor-version":[{"id":19954,"href":"https:\/\/galeriebecot.com\/index.php?rest_route=\/wp\/v2\/posts\/19638\/revisions\/19954"}],"wp:attachment":[{"href":"https:\/\/galeriebecot.com\/index.php?rest_route=%2Fwp%2Fv2%2Fmedia&parent=19638"}],"wp:term":[{"taxonomy":"category","embeddable":true,"href":"https:\/\/galeriebecot.com\/index.php?rest_route=%2Fwp%2Fv2%2Fcategories&post=19638"},{"taxonomy":"post_tag","embeddable":true,"href":"https:\/\/galeriebecot.com\/index.php?rest_route=%2Fwp%2Fv2%2Ftags&post=19638"}],"curies":[{"name":"wp","href":"https:\/\/api.w.org\/{rel}","templated":true}]}}