{"id":19614,"date":"2025-01-07T08:11:00","date_gmt":"2025-01-07T13:11:00","guid":{"rendered":"https:\/\/www.clubdescollectionneursenartsvisuelsdequebec.com\/?p=19614"},"modified":"2025-02-24T14:43:23","modified_gmt":"2025-02-24T19:43:23","slug":"pierre-lanoie-ma-verite-a-moi-de-rejeanne-lamothe","status":"publish","type":"post","link":"https:\/\/galeriebecot.com\/?p=19614","title":{"rendered":"Pierre Lanoie &#8211; Ma V\u00e9rit\u00e9 \u00c0 Moi &#8211; ( film d\u2019art et d\u2019essai ) par R\u00e9jeanne Lamothe"},"content":{"rendered":"\n<p class=\"wp-block-paragraph\">Bonjour. &nbsp;<\/p>\n\n\n\n<p class=\"wp-block-paragraph\">Vous aurez peut-\u00eatre d\u00e9j\u00e0 appris le d\u00e9c\u00e8s de notre p\u00e8re, Pierre Lanoie, qui s&rsquo;est \u00e9teint hier matin, le 7 janvier 2025, dans la qui\u00e9tude. &nbsp;Puisque, selon ses derni\u00e8res volont\u00e9s, il n&rsquo;y aura pas de c\u00e9r\u00e9monie, j&rsquo;ai pens\u00e9 que votre club serait sans doute le meilleur canal pour diffuser l&rsquo;information. &nbsp;<\/p>\n\n\n\n<p class=\"wp-block-paragraph\">Nous savons que votre pr\u00e9sentation du film de Mme Lamothe aura \u00e9t\u00e9 pour lui le plus parfait des derniers hommages. &nbsp;Il y aura \u00e9t\u00e9 entour\u00e9 des gens qui ont compt\u00e9 le plus dans sa vie. &nbsp;Nous savons qu&rsquo;il a \u00e9t\u00e9 un mentor et une inspiration pour beaucoup d&rsquo;artistes qui l&rsquo;ont \u00e0 leur tour inspir\u00e9 et guid\u00e9. &nbsp;Nous leur transmettons toutes nos sympathies. <\/p>\n\n\n\n<p class=\"wp-block-paragraph\">&nbsp;Nous croyons que ce moment de reconnaissance restera la meilleure c\u00e9r\u00e9monie qu&rsquo;il aurait pu recevoir, le bilan de toute une vie de cheminement artistique et philosophique, et dont il aura pu \u00eatre t\u00e9moin de son vivant.<\/p>\n\n\n\n<p class=\"wp-block-paragraph\">Merci<\/p>\n\n\n\n<p class=\"wp-block-paragraph\">Katia Lanoie<\/p>\n\n\n\n<figure class=\"wp-block-video\"><video height=\"1080\" style=\"aspect-ratio: 1920 \/ 1080;\" width=\"1920\" controls src=\"https:\/\/www.galeriebecot.com\/wp-content\/uploads\/2025\/01\/Pierre-Lanoie-DCD-HD-1080p-1.mov\"><\/video><figcaption>Extrait du film &#8211; Ma v\u00e9rit\u00e9 \u00e0 moi &#8211; par R\u00e9jeanne <strong>Lamothe<\/strong><\/figcaption><\/figure>\n\n\n\n<p class=\"wp-block-paragraph\">Extrait de mon journal du 31 octobre, 24)-31 octobre, 2024 Jeudi, 10h am.<\/p>\n\n\n\n<p class=\"wp-block-paragraph\">Atelier<\/p>\n\n\n\n<p class=\"wp-block-paragraph\">Je  me remets tr\u00e8s lentement de cette magnifique soir\u00e9e lors du lancement du film de R\u00e9jeanne Lamothe. Quel magnifique \u0153uvre d\u2019art elle a produit. J\u2019en ai \u00e9t\u00e9 tr\u00e8s touch\u00e9. Bravo et merci R\u00e9jeanne pour avoir su capter en si peu de temps mon int\u00e9riorit\u00e9. Un tour de force \u00e0 mes yeux. Je re\u00e7ois encore plein de commentaires sur la qualit\u00e9 de ton travail. Merci aussi \u00e0 Serge-Philippe Tremblay, photographe, pour m\u2019avoir presque port\u00e9 (ne tenant presque plus sur mes maigres jambes) si g\u00e9n\u00e9reusement pour mes d\u00e9placements durant la soir\u00e9e et pour toutes ces belles photos que tu as prises et qui me feront un si beau souvenir. <br><\/p>\n\n\n\n<p class=\"wp-block-paragraph\">Et comment ne pas remercier tous ces amis(es) de s\u2019\u00eatre d\u00e9plac\u00e9s pour voir le film de R\u00e9jeanne Lamothe, des amis dont certains, je n\u2019avais pas revu depuis des ann\u00e9es). Quel bonheur. J\u2019en aurais s\u00fbrement pour des pages \u00e0 d\u00e9crire toutes les \u00e9motions que j\u2019ai v\u00e9cues durant cette soir\u00e9e. S\u00fbrement que tout cet amour que j\u2019&rsquo;y ai re\u00e7u, m\u2019aidera \u00e0 gu\u00e9rir plus rapidement de ce mauvais virus. <\/p>\n\n\n\n<p class=\"wp-block-paragraph\">Un grand merci aussi \u00e0 toi, Lyse Marsan, pour ce beau texte sur moi. Tes paroles m\u2019ont beaucoup touch\u00e9.<\/p>\n\n\n\n<p class=\"wp-block-paragraph\">Et finalement c\u2019est plein de reconnaissance que je remercie Maitre Marc Bellemare du Club des Collectionneurs de m\u2019avoir fait cet honneur de me recevoir dans ce Temple de l\u2019art qu\u2019est devenu le Club des Collectionneurs.<\/p>\n\n\n\n<p class=\"wp-block-paragraph\"> &lt;&lt; Cherche la lumi\u00e8re et la libert\u00e9&gt;&gt;,\u00e9crivait Vincent Van Gogh \u00e0 son fr\u00e8re Th\u00e9o :un programme qu\u2019il a respect\u00e9, mieux que nul autre. <\/p>\n\n\n\n<p class=\"wp-block-paragraph\">Pierre Lanoie<\/p>\n\n\n\n<figure class=\"wp-block-image size-full is-resized\"><a href=\"https:\/\/www.galeriebecot.com\/wp-content\/uploads\/2025\/01\/Lanoie-Becot.jpg\"><img loading=\"lazy\" decoding=\"async\" src=\"https:\/\/www.galeriebecot.com\/wp-content\/uploads\/2025\/01\/Lanoie-Becot.jpg\" alt=\"\" class=\"wp-image-20128\" width=\"495\" height=\"491\" srcset=\"https:\/\/galeriebecot.com\/wp-content\/uploads\/2025\/01\/Lanoie-Becot.jpg 864w, https:\/\/galeriebecot.com\/wp-content\/uploads\/2025\/01\/Lanoie-Becot-300x298.jpg 300w, https:\/\/galeriebecot.com\/wp-content\/uploads\/2025\/01\/Lanoie-Becot-150x150.jpg 150w, https:\/\/galeriebecot.com\/wp-content\/uploads\/2025\/01\/Lanoie-Becot-768x763.jpg 768w\" sizes=\"auto, (max-width: 495px) 100vw, 495px\" \/><\/a><figcaption>Pierre <strong>Lanoie<\/strong> et Andr\u00e9 <strong>B\u00e9cot<\/strong>, <em>Septembre 2024<\/em><\/figcaption><\/figure>\n\n\n\n<figure class=\"wp-block-image size-large\"><a href=\"https:\/\/www.galeriebecot.com\/wp-content\/uploads\/2025\/02\/Pierre-copie.jpg\"><img loading=\"lazy\" decoding=\"async\" width=\"1024\" height=\"787\" src=\"https:\/\/www.galeriebecot.com\/wp-content\/uploads\/2025\/02\/Pierre-copie-1024x787.jpg\" alt=\"\" class=\"wp-image-20212\" srcset=\"https:\/\/galeriebecot.com\/wp-content\/uploads\/2025\/02\/Pierre-copie-1024x787.jpg 1024w, https:\/\/galeriebecot.com\/wp-content\/uploads\/2025\/02\/Pierre-copie-300x231.jpg 300w, https:\/\/galeriebecot.com\/wp-content\/uploads\/2025\/02\/Pierre-copie-768x590.jpg 768w, https:\/\/galeriebecot.com\/wp-content\/uploads\/2025\/02\/Pierre-copie.jpg 1224w\" sizes=\"auto, (max-width: 1024px) 100vw, 1024px\" \/><\/a><\/figure>\n\n\n\n<figure class=\"wp-block-image size-large\"><a href=\"https:\/\/www.galeriebecot.com\/wp-content\/uploads\/2025\/02\/Souvenirs-2Pierre.jpg\"><img loading=\"lazy\" decoding=\"async\" width=\"1024\" height=\"787\" src=\"https:\/\/www.galeriebecot.com\/wp-content\/uploads\/2025\/02\/Souvenirs-2Pierre-1024x787.jpg\" alt=\"\" class=\"wp-image-20213\" srcset=\"https:\/\/galeriebecot.com\/wp-content\/uploads\/2025\/02\/Souvenirs-2Pierre-1024x787.jpg 1024w, https:\/\/galeriebecot.com\/wp-content\/uploads\/2025\/02\/Souvenirs-2Pierre-300x231.jpg 300w, https:\/\/galeriebecot.com\/wp-content\/uploads\/2025\/02\/Souvenirs-2Pierre-768x591.jpg 768w, https:\/\/galeriebecot.com\/wp-content\/uploads\/2025\/02\/Souvenirs-2Pierre-1536x1181.jpg 1536w, https:\/\/galeriebecot.com\/wp-content\/uploads\/2025\/02\/Souvenirs-2Pierre.jpg 1584w\" sizes=\"auto, (max-width: 1024px) 100vw, 1024px\" \/><\/a><\/figure>\n\n\n\n<figure class=\"wp-block-image size-large\"><a href=\"https:\/\/www.galeriebecot.com\/wp-content\/uploads\/2025\/02\/Hommage-2-Pierre-Lanoie.jpg\"><img loading=\"lazy\" decoding=\"async\" width=\"809\" height=\"1024\" src=\"https:\/\/www.galeriebecot.com\/wp-content\/uploads\/2025\/02\/Hommage-2-Pierre-Lanoie-809x1024.jpg\" alt=\"\" class=\"wp-image-20249\" srcset=\"https:\/\/galeriebecot.com\/wp-content\/uploads\/2025\/02\/Hommage-2-Pierre-Lanoie-809x1024.jpg 809w, https:\/\/galeriebecot.com\/wp-content\/uploads\/2025\/02\/Hommage-2-Pierre-Lanoie-237x300.jpg 237w, https:\/\/galeriebecot.com\/wp-content\/uploads\/2025\/02\/Hommage-2-Pierre-Lanoie-768x972.jpg 768w, https:\/\/galeriebecot.com\/wp-content\/uploads\/2025\/02\/Hommage-2-Pierre-Lanoie.jpg 1139w\" sizes=\"auto, (max-width: 809px) 100vw, 809px\" \/><\/a><\/figure>\n\n\n\n<figure class=\"wp-block-image size-large\"><a href=\"https:\/\/www.galeriebecot.com\/wp-content\/uploads\/2025\/02\/Hommage-Pierre-1-1.jpg\"><img loading=\"lazy\" decoding=\"async\" width=\"965\" height=\"1024\" src=\"https:\/\/www.galeriebecot.com\/wp-content\/uploads\/2025\/02\/Hommage-Pierre-1-1-965x1024.jpg\" alt=\"\" class=\"wp-image-20247\" srcset=\"https:\/\/galeriebecot.com\/wp-content\/uploads\/2025\/02\/Hommage-Pierre-1-1-965x1024.jpg 965w, https:\/\/galeriebecot.com\/wp-content\/uploads\/2025\/02\/Hommage-Pierre-1-1-283x300.jpg 283w, https:\/\/galeriebecot.com\/wp-content\/uploads\/2025\/02\/Hommage-Pierre-1-1-768x815.jpg 768w, https:\/\/galeriebecot.com\/wp-content\/uploads\/2025\/02\/Hommage-Pierre-1-1-1448x1536.jpg 1448w, https:\/\/galeriebecot.com\/wp-content\/uploads\/2025\/02\/Hommage-Pierre-1-1.jpg 1499w\" sizes=\"auto, (max-width: 965px) 100vw, 965px\" \/><\/a><figcaption>Quelques images _ Hommage \u00e0 Pierre en ce Dimanche 23 f\u00e9vrier 2025 \u00e0 la Galerie Linda Verge.<\/figcaption><\/figure>\n\n\n\n<figure class=\"wp-block-image size-full is-resized\"><a href=\"https:\/\/michelparent.com\/club\/\"><img loading=\"lazy\" decoding=\"async\" src=\"https:\/\/www.galeriebecot.com\/wp-content\/uploads\/2024\/10\/Invitation2.jpg\" alt=\"\" class=\"wp-image-19632\" width=\"370\" height=\"83\" srcset=\"https:\/\/galeriebecot.com\/wp-content\/uploads\/2024\/10\/Invitation2.jpg 824w, https:\/\/galeriebecot.com\/wp-content\/uploads\/2024\/10\/Invitation2-300x67.jpg 300w, https:\/\/galeriebecot.com\/wp-content\/uploads\/2024\/10\/Invitation2-768x172.jpg 768w\" sizes=\"auto, (max-width: 370px) 100vw, 370px\" \/><\/a><\/figure>\n\n\n\n<figure class=\"wp-block-image size-full is-resized\"><a href=\"https:\/\/www.facebook.com\/ClubCAVQ\"><img loading=\"lazy\" decoding=\"async\" src=\"https:\/\/www.galeriebecot.com\/wp-content\/uploads\/2024\/10\/Fsace-Book-Logo-292x300-1.jpg\" alt=\"\" class=\"wp-image-19754\" width=\"56\" height=\"57\" srcset=\"https:\/\/galeriebecot.com\/wp-content\/uploads\/2024\/10\/Fsace-Book-Logo-292x300-1.jpg 292w, https:\/\/galeriebecot.com\/wp-content\/uploads\/2024\/10\/Fsace-Book-Logo-292x300-1-150x150.jpg 150w\" sizes=\"auto, (max-width: 56px) 100vw, 56px\" \/><\/a><figcaption>Lien pour nous suivre sur Facebook ! Club CAVQ<\/figcaption><\/figure>\n\n\n\n<p class=\"wp-block-paragraph\"><strong>Lundi le 28 octobre 2024<\/strong> , \u00e0 l\u2019auditorium de<strong> l\u2019ENAP.<\/strong><\/p>\n\n\n\n<p class=\"wp-block-paragraph\">555 Boulevard Charest Est.<\/p>\n\n\n\n<p class=\"wp-block-paragraph\">Qu\u00e9bec(Qc) G1K 9E5.<\/p>\n\n\n\n<p class=\"wp-block-paragraph\"><strong>Bienvenue \u00e0 tous !<\/strong><\/p>\n\n\n\n<figure class=\"wp-block-image size-large\"><a href=\"https:\/\/www.galeriebecot.com\/wp-content\/uploads\/2024\/10\/Lanoie-1.jpg\"><img loading=\"lazy\" decoding=\"async\" width=\"1024\" height=\"975\" src=\"https:\/\/www.galeriebecot.com\/wp-content\/uploads\/2024\/10\/Lanoie-1-1024x975.jpg\" alt=\"\" class=\"wp-image-19615\" srcset=\"https:\/\/galeriebecot.com\/wp-content\/uploads\/2024\/10\/Lanoie-1-1024x975.jpg 1024w, https:\/\/galeriebecot.com\/wp-content\/uploads\/2024\/10\/Lanoie-1-300x286.jpg 300w, https:\/\/galeriebecot.com\/wp-content\/uploads\/2024\/10\/Lanoie-1-768x731.jpg 768w, https:\/\/galeriebecot.com\/wp-content\/uploads\/2024\/10\/Lanoie-1.jpg 1440w\" sizes=\"auto, (max-width: 1024px) 100vw, 1024px\" \/><\/a><\/figure>\n\n\n\n<figure class=\"wp-block-video\"><video height=\"1080\" style=\"aspect-ratio: 1920 \/ 1080;\" width=\"1920\" controls src=\"https:\/\/www.galeriebecot.com\/wp-content\/uploads\/2024\/10\/Verite-Bande-annonce-B-26.09.2024-Plan-HD-1080p.mov\"><\/video><\/figure>\n\n\n\n<figure class=\"wp-block-image size-large\"><a href=\"https:\/\/www.galeriebecot.com\/wp-content\/uploads\/2024\/10\/Lanoie2.jpg\"><img loading=\"lazy\" decoding=\"async\" width=\"1024\" height=\"871\" src=\"https:\/\/www.galeriebecot.com\/wp-content\/uploads\/2024\/10\/Lanoie2-1024x871.jpg\" alt=\"\" class=\"wp-image-19616\" srcset=\"https:\/\/galeriebecot.com\/wp-content\/uploads\/2024\/10\/Lanoie2-1024x871.jpg 1024w, https:\/\/galeriebecot.com\/wp-content\/uploads\/2024\/10\/Lanoie2-300x255.jpg 300w, https:\/\/galeriebecot.com\/wp-content\/uploads\/2024\/10\/Lanoie2-768x653.jpg 768w, https:\/\/galeriebecot.com\/wp-content\/uploads\/2024\/10\/Lanoie2.jpg 1440w\" sizes=\"auto, (max-width: 1024px) 100vw, 1024px\" \/><\/a><\/figure>\n\n\n\n<figure class=\"wp-block-image size-full is-resized\"><a href=\"https:\/\/www.galeriebecot.com\/wp-content\/uploads\/2024\/10\/Lancemen-t.jpg\"><img loading=\"lazy\" decoding=\"async\" src=\"https:\/\/www.galeriebecot.com\/wp-content\/uploads\/2024\/10\/Lancemen-t.jpg\" alt=\"\" class=\"wp-image-19838\" width=\"461\" height=\"490\" srcset=\"https:\/\/galeriebecot.com\/wp-content\/uploads\/2024\/10\/Lancemen-t.jpg 936w, https:\/\/galeriebecot.com\/wp-content\/uploads\/2024\/10\/Lancemen-t-282x300.jpg 282w, https:\/\/galeriebecot.com\/wp-content\/uploads\/2024\/10\/Lancemen-t-768x816.jpg 768w\" sizes=\"auto, (max-width: 461px) 100vw, 461px\" \/><\/a><\/figure>\n\n\n\n<figure class=\"wp-block-image size-large is-resized\"><a href=\"https:\/\/www.galeriebecot.com\/wp-content\/uploads\/2024\/10\/Lanoie3.jpg\"><img loading=\"lazy\" decoding=\"async\" src=\"https:\/\/www.galeriebecot.com\/wp-content\/uploads\/2024\/10\/Lanoie3-1024x332.jpg\" alt=\"\" class=\"wp-image-19617\" width=\"461\" height=\"149\" srcset=\"https:\/\/galeriebecot.com\/wp-content\/uploads\/2024\/10\/Lanoie3-1024x332.jpg 1024w, https:\/\/galeriebecot.com\/wp-content\/uploads\/2024\/10\/Lanoie3-300x97.jpg 300w, https:\/\/galeriebecot.com\/wp-content\/uploads\/2024\/10\/Lanoie3-768x249.jpg 768w, https:\/\/galeriebecot.com\/wp-content\/uploads\/2024\/10\/Lanoie3.jpg 1440w\" sizes=\"auto, (max-width: 461px) 100vw, 461px\" \/><\/a><\/figure>\n\n\n\n<figure class=\"wp-block-image size-large is-resized\"><a href=\"https:\/\/www.galeriebecot.com\/wp-content\/uploads\/2024\/11\/Gang-plus.jpg\"><img loading=\"lazy\" decoding=\"async\" src=\"https:\/\/www.galeriebecot.com\/wp-content\/uploads\/2024\/11\/Gang-plus-1024x476.jpg\" alt=\"\" class=\"wp-image-19906\" width=\"716\" height=\"333\" srcset=\"https:\/\/galeriebecot.com\/wp-content\/uploads\/2024\/11\/Gang-plus-1024x476.jpg 1024w, https:\/\/galeriebecot.com\/wp-content\/uploads\/2024\/11\/Gang-plus-300x140.jpg 300w, https:\/\/galeriebecot.com\/wp-content\/uploads\/2024\/11\/Gang-plus-768x357.jpg 768w, https:\/\/galeriebecot.com\/wp-content\/uploads\/2024\/11\/Gang-plus.jpg 1152w\" sizes=\"auto, (max-width: 716px) 100vw, 716px\" \/><\/a><figcaption>En cette belle soir\u00e9e du 28 octobre 2024, au lancement du film<br><strong>Ma v\u00e9rit\u00e9 \u00e0 moi , Pierre Lanoie<\/strong> ( <em>r\u00e9alisatrice par R\u00e9jeanne <strong>Lamothe<\/strong><\/em>)<\/figcaption><\/figure>\n\n\n\n<p class=\"wp-block-paragraph\">Pierre Lanoie est un artiste figuratif dont l\u2019\u0153uvre se distingue par une pr\u00e9dilection pour le pastel, un m\u00e9dium qui permet de cr\u00e9er des compositions sensibles et nuanc\u00e9es. Dans ses cr\u00e9ations, l\u2019artiste explore la beaut\u00e9 du monde tangible \u00e0 travers des repr\u00e9sentations figuratives, tout en cherchant \u00e0 capturer les \u00e9motions et les impressions qui \u00e9manent de chaque sujet qu\u2019il aborde. Son utilisation du pastel, avec ses textures d\u00e9licates et ses couleurs douces, t\u00e9moigne d\u2019une volont\u00e9 de traduire visuellement l\u2019int\u00e9riorit\u00e9 humaine et l\u2019atmosph\u00e8re des sc\u00e8nes qu\u2019il immortalise.<\/p>\n\n\n\n<p class=\"wp-block-paragraph\">En plus de son travail artistique, Pierre Lanoie est \u00e9galement philosophe et \u00e9crivain. Son approche de l\u2019art ne se limite pas \u00e0 la simple repr\u00e9sentation, mais s\u2019inscrit dans une r\u00e9flexion plus profonde sur la condition humaine, la perception du monde et les rapports entre l\u2019individu et la soci\u00e9t\u00e9. Cette dimension philosophique se refl\u00e8te dans ses \u00e9crits, o\u00f9 il interroge les grandes questions existentielles, tout en proposant des pistes de r\u00e9flexion qui enrichissent sa pratique artistique. Lanoie semble ainsi voir l\u2019art comme un moyen de compr\u00e9hension et de questionnement, une voie pour exprimer l\u2019indicible et toucher des v\u00e9rit\u00e9s universelles.<\/p>\n\n\n\n<figure class=\"wp-block-image size-large is-resized\"><a href=\"https:\/\/www.galeriebecot.com\/wp-content\/uploads\/2024\/10\/Reunion-club-060224.jpg\"><img loading=\"lazy\" decoding=\"async\" src=\"https:\/\/www.galeriebecot.com\/wp-content\/uploads\/2024\/10\/Reunion-club-060224-1024x596.jpg\" alt=\"\" class=\"wp-image-19624\" width=\"638\" height=\"370\" srcset=\"https:\/\/galeriebecot.com\/wp-content\/uploads\/2024\/10\/Reunion-club-060224-1024x596.jpg 1024w, https:\/\/galeriebecot.com\/wp-content\/uploads\/2024\/10\/Reunion-club-060224-300x175.jpg 300w, https:\/\/galeriebecot.com\/wp-content\/uploads\/2024\/10\/Reunion-club-060224-768x447.jpg 768w\" sizes=\"auto, (max-width: 638px) 100vw, 638px\" \/><\/a><figcaption>Planification des rencontres du club des collectionneurs , Dimanche 6 octobre 2024 au Caf\u00e9 Krieghoff.<\/figcaption><\/figure>\n","protected":false},"excerpt":{"rendered":"<p>Bonjour. &nbsp; Vous aurez peut-\u00eatre d\u00e9j\u00e0 appris le d\u00e9c\u00e8s de notre p\u00e8re, Pierre Lanoie, qui s&rsquo;est \u00e9teint hier matin, le 7 janvier 2025, dans la qui\u00e9tude. &nbsp;Puisque, selon ses derni\u00e8res&hellip; <\/p>\n","protected":false},"author":1,"featured_media":0,"comment_status":"open","ping_status":"open","sticky":false,"template":"","format":"standard","meta":{"_exactmetrics_skip_tracking":false,"_exactmetrics_sitenote_active":false,"_exactmetrics_sitenote_note":"","_exactmetrics_sitenote_category":0,"footnotes":""},"categories":[20,27,17],"tags":[34,6,67,4848,454,58,882,458,1150,37,40],"class_list":["post-19614","post","type-post","status-publish","format-standard","hentry","category-article-descriptif","category-artistes","category-conference","tag-andre-becot","tag-club-des-collectionneurs-en-arts-visuels-de-quebec","tag-club-des-collectionneurs-en-arts-visuels-de-quebec-marc-bellemare","tag-katia-lanoie","tag-lyse-marsan","tag-marc-bellemare-collectionneur","tag-michel-parent","tag-pierre-lanoie","tag-rejeanne-lamothe","tag-studio-becot","tag-visuals-arts"],"_links":{"self":[{"href":"https:\/\/galeriebecot.com\/index.php?rest_route=\/wp\/v2\/posts\/19614","targetHints":{"allow":["GET"]}}],"collection":[{"href":"https:\/\/galeriebecot.com\/index.php?rest_route=\/wp\/v2\/posts"}],"about":[{"href":"https:\/\/galeriebecot.com\/index.php?rest_route=\/wp\/v2\/types\/post"}],"author":[{"embeddable":true,"href":"https:\/\/galeriebecot.com\/index.php?rest_route=\/wp\/v2\/users\/1"}],"replies":[{"embeddable":true,"href":"https:\/\/galeriebecot.com\/index.php?rest_route=%2Fwp%2Fv2%2Fcomments&post=19614"}],"version-history":[{"count":40,"href":"https:\/\/galeriebecot.com\/index.php?rest_route=\/wp\/v2\/posts\/19614\/revisions"}],"predecessor-version":[{"id":20251,"href":"https:\/\/galeriebecot.com\/index.php?rest_route=\/wp\/v2\/posts\/19614\/revisions\/20251"}],"wp:attachment":[{"href":"https:\/\/galeriebecot.com\/index.php?rest_route=%2Fwp%2Fv2%2Fmedia&parent=19614"}],"wp:term":[{"taxonomy":"category","embeddable":true,"href":"https:\/\/galeriebecot.com\/index.php?rest_route=%2Fwp%2Fv2%2Fcategories&post=19614"},{"taxonomy":"post_tag","embeddable":true,"href":"https:\/\/galeriebecot.com\/index.php?rest_route=%2Fwp%2Fv2%2Ftags&post=19614"}],"curies":[{"name":"wp","href":"https:\/\/api.w.org\/{rel}","templated":true}]}}