{"id":19545,"date":"2024-09-14T10:32:00","date_gmt":"2024-09-14T14:32:00","guid":{"rendered":"https:\/\/www.clubdescollectionneursenartsvisuelsdequebec.com\/?p=19545"},"modified":"2024-09-25T17:46:53","modified_gmt":"2024-09-25T21:46:53","slug":"marc-guerin-en-solo-chez-imafa","status":"publish","type":"post","link":"https:\/\/galeriebecot.com\/?p=19545","title":{"rendered":"Marc Gu\u00e9rin expose en Solo chez IMAFA"},"content":{"rendered":"\n<figure class=\"wp-block-image size-large\"><a href=\"https:\/\/www.galeriebecot.com\/wp-content\/uploads\/2024\/09\/Guerin1.jpg\"><img loading=\"lazy\" decoding=\"async\" width=\"1024\" height=\"640\" src=\"https:\/\/www.galeriebecot.com\/wp-content\/uploads\/2024\/09\/Guerin1-1024x640.jpg\" alt=\"\" class=\"wp-image-19546\" srcset=\"https:\/\/galeriebecot.com\/wp-content\/uploads\/2024\/09\/Guerin1-1024x640.jpg 1024w, https:\/\/galeriebecot.com\/wp-content\/uploads\/2024\/09\/Guerin1-300x188.jpg 300w, https:\/\/galeriebecot.com\/wp-content\/uploads\/2024\/09\/Guerin1-768x480.jpg 768w, https:\/\/galeriebecot.com\/wp-content\/uploads\/2024\/09\/Guerin1.jpg 1152w\" sizes=\"auto, (max-width: 1024px) 100vw, 1024px\" \/><\/a><\/figure>\n\n\n\n<p class=\"wp-block-paragraph\">Cette exposition , qui survient 40 ans apr\u00e8s la pr\u00e9c\u00e9dente, est la cons\u00e9quence d&rsquo;une s\u00e9rie d&rsquo;\u00e9v\u00e9nements f\u00e2cheux qui m&rsquo;ont clou\u00e9 dans mon atelier&#8230;.<\/p>\n\n\n\n<p class=\"wp-block-paragraph\">Bienvenue \u00e0 tous !<\/p>\n\n\n\n<figure class=\"wp-block-image size-large\"><a href=\"https:\/\/www.galeriebecot.com\/wp-content\/uploads\/2024\/09\/Guerin-2.jpg\"><img loading=\"lazy\" decoding=\"async\" width=\"1024\" height=\"553\" src=\"https:\/\/www.galeriebecot.com\/wp-content\/uploads\/2024\/09\/Guerin-2-1024x553.jpg\" alt=\"\" class=\"wp-image-19547\" srcset=\"https:\/\/galeriebecot.com\/wp-content\/uploads\/2024\/09\/Guerin-2-1024x553.jpg 1024w, https:\/\/galeriebecot.com\/wp-content\/uploads\/2024\/09\/Guerin-2-300x162.jpg 300w, https:\/\/galeriebecot.com\/wp-content\/uploads\/2024\/09\/Guerin-2-768x415.jpg 768w, https:\/\/galeriebecot.com\/wp-content\/uploads\/2024\/09\/Guerin-2.jpg 1152w\" sizes=\"auto, (max-width: 1024px) 100vw, 1024px\" \/><\/a><\/figure>\n\n\n\n<figure class=\"wp-block-image size-large\"><a href=\"https:\/\/www.galeriebecot.com\/wp-content\/uploads\/2024\/09\/Guerin3.jpg\"><img loading=\"lazy\" decoding=\"async\" width=\"1024\" height=\"568\" src=\"https:\/\/www.galeriebecot.com\/wp-content\/uploads\/2024\/09\/Guerin3-1024x568.jpg\" alt=\"\" class=\"wp-image-19548\" srcset=\"https:\/\/galeriebecot.com\/wp-content\/uploads\/2024\/09\/Guerin3-1024x568.jpg 1024w, https:\/\/galeriebecot.com\/wp-content\/uploads\/2024\/09\/Guerin3-300x166.jpg 300w, https:\/\/galeriebecot.com\/wp-content\/uploads\/2024\/09\/Guerin3-768x426.jpg 768w, https:\/\/galeriebecot.com\/wp-content\/uploads\/2024\/09\/Guerin3.jpg 1152w\" sizes=\"auto, (max-width: 1024px) 100vw, 1024px\" \/><\/a><\/figure>\n\n\n\n<figure class=\"wp-block-video\"><video height=\"1080\" style=\"aspect-ratio: 1920 \/ 1080;\" width=\"1920\" controls src=\"https:\/\/www.galeriebecot.com\/wp-content\/uploads\/2024\/09\/IMG_0300.mov\"><\/video><\/figure>\n\n\n\n<p class=\"wp-block-paragraph\">Pr\u00e9visualiser l&rsquo;exposition de Marc Gu\u00e9rin en montage.<\/p>\n","protected":false},"excerpt":{"rendered":"<p>Cette exposition , qui survient 40 ans apr\u00e8s la pr\u00e9c\u00e9dente, est la cons\u00e9quence d&rsquo;une s\u00e9rie d&rsquo;\u00e9v\u00e9nements f\u00e2cheux qui m&rsquo;ont clou\u00e9 dans mon atelier&#8230;. Bienvenue \u00e0 tous ! Pr\u00e9visualiser l&rsquo;exposition de&hellip; <\/p>\n","protected":false},"author":1,"featured_media":0,"comment_status":"open","ping_status":"open","sticky":false,"template":"","format":"standard","meta":{"_exactmetrics_skip_tracking":false,"_exactmetrics_sitenote_active":false,"_exactmetrics_sitenote_note":"","_exactmetrics_sitenote_category":0,"footnotes":""},"categories":[1],"tags":[34,735,6,4836,58,2780,37,40],"class_list":["post-19545","post","type-post","status-publish","format-standard","hentry","category-non-classe","tag-andre-becot","tag-artistes","tag-club-des-collectionneurs-en-arts-visuels-de-quebec","tag-groupe-imafa","tag-marc-bellemare-collectionneur","tag-marc-guerin","tag-studio-becot","tag-visuals-arts"],"_links":{"self":[{"href":"https:\/\/galeriebecot.com\/index.php?rest_route=\/wp\/v2\/posts\/19545","targetHints":{"allow":["GET"]}}],"collection":[{"href":"https:\/\/galeriebecot.com\/index.php?rest_route=\/wp\/v2\/posts"}],"about":[{"href":"https:\/\/galeriebecot.com\/index.php?rest_route=\/wp\/v2\/types\/post"}],"author":[{"embeddable":true,"href":"https:\/\/galeriebecot.com\/index.php?rest_route=\/wp\/v2\/users\/1"}],"replies":[{"embeddable":true,"href":"https:\/\/galeriebecot.com\/index.php?rest_route=%2Fwp%2Fv2%2Fcomments&post=19545"}],"version-history":[{"count":3,"href":"https:\/\/galeriebecot.com\/index.php?rest_route=\/wp\/v2\/posts\/19545\/revisions"}],"predecessor-version":[{"id":19585,"href":"https:\/\/galeriebecot.com\/index.php?rest_route=\/wp\/v2\/posts\/19545\/revisions\/19585"}],"wp:attachment":[{"href":"https:\/\/galeriebecot.com\/index.php?rest_route=%2Fwp%2Fv2%2Fmedia&parent=19545"}],"wp:term":[{"taxonomy":"category","embeddable":true,"href":"https:\/\/galeriebecot.com\/index.php?rest_route=%2Fwp%2Fv2%2Fcategories&post=19545"},{"taxonomy":"post_tag","embeddable":true,"href":"https:\/\/galeriebecot.com\/index.php?rest_route=%2Fwp%2Fv2%2Ftags&post=19545"}],"curies":[{"name":"wp","href":"https:\/\/api.w.org\/{rel}","templated":true}]}}