{"id":19525,"date":"2024-09-17T09:30:41","date_gmt":"2024-09-17T13:30:41","guid":{"rendered":"https:\/\/www.clubdescollectionneursenartsvisuelsdequebec.com\/?p=19525"},"modified":"2024-09-17T10:01:18","modified_gmt":"2024-09-17T14:01:18","slug":"chez-jean-pierre-morin-le-14-septembre-2024","status":"publish","type":"post","link":"https:\/\/galeriebecot.com\/?p=19525","title":{"rendered":"Chez Jean Pierre Morin le 14 septembre 2024"},"content":{"rendered":"\n<p class=\"wp-block-paragraph\">C&rsquo;\u00e9tait la f\u00eate&#8230;Quel bonheur !<\/p>\n\n\n\n<figure class=\"wp-block-image size-large\"><a href=\"https:\/\/www.facebook.com\/share\/v\/iKT2xGKqfnXsLuLh\/\"><img loading=\"lazy\" decoding=\"async\" width=\"1024\" height=\"624\" src=\"https:\/\/www.galeriebecot.com\/wp-content\/uploads\/2024\/09\/Jean-Pierre-Morin-Epluchette-1024x624.jpg\" alt=\"\" class=\"wp-image-19526\" srcset=\"https:\/\/galeriebecot.com\/wp-content\/uploads\/2024\/09\/Jean-Pierre-Morin-Epluchette-1024x624.jpg 1024w, https:\/\/galeriebecot.com\/wp-content\/uploads\/2024\/09\/Jean-Pierre-Morin-Epluchette-300x183.jpg 300w, https:\/\/galeriebecot.com\/wp-content\/uploads\/2024\/09\/Jean-Pierre-Morin-Epluchette-768x468.jpg 768w, https:\/\/galeriebecot.com\/wp-content\/uploads\/2024\/09\/Jean-Pierre-Morin-Epluchette.jpg 1383w\" sizes=\"auto, (max-width: 1024px) 100vw, 1024px\" \/><\/a><figcaption>Un click sur l&rsquo;image pour visionner la video de cette fin de journ\u00e9e magnifique !<\/figcaption><\/figure>\n\n\n\n<p class=\"wp-block-paragraph\"><a href=\"https:\/\/www.be-video.info\">Images par R\u00e9jeanne Lamothe ! Un gros merci !<\/a><\/p>\n\n\n\n<figure class=\"wp-block-image size-large\"><a href=\"https:\/\/www.galeriebecot.com\/?s=Jean+Pierre+Morin\"><img loading=\"lazy\" decoding=\"async\" width=\"794\" height=\"1024\" src=\"https:\/\/www.galeriebecot.com\/wp-content\/uploads\/2024\/09\/Jean-Pierre-Morin-Conferencier-794x1024.jpg\" alt=\"\" class=\"wp-image-19529\" srcset=\"https:\/\/galeriebecot.com\/wp-content\/uploads\/2024\/09\/Jean-Pierre-Morin-Conferencier-794x1024.jpg 794w, https:\/\/galeriebecot.com\/wp-content\/uploads\/2024\/09\/Jean-Pierre-Morin-Conferencier-233x300.jpg 233w, https:\/\/galeriebecot.com\/wp-content\/uploads\/2024\/09\/Jean-Pierre-Morin-Conferencier-768x991.jpg 768w, https:\/\/galeriebecot.com\/wp-content\/uploads\/2024\/09\/Jean-Pierre-Morin-Conferencier-1191x1536.jpg 1191w, https:\/\/galeriebecot.com\/wp-content\/uploads\/2024\/09\/Jean-Pierre-Morin-Conferencier.jpg 1283w\" sizes=\"auto, (max-width: 794px) 100vw, 794px\" \/><\/a><\/figure>\n\n\n\n<figure class=\"wp-block-image size-large\"><a href=\"https:\/\/www.facebook.com\/676717350\/videos\/pcb.10161827632212351\/965074555632563\"><img loading=\"lazy\" decoding=\"async\" width=\"626\" height=\"1024\" src=\"https:\/\/www.galeriebecot.com\/wp-content\/uploads\/2024\/09\/Claude-Lepine-artiste-626x1024.jpg\" alt=\"\" class=\"wp-image-19541\" srcset=\"https:\/\/galeriebecot.com\/wp-content\/uploads\/2024\/09\/Claude-Lepine-artiste-626x1024.jpg 626w, https:\/\/galeriebecot.com\/wp-content\/uploads\/2024\/09\/Claude-Lepine-artiste-183x300.jpg 183w, https:\/\/galeriebecot.com\/wp-content\/uploads\/2024\/09\/Claude-Lepine-artiste-768x1256.jpg 768w, https:\/\/galeriebecot.com\/wp-content\/uploads\/2024\/09\/Claude-Lepine-artiste-939x1536.jpg 939w, https:\/\/galeriebecot.com\/wp-content\/uploads\/2024\/09\/Claude-Lepine-artiste.jpg 1013w\" sizes=\"auto, (max-width: 626px) 100vw, 626px\" \/><\/a><figcaption>Images par l&rsquo;artiste Kl\u00f6dy Tremblay. Un gros merci !<\/figcaption><\/figure>\n","protected":false},"excerpt":{"rendered":"<p>C&rsquo;\u00e9tait la f\u00eate&#8230;Quel bonheur ! Images par R\u00e9jeanne Lamothe ! Un gros merci !<\/p>\n","protected":false},"author":1,"featured_media":0,"comment_status":"open","ping_status":"open","sticky":false,"template":"","format":"standard","meta":{"_exactmetrics_skip_tracking":false,"_exactmetrics_sitenote_active":false,"_exactmetrics_sitenote_note":"","_exactmetrics_sitenote_category":0,"footnotes":""},"categories":[1],"tags":[34,43,6,35,4834,4835,58,37,40],"class_list":["post-19525","post","type-post","status-publish","format-standard","hentry","category-non-classe","tag-andre-becot","tag-arts-visuels","tag-club-des-collectionneurs-en-arts-visuels-de-quebec","tag-foire-en-arts-actuel","tag-jean-pierre-morin-sculpteur","tag-jean-pierre-morin-artiste","tag-marc-bellemare-collectionneur","tag-studio-becot","tag-visuals-arts"],"_links":{"self":[{"href":"https:\/\/galeriebecot.com\/index.php?rest_route=\/wp\/v2\/posts\/19525","targetHints":{"allow":["GET"]}}],"collection":[{"href":"https:\/\/galeriebecot.com\/index.php?rest_route=\/wp\/v2\/posts"}],"about":[{"href":"https:\/\/galeriebecot.com\/index.php?rest_route=\/wp\/v2\/types\/post"}],"author":[{"embeddable":true,"href":"https:\/\/galeriebecot.com\/index.php?rest_route=\/wp\/v2\/users\/1"}],"replies":[{"embeddable":true,"href":"https:\/\/galeriebecot.com\/index.php?rest_route=%2Fwp%2Fv2%2Fcomments&post=19525"}],"version-history":[{"count":12,"href":"https:\/\/galeriebecot.com\/index.php?rest_route=\/wp\/v2\/posts\/19525\/revisions"}],"predecessor-version":[{"id":19544,"href":"https:\/\/galeriebecot.com\/index.php?rest_route=\/wp\/v2\/posts\/19525\/revisions\/19544"}],"wp:attachment":[{"href":"https:\/\/galeriebecot.com\/index.php?rest_route=%2Fwp%2Fv2%2Fmedia&parent=19525"}],"wp:term":[{"taxonomy":"category","embeddable":true,"href":"https:\/\/galeriebecot.com\/index.php?rest_route=%2Fwp%2Fv2%2Fcategories&post=19525"},{"taxonomy":"post_tag","embeddable":true,"href":"https:\/\/galeriebecot.com\/index.php?rest_route=%2Fwp%2Fv2%2Ftags&post=19525"}],"curies":[{"name":"wp","href":"https:\/\/api.w.org\/{rel}","templated":true}]}}