{"id":1952,"date":"2014-04-25T12:29:57","date_gmt":"2014-04-25T16:29:57","guid":{"rendered":"http:\/\/www.clubdescollectionneursenartsvisuelsdequebec.com\/?p=1952"},"modified":"2014-04-25T12:33:44","modified_gmt":"2014-04-25T16:33:44","slug":"disparition-exposition-au-musee-de-lachine","status":"publish","type":"post","link":"https:\/\/galeriebecot.com\/?p=1952","title":{"rendered":"Disparition (exposition au Mus\u00e9e de Lachine)"},"content":{"rendered":"<p><a href=\"https:\/\/www.galeriebecot.com\/wp-content\/uploads\/2014\/04\/Lachine.gif\"><img loading=\"lazy\" decoding=\"async\" class=\"alignnone size-full wp-image-1953\" alt=\"Lachine\" src=\"https:\/\/www.galeriebecot.com\/wp-content\/uploads\/2014\/04\/Lachine.gif\" width=\"999\" height=\"859\" \/><\/a><\/p>\n<p>&nbsp;<\/p>\n<p><a href=\"https:\/\/www.galeriebecot.com\/wp-content\/uploads\/2014\/04\/Communiqu\u00e9_Exposition-Disparition_Mus\u00e9e-de-Lachine_2014.jpg\"><img loading=\"lazy\" decoding=\"async\" class=\"alignnone size-large wp-image-1957\" alt=\"Microsoft Word - Communiqu\u008e_2014 03 07_FINAL.docx\" src=\"https:\/\/www.galeriebecot.com\/wp-content\/uploads\/2014\/04\/Communiqu\u00e9_Exposition-Disparition_Mus\u00e9e-de-Lachine_2014-795x1024.jpg\" width=\"700\" height=\"901\" srcset=\"https:\/\/galeriebecot.com\/wp-content\/uploads\/2014\/04\/Communiqu\u00e9_Exposition-Disparition_Mus\u00e9e-de-Lachine_2014-795x1024.jpg 795w, https:\/\/galeriebecot.com\/wp-content\/uploads\/2014\/04\/Communiqu\u00e9_Exposition-Disparition_Mus\u00e9e-de-Lachine_2014-233x300.jpg 233w, https:\/\/galeriebecot.com\/wp-content\/uploads\/2014\/04\/Communiqu\u00e9_Exposition-Disparition_Mus\u00e9e-de-Lachine_2014.jpg 1166w\" sizes=\"auto, (max-width: 700px) 100vw, 700px\" \/><\/a><\/p>\n<p>Montr\u00e9al, arrondissement de Lachine, le mercredi 2 avril 2014 \ue83a \u00c0 compter du 1er mai prochain, le<\/p>\n<p>Mus\u00e9e de Lachine invite le public \u00e0 visiter sa nouvelle exposition temporaire intitul\u00e9e <i>Disparition<\/i>.<\/p>\n<p>Les soci\u00e9t\u00e9s contemporaines hyper-stimul\u00e9es dans lesquelles nous vivons imposent un rythme et une<\/p>\n<p>mani\u00e8re de vivre qui permettent de moins en moins de s\u2019arr\u00eater devant les images et, par le fait<\/p>\n<p>m\u00eame, d\u2019en absorber les diff\u00e9rentes couches de sens. Notre fa\u00e7on d\u2019appr\u00e9hender le r\u00e9el est toujours<\/p>\n<p>plus conditionn\u00e9e par l\u2019abondance et la rapidit\u00e9, si bien qu\u2019il y a peu de place pour les choses lentes,<\/p>\n<p>discr\u00e8tes, \u00e9vanescentes, impalpables, parfois presque invisibles. Partant de ce constat, l\u2019exposition<\/p>\n<p>propose un temps d\u2019arr\u00eat, offre un lieu propice \u00e0 la contemplation, puis invite le visiteur \u00e0 ralentir et \u00e0<\/p>\n<p>prendre le temps de voir.<\/p>\n<p><i>Disparition <\/i>s\u2019articule de mani\u00e8re implicite autour de trois grands concepts &#8211; le temps, l\u2019espace et la<\/p>\n<p>perception \u2013 lesquels permettent d\u2019aborder plus pr\u00e9cis\u00e9ment les notions d\u2019absence, de m\u00e9moire, de<\/p>\n<p>passage, et de non-lieu.<\/p>\n<p>En plus d\u2019une s\u00e9lection d\u2019oeuvres de la collection du Mus\u00e9e, l\u2019exposition rassemble les oeuvres de<\/p>\n<p>quatre artistes contemporains invit\u00e9s; <b>Patrick Bernatchez<\/b>, <b>Olivia Boudreau<\/b>, <b>Marie-Andr\u00e9e Houde<\/b>,<\/p>\n<p>et <b>Daniel Olson<\/b>. Une performance de l\u2019artiste <b>Roxane Chamberland <\/b>aura \u00e9galement lieu durant la<\/p>\n<p>soir\u00e9e du vernissage qui se tiendra le 30 avril \u00e0 19 h.<\/p>\n<p>La commissaire Eve Katinoglou vous convie \u00e0 venir parcourir cette exposition qui, en plus des oeuvres<\/p>\n<p>contemporaines, comporte des photographies d\u2019archives et des vestiges arch\u00e9ologiques permettant<\/p>\n<p>de situer le visiteur dans une perspective temporelle \u00e9largie.<\/p>\n","protected":false},"excerpt":{"rendered":"<p>&nbsp; Montr\u00e9al, arrondissement de Lachine, le mercredi 2 avril 2014 \ue83a \u00c0 compter du 1er mai prochain, le Mus\u00e9e de Lachine invite le public \u00e0 visiter sa nouvelle exposition temporaire&hellip; <\/p>\n","protected":false},"author":1,"featured_media":0,"comment_status":"open","ping_status":"open","sticky":false,"template":"","format":"standard","meta":{"_exactmetrics_skip_tracking":false,"_exactmetrics_sitenote_active":false,"_exactmetrics_sitenote_note":"","_exactmetrics_sitenote_category":0,"footnotes":""},"categories":[19],"tags":[34,227,67,33,226,37,40],"class_list":["post-1952","post","type-post","status-publish","format-standard","hentry","category-vernissage","tag-andre-becot","tag-bellemare-marc-avocat","tag-club-des-collectionneurs-en-arts-visuels-de-quebec-marc-bellemare","tag-marc-bellemare","tag-musee-de-lachine","tag-studio-becot","tag-visuals-arts"],"_links":{"self":[{"href":"https:\/\/galeriebecot.com\/index.php?rest_route=\/wp\/v2\/posts\/1952","targetHints":{"allow":["GET"]}}],"collection":[{"href":"https:\/\/galeriebecot.com\/index.php?rest_route=\/wp\/v2\/posts"}],"about":[{"href":"https:\/\/galeriebecot.com\/index.php?rest_route=\/wp\/v2\/types\/post"}],"author":[{"embeddable":true,"href":"https:\/\/galeriebecot.com\/index.php?rest_route=\/wp\/v2\/users\/1"}],"replies":[{"embeddable":true,"href":"https:\/\/galeriebecot.com\/index.php?rest_route=%2Fwp%2Fv2%2Fcomments&post=1952"}],"version-history":[{"count":4,"href":"https:\/\/galeriebecot.com\/index.php?rest_route=\/wp\/v2\/posts\/1952\/revisions"}],"predecessor-version":[{"id":1958,"href":"https:\/\/galeriebecot.com\/index.php?rest_route=\/wp\/v2\/posts\/1952\/revisions\/1958"}],"wp:attachment":[{"href":"https:\/\/galeriebecot.com\/index.php?rest_route=%2Fwp%2Fv2%2Fmedia&parent=1952"}],"wp:term":[{"taxonomy":"category","embeddable":true,"href":"https:\/\/galeriebecot.com\/index.php?rest_route=%2Fwp%2Fv2%2Fcategories&post=1952"},{"taxonomy":"post_tag","embeddable":true,"href":"https:\/\/galeriebecot.com\/index.php?rest_route=%2Fwp%2Fv2%2Ftags&post=1952"}],"curies":[{"name":"wp","href":"https:\/\/api.w.org\/{rel}","templated":true}]}}