{"id":19438,"date":"2024-06-05T11:12:00","date_gmt":"2024-06-05T15:12:00","guid":{"rendered":"https:\/\/www.clubdescollectionneursenartsvisuelsdequebec.com\/?p=19438"},"modified":"2024-06-05T12:11:09","modified_gmt":"2024-06-05T16:11:09","slug":"19438","status":"publish","type":"post","link":"https:\/\/galeriebecot.com\/?p=19438","title":{"rendered":"Un projet unique : Resilience&#8230;par Louis Garneau"},"content":{"rendered":"\n<p class=\"wp-block-paragraph\">R\u00c9SILIENCE 5 JUIN\u00ab Je ne peux pas imaginer peindre une seule image. Je veux m&rsquo;exprimer \u00e0 travers une s\u00e9rie de peintures, afin de d\u00e9couvrir les limites de ma cr\u00e9ativit\u00e9. Comme dans le sport, chaque peinture est modifi\u00e9e par la s\u00e9rie, la r\u00e9p\u00e9tition, l&rsquo;\u00e9nergie et la fatigue, cr\u00e9ant des images plus fortes et plus fragiles. \u201d Louis Garneau<\/p>\n\n\n\n<pre id=\"tw-target-text\" class=\"wp-block-preformatted\"><em><strong>THE WHIRLWIND PROJECT<\/strong> et LOUIS <strong>GARNEAU<\/strong> vous invitent cordialement \u00e0 la r\u00e9ception d'ouverture de \u00ab RESILIENCE \u00bb, une nouvelle exposition d'art comm\u00e9morant Marshall Walter<strong> \u00ab Major \u00bb<\/strong> Taylor, connu sous le nom de \u00ab Worcester Whirlwind \u00bb.<\/em><\/pre>\n\n\n\n<figure class=\"wp-block-image size-large\"><a href=\"https:\/\/www.worcesterwhirlwind.com\/resilience?fbclid=IwZXh0bgNhZW0CMTAAAR3xsrAX5NBrWwh68oH29fqkmMacsRQcWgn4MGR5Efaxu5p7a_6DUlq3lPs_aem_AUZtd5KXiT-7fY0Uj82hGeiymjjt3HGkzM3WZjSvqyjvqOCYxnL4REmcgEmzn0euBcYp1Q2Pc2iUZ6f8YPqMCs2U\"><img loading=\"lazy\" decoding=\"async\" width=\"1024\" height=\"645\" src=\"https:\/\/www.galeriebecot.com\/wp-content\/uploads\/2024\/06\/Resilience-1-1024x645.jpg\" alt=\"\" class=\"wp-image-19443\" srcset=\"https:\/\/galeriebecot.com\/wp-content\/uploads\/2024\/06\/Resilience-1-1024x645.jpg 1024w, https:\/\/galeriebecot.com\/wp-content\/uploads\/2024\/06\/Resilience-1-300x189.jpg 300w, https:\/\/galeriebecot.com\/wp-content\/uploads\/2024\/06\/Resilience-1-768x484.jpg 768w, https:\/\/galeriebecot.com\/wp-content\/uploads\/2024\/06\/Resilience-1.jpg 1440w\" sizes=\"auto, (max-width: 1024px) 100vw, 1024px\" \/><\/a><\/figure>\n\n\n\n<figure class=\"wp-block-image size-full\"><a href=\"https:\/\/fb.watch\/swg25cum0u\/\"><img loading=\"lazy\" decoding=\"async\" width=\"659\" height=\"933\" src=\"https:\/\/www.galeriebecot.com\/wp-content\/uploads\/2024\/06\/Louis-Garneau-projet.jpg\" alt=\"\" class=\"wp-image-19448\" srcset=\"https:\/\/galeriebecot.com\/wp-content\/uploads\/2024\/06\/Louis-Garneau-projet.jpg 659w, https:\/\/galeriebecot.com\/wp-content\/uploads\/2024\/06\/Louis-Garneau-projet-212x300.jpg 212w\" sizes=\"auto, (max-width: 659px) 100vw, 659px\" \/><\/a><\/figure>\n\n\n\n<figure class=\"wp-block-image size-large\"><a href=\"https:\/\/www.galeriebecot.com\/?p=9875\"><img loading=\"lazy\" decoding=\"async\" width=\"1024\" height=\"763\" src=\"https:\/\/www.galeriebecot.com\/wp-content\/uploads\/2024\/06\/Louis-Garneau-artiste-1024x763.jpg\" alt=\"\" class=\"wp-image-19439\" srcset=\"https:\/\/galeriebecot.com\/wp-content\/uploads\/2024\/06\/Louis-Garneau-artiste-1024x763.jpg 1024w, https:\/\/galeriebecot.com\/wp-content\/uploads\/2024\/06\/Louis-Garneau-artiste-300x223.jpg 300w, https:\/\/galeriebecot.com\/wp-content\/uploads\/2024\/06\/Louis-Garneau-artiste-768x572.jpg 768w, https:\/\/galeriebecot.com\/wp-content\/uploads\/2024\/06\/Louis-Garneau-artiste.jpg 1152w\" sizes=\"auto, (max-width: 1024px) 100vw, 1024px\" \/><\/a><\/figure>\n","protected":false},"excerpt":{"rendered":"<p>R\u00c9SILIENCE 5 JUIN\u00ab Je ne peux pas imaginer peindre une seule image. Je veux m&rsquo;exprimer \u00e0 travers une s\u00e9rie de peintures, afin de d\u00e9couvrir les limites de ma cr\u00e9ativit\u00e9. Comme&hellip; <\/p>\n","protected":false},"author":1,"featured_media":0,"comment_status":"open","ping_status":"open","sticky":false,"template":"","format":"standard","meta":{"_exactmetrics_skip_tracking":false,"_exactmetrics_sitenote_active":false,"_exactmetrics_sitenote_note":"","_exactmetrics_sitenote_category":0,"footnotes":""},"categories":[27,18,30,19],"tags":[34,735,6,67,66,768,4807,58,4806,4808,4809],"class_list":["post-19438","post","type-post","status-publish","format-standard","hentry","category-artistes","category-evenement","category-le-soleil","category-vernissage","tag-andre-becot","tag-artistes","tag-club-des-collectionneurs-en-arts-visuels-de-quebec","tag-club-des-collectionneurs-en-arts-visuels-de-quebec-marc-bellemare","tag-club-des-collectionneurs-en-arts-visuels-de-quebec-studio-becot","tag-louis-garneau","tag-major-taylor","tag-marc-bellemare-collectionneur","tag-marshall-walter","tag-resilience-by-louis-garneau","tag-worcester-center-for-crafts"],"_links":{"self":[{"href":"https:\/\/galeriebecot.com\/index.php?rest_route=\/wp\/v2\/posts\/19438","targetHints":{"allow":["GET"]}}],"collection":[{"href":"https:\/\/galeriebecot.com\/index.php?rest_route=\/wp\/v2\/posts"}],"about":[{"href":"https:\/\/galeriebecot.com\/index.php?rest_route=\/wp\/v2\/types\/post"}],"author":[{"embeddable":true,"href":"https:\/\/galeriebecot.com\/index.php?rest_route=\/wp\/v2\/users\/1"}],"replies":[{"embeddable":true,"href":"https:\/\/galeriebecot.com\/index.php?rest_route=%2Fwp%2Fv2%2Fcomments&post=19438"}],"version-history":[{"count":11,"href":"https:\/\/galeriebecot.com\/index.php?rest_route=\/wp\/v2\/posts\/19438\/revisions"}],"predecessor-version":[{"id":19459,"href":"https:\/\/galeriebecot.com\/index.php?rest_route=\/wp\/v2\/posts\/19438\/revisions\/19459"}],"wp:attachment":[{"href":"https:\/\/galeriebecot.com\/index.php?rest_route=%2Fwp%2Fv2%2Fmedia&parent=19438"}],"wp:term":[{"taxonomy":"category","embeddable":true,"href":"https:\/\/galeriebecot.com\/index.php?rest_route=%2Fwp%2Fv2%2Fcategories&post=19438"},{"taxonomy":"post_tag","embeddable":true,"href":"https:\/\/galeriebecot.com\/index.php?rest_route=%2Fwp%2Fv2%2Ftags&post=19438"}],"curies":[{"name":"wp","href":"https:\/\/api.w.org\/{rel}","templated":true}]}}