{"id":1943,"date":"2014-04-25T11:59:49","date_gmt":"2014-04-25T15:59:49","guid":{"rendered":"http:\/\/www.clubdescollectionneursenartsvisuelsdequebec.com\/?p=1943"},"modified":"2014-04-25T12:12:33","modified_gmt":"2014-04-25T16:12:33","slug":"techno-culture","status":"publish","type":"post","link":"https:\/\/galeriebecot.com\/?p=1943","title":{"rendered":"Techno culture ( Maelstr\u00f6m cr\u00e9atif)"},"content":{"rendered":"<p><a title=\"Maelstr\u00f6m cr\u00e9atif\" href=\"http:\/\/www.maelstrom-creatif.com\/en-action\/faire-scintiller-lentrepreneuriat-au-cld-de-quebec\/\">Le CLD de Qu\u00e9bec a fait confiance \u00e0 Maelstr\u00f6m pour ajouter de la magie \u00e0 sa 15e assembl\u00e9e g\u00e9n\u00e9rale annuelle. L\u2019exposition collaborative que nous avons con\u00e7ue s\u2019est enrichie tout au long de la soir\u00e9e gr\u00e2ce aux t\u00e9moignages des entrepreneurs et des acteurs du d\u00e9veloppement social et \u00e9conomique de la r\u00e9gion. La conclusion de l\u2019exposition pr\u00e9sentait une boule de cristal livrant l\u2019avenir du CLD et de l\u2019entrepreneuriat \u00e0 travers la parole des participants \u00e0 la soir\u00e9e.<\/a><\/p>\n<p><a title=\"Maelstr\u00f6m cr\u00e9atif\" href=\"http:\/\/www.maelstrom-creatif.com\/en-action\/faire-scintiller-lentrepreneuriat-au-cld-de-quebec\/\"><img loading=\"lazy\" decoding=\"async\" class=\"alignnone size-full wp-image-1946\" alt=\"techno culture\" src=\"https:\/\/www.galeriebecot.com\/wp-content\/uploads\/2014\/04\/techno-culture.jpg\" width=\"379\" height=\"576\" srcset=\"https:\/\/galeriebecot.com\/wp-content\/uploads\/2014\/04\/techno-culture.jpg 379w, https:\/\/galeriebecot.com\/wp-content\/uploads\/2014\/04\/techno-culture-197x300.jpg 197w\" sizes=\"auto, (max-width: 379px) 100vw, 379px\" \/><\/a><\/p>\n<p>Cette r\u00e9trospective a permis de prendre conscience du r\u00f4le jou\u00e9 par le CLD dans la cr\u00e9ation et le d\u00e9veloppement d\u2019entreprises de tout genre et de ses impacts dans la soci\u00e9t\u00e9. En donnant la parole aux participants, nous leur avons permis de r\u00e9aliser leur importance dans le d\u00e9veloppement social et \u00e9conomique de la r\u00e9gion et celle du CLD de Qu\u00e9bec comme acteur de leur r\u00e9ussite comme il le fait si bien depuis 1998.<\/p>\n<p>C\u2019est avec enthousiasme qu\u2019ils se sont pr\u00eat\u00e9s au jeu, d\u2019abord en formulant un souhait \u00e0 la cam\u00e9ra puis en pla\u00e7ant leur t\u00e9moignage \u00e9crit sur l\u2019exposition. Cet exercice a stimul\u00e9 les \u00e9changes entre les participants. Certains se rappelaient du soutien du CLD pour le d\u00e9marrage de leur entreprise, d\u2019autres, d\u2019un \u00e9v\u00e9nement ou d\u2019une collaboration. Reconnaissance et fiert\u00e9 se combinaient dans une ambiance amicale et solidaire.<br \/>\nNous avons recueilli d\u2019excellents commentaires sur l\u2019originalit\u00e9 de ce concept qui permettait d\u2019int\u00e9grer une dimension culturelle \u00e0 un \u00e9v\u00e9nement corporatif comme celui de Manon Blouin, directrice du service des communications du CLD de Qu\u00e9bec : \u00ab\u00a0Nous avons ador\u00e9 l\u2019originalit\u00e9 du concept qui rejoignait nos objectifs corporatifs. La collaboration avec l\u2019\u00e9quipe de Maelstr\u00f6m a \u00e9t\u00e9 fructueuse et le r\u00e9sultat de l\u2019exposition des plus \u00e9loquents. Nous avons re\u00e7u que des commentaires positifs!<\/p>\n<div><\/div>\n","protected":false},"excerpt":{"rendered":"<p>Le CLD de Qu\u00e9bec a fait confiance \u00e0 Maelstr\u00f6m pour ajouter de la magie \u00e0 sa 15e assembl\u00e9e g\u00e9n\u00e9rale annuelle. L\u2019exposition collaborative que nous avons con\u00e7ue s\u2019est enrichie tout au&hellip; <\/p>\n","protected":false},"author":1,"featured_media":0,"comment_status":"open","ping_status":"open","sticky":false,"template":"","format":"standard","meta":{"_exactmetrics_skip_tracking":false,"_exactmetrics_sitenote_active":false,"_exactmetrics_sitenote_note":"","_exactmetrics_sitenote_category":0,"footnotes":""},"categories":[18],"tags":[34,6,67,66,224,225,37,40],"class_list":["post-1943","post","type-post","status-publish","format-standard","hentry","category-evenement","tag-andre-becot","tag-club-des-collectionneurs-en-arts-visuels-de-quebec","tag-club-des-collectionneurs-en-arts-visuels-de-quebec-marc-bellemare","tag-club-des-collectionneurs-en-arts-visuels-de-quebec-studio-becot","tag-maelstrom-creatif","tag-marc-bellemare-avocat","tag-studio-becot","tag-visuals-arts"],"_links":{"self":[{"href":"https:\/\/galeriebecot.com\/index.php?rest_route=\/wp\/v2\/posts\/1943","targetHints":{"allow":["GET"]}}],"collection":[{"href":"https:\/\/galeriebecot.com\/index.php?rest_route=\/wp\/v2\/posts"}],"about":[{"href":"https:\/\/galeriebecot.com\/index.php?rest_route=\/wp\/v2\/types\/post"}],"author":[{"embeddable":true,"href":"https:\/\/galeriebecot.com\/index.php?rest_route=\/wp\/v2\/users\/1"}],"replies":[{"embeddable":true,"href":"https:\/\/galeriebecot.com\/index.php?rest_route=%2Fwp%2Fv2%2Fcomments&post=1943"}],"version-history":[{"count":7,"href":"https:\/\/galeriebecot.com\/index.php?rest_route=\/wp\/v2\/posts\/1943\/revisions"}],"predecessor-version":[{"id":1951,"href":"https:\/\/galeriebecot.com\/index.php?rest_route=\/wp\/v2\/posts\/1943\/revisions\/1951"}],"wp:attachment":[{"href":"https:\/\/galeriebecot.com\/index.php?rest_route=%2Fwp%2Fv2%2Fmedia&parent=1943"}],"wp:term":[{"taxonomy":"category","embeddable":true,"href":"https:\/\/galeriebecot.com\/index.php?rest_route=%2Fwp%2Fv2%2Fcategories&post=1943"},{"taxonomy":"post_tag","embeddable":true,"href":"https:\/\/galeriebecot.com\/index.php?rest_route=%2Fwp%2Fv2%2Ftags&post=1943"}],"curies":[{"name":"wp","href":"https:\/\/api.w.org\/{rel}","templated":true}]}}