{"id":19409,"date":"2024-06-01T10:24:19","date_gmt":"2024-06-01T14:24:19","guid":{"rendered":"https:\/\/www.clubdescollectionneursenartsvisuelsdequebec.com\/?p=19409"},"modified":"2024-07-15T16:27:23","modified_gmt":"2024-07-15T20:27:23","slug":"les-evenements-de-lete-2024-a-ne-pas-manquer","status":"publish","type":"post","link":"https:\/\/galeriebecot.com\/?p=19409","title":{"rendered":"Les \u00e9v\u00e9nements de l&rsquo;\u00e9t\u00e9 2024 \u00e0 ne pas manquer"},"content":{"rendered":"\n<p class=\"wp-block-paragraph\">H\u00e9l\u00e8ne <strong>Larouche<\/strong> \/ Oeuvres choisies 1996-2024 : vernissage le <strong>dimanche 16 juin \u00e0 13h.<\/strong><\/p>\n\n\n\n<p class=\"wp-block-paragraph\">Eric<strong> Lapointe<\/strong> \/ rencontre le <strong>20 juillet \u00e0 13h30<\/strong><\/p>\n\n\n\n<p class=\"wp-block-paragraph\">Marie<strong> Plante<\/strong>  \/  Urbaine et abstraite \/ Vernissage <strong>Jeudi 13 juin 16 h \u00e0 18h<\/strong>.<\/p>\n\n\n\n<p class=\"wp-block-paragraph\">Lise <strong>Marsan <\/strong> \/  Th\u00e8me : Dans mon r\u00e9troviseur \/ vernissage le <strong>dimanche 30 juin 2024<\/strong> \u00e0 <strong>14h.<\/strong><\/p>\n\n\n\n<figure class=\"wp-block-image size-large\"><a href=\"https:\/\/www.museemariusbarbeau.com\"><img loading=\"lazy\" decoding=\"async\" width=\"956\" height=\"1024\" src=\"https:\/\/www.galeriebecot.com\/wp-content\/uploads\/2024\/06\/Larouche-Musee-Barbeau-956x1024.jpg\" alt=\"\" class=\"wp-image-19410\" srcset=\"https:\/\/galeriebecot.com\/wp-content\/uploads\/2024\/06\/Larouche-Musee-Barbeau-956x1024.jpg 956w, https:\/\/galeriebecot.com\/wp-content\/uploads\/2024\/06\/Larouche-Musee-Barbeau-280x300.jpg 280w, https:\/\/galeriebecot.com\/wp-content\/uploads\/2024\/06\/Larouche-Musee-Barbeau-768x823.jpg 768w, https:\/\/galeriebecot.com\/wp-content\/uploads\/2024\/06\/Larouche-Musee-Barbeau-1433x1536.jpg 1433w, https:\/\/galeriebecot.com\/wp-content\/uploads\/2024\/06\/Larouche-Musee-Barbeau-1911x2048.jpg 1911w, https:\/\/galeriebecot.com\/wp-content\/uploads\/2024\/06\/Larouche-Musee-Barbeau.jpg 1929w\" sizes=\"auto, (max-width: 956px) 100vw, 956px\" \/><\/a><\/figure>\n\n\n\n<p class=\"wp-block-paragraph\">Rencontre avec \u00c9ric Lapointe, Sculpteur le 20 juillet \/ 13h 30 min &#8211; 16 h 30 min<\/p>\n\n\n\n<figure class=\"wp-block-image size-full\"><a href=\"https:\/\/www.museedubronze.com\"><img loading=\"lazy\" decoding=\"async\" width=\"720\" height=\"924\" src=\"https:\/\/www.galeriebecot.com\/wp-content\/uploads\/2024\/06\/Lapointe-rencontre.jpg\" alt=\"\" class=\"wp-image-19411\" srcset=\"https:\/\/galeriebecot.com\/wp-content\/uploads\/2024\/06\/Lapointe-rencontre.jpg 720w, https:\/\/galeriebecot.com\/wp-content\/uploads\/2024\/06\/Lapointe-rencontre-234x300.jpg 234w\" sizes=\"auto, (max-width: 720px) 100vw, 720px\" \/><\/a><\/figure>\n\n\n\n<figure class=\"wp-block-image size-large is-resized\"><a href=\"https:\/\/www.galeriebecot.com\/wp-content\/uploads\/2024\/06\/Marsan-Plante-OK.jpg\"><img loading=\"lazy\" decoding=\"async\" src=\"https:\/\/www.galeriebecot.com\/wp-content\/uploads\/2024\/06\/Marsan-Plante-OK-530x1024.jpg\" alt=\"\" class=\"wp-image-19476\" width=\"718\" height=\"1387\" srcset=\"https:\/\/galeriebecot.com\/wp-content\/uploads\/2024\/06\/Marsan-Plante-OK-530x1024.jpg 530w, https:\/\/galeriebecot.com\/wp-content\/uploads\/2024\/06\/Marsan-Plante-OK-155x300.jpg 155w, https:\/\/galeriebecot.com\/wp-content\/uploads\/2024\/06\/Marsan-Plante-OK.jpg 704w\" sizes=\"auto, (max-width: 718px) 100vw, 718px\" \/><\/a><\/figure>\n\n\n\n<figure class=\"wp-block-image size-large is-resized\"><a href=\"https:\/\/www.galeriebecot.com\/wp-content\/uploads\/2024\/07\/14-juillet.jpg\"><img loading=\"lazy\" decoding=\"async\" src=\"https:\/\/www.galeriebecot.com\/wp-content\/uploads\/2024\/07\/14-juillet-1024x361.jpg\" alt=\"\" class=\"wp-image-19512\" width=\"727\" height=\"256\" srcset=\"https:\/\/galeriebecot.com\/wp-content\/uploads\/2024\/07\/14-juillet-1024x361.jpg 1024w, https:\/\/galeriebecot.com\/wp-content\/uploads\/2024\/07\/14-juillet-300x106.jpg 300w, https:\/\/galeriebecot.com\/wp-content\/uploads\/2024\/07\/14-juillet-768x270.jpg 768w, https:\/\/galeriebecot.com\/wp-content\/uploads\/2024\/07\/14-juillet.jpg 1329w\" sizes=\"auto, (max-width: 727px) 100vw, 727px\" \/><\/a><figcaption>Conf\u00e9rence de Lise Marsan le 14 juillet 2024<\/figcaption><\/figure>\n","protected":false},"excerpt":{"rendered":"<p>H\u00e9l\u00e8ne Larouche \/ Oeuvres choisies 1996-2024 : vernissage le dimanche 16 juin \u00e0 13h. Eric Lapointe \/ rencontre le 20 juillet \u00e0 13h30 Marie Plante \/ Urbaine et abstraite \/&hellip; <\/p>\n","protected":false},"author":1,"featured_media":0,"comment_status":"open","ping_status":"open","sticky":false,"template":"","format":"standard","meta":{"_exactmetrics_skip_tracking":false,"_exactmetrics_sitenote_active":false,"_exactmetrics_sitenote_note":"","_exactmetrics_sitenote_category":0,"footnotes":""},"categories":[27,18,19],"tags":[43,66,1816,1343,457,337,58,2422,1403,673,37,4811,40],"class_list":["post-19409","post","type-post","status-publish","format-standard","hentry","category-artistes","category-evenement","category-vernissage","tag-arts-visuels","tag-club-des-collectionneurs-en-arts-visuels-de-quebec-studio-becot","tag-eric-lapointe","tag-galerie-du-trait-carre","tag-helene-larouche","tag-lise-marsan","tag-marc-bellemare-collectionneur","tag-marie-plante","tag-musee-du-bronze-dinverness","tag-musee-marius-barbeau","tag-studio-becot","tag-verriere-du-centre-multifonctionnel-rolland-dion","tag-visuals-arts"],"_links":{"self":[{"href":"https:\/\/galeriebecot.com\/index.php?rest_route=\/wp\/v2\/posts\/19409","targetHints":{"allow":["GET"]}}],"collection":[{"href":"https:\/\/galeriebecot.com\/index.php?rest_route=\/wp\/v2\/posts"}],"about":[{"href":"https:\/\/galeriebecot.com\/index.php?rest_route=\/wp\/v2\/types\/post"}],"author":[{"embeddable":true,"href":"https:\/\/galeriebecot.com\/index.php?rest_route=\/wp\/v2\/users\/1"}],"replies":[{"embeddable":true,"href":"https:\/\/galeriebecot.com\/index.php?rest_route=%2Fwp%2Fv2%2Fcomments&post=19409"}],"version-history":[{"count":11,"href":"https:\/\/galeriebecot.com\/index.php?rest_route=\/wp\/v2\/posts\/19409\/revisions"}],"predecessor-version":[{"id":19514,"href":"https:\/\/galeriebecot.com\/index.php?rest_route=\/wp\/v2\/posts\/19409\/revisions\/19514"}],"wp:attachment":[{"href":"https:\/\/galeriebecot.com\/index.php?rest_route=%2Fwp%2Fv2%2Fmedia&parent=19409"}],"wp:term":[{"taxonomy":"category","embeddable":true,"href":"https:\/\/galeriebecot.com\/index.php?rest_route=%2Fwp%2Fv2%2Fcategories&post=19409"},{"taxonomy":"post_tag","embeddable":true,"href":"https:\/\/galeriebecot.com\/index.php?rest_route=%2Fwp%2Fv2%2Ftags&post=19409"}],"curies":[{"name":"wp","href":"https:\/\/api.w.org\/{rel}","templated":true}]}}