{"id":19268,"date":"2024-04-21T12:51:00","date_gmt":"2024-04-21T16:51:00","guid":{"rendered":"https:\/\/www.clubdescollectionneursenartsvisuelsdequebec.com\/?p=19268"},"modified":"2024-04-22T13:37:19","modified_gmt":"2024-04-22T17:37:19","slug":"amour-eternelle-la-robe-os-de-volailles","status":"publish","type":"post","link":"https:\/\/galeriebecot.com\/?p=19268","title":{"rendered":"Corine Borgnet -Amour \u00e9ternel-La Robe- Os de volailles."},"content":{"rendered":"\n<figure class=\"wp-block-image size-large\"><a href=\"https:\/\/www.galeriebecot.com\/wp-content\/uploads\/2024\/04\/Borgnet-1.jpg\"><img loading=\"lazy\" decoding=\"async\" width=\"958\" height=\"1024\" src=\"https:\/\/www.galeriebecot.com\/wp-content\/uploads\/2024\/04\/Borgnet-1-958x1024.jpg\" alt=\"\" class=\"wp-image-19269\" srcset=\"https:\/\/galeriebecot.com\/wp-content\/uploads\/2024\/04\/Borgnet-1-958x1024.jpg 958w, https:\/\/galeriebecot.com\/wp-content\/uploads\/2024\/04\/Borgnet-1-281x300.jpg 281w, https:\/\/galeriebecot.com\/wp-content\/uploads\/2024\/04\/Borgnet-1-768x821.jpg 768w, https:\/\/galeriebecot.com\/wp-content\/uploads\/2024\/04\/Borgnet-1.jpg 1224w\" sizes=\"auto, (max-width: 958px) 100vw, 958px\" \/><\/a><\/figure>\n\n\n\n<figure class=\"wp-block-image size-large\"><a href=\"https:\/\/www.galeriebecot.com\/wp-content\/uploads\/2024\/04\/Borgnet11.jpg\"><img loading=\"lazy\" decoding=\"async\" width=\"1024\" height=\"446\" src=\"https:\/\/www.galeriebecot.com\/wp-content\/uploads\/2024\/04\/Borgnet11-1024x446.jpg\" alt=\"\" class=\"wp-image-19273\" srcset=\"https:\/\/galeriebecot.com\/wp-content\/uploads\/2024\/04\/Borgnet11-1024x446.jpg 1024w, https:\/\/galeriebecot.com\/wp-content\/uploads\/2024\/04\/Borgnet11-300x131.jpg 300w, https:\/\/galeriebecot.com\/wp-content\/uploads\/2024\/04\/Borgnet11-768x334.jpg 768w, https:\/\/galeriebecot.com\/wp-content\/uploads\/2024\/04\/Borgnet11.jpg 1224w\" sizes=\"auto, (max-width: 1024px) 100vw, 1024px\" \/><\/a><\/figure>\n\n\n\n<figure class=\"wp-block-image size-large\"><a href=\"http:\/\/www.lab-labanque.fr\"><img loading=\"lazy\" decoding=\"async\" width=\"1024\" height=\"168\" src=\"https:\/\/www.galeriebecot.com\/wp-content\/uploads\/2024\/04\/Borgnet-3-1024x168.jpg\" alt=\"\" class=\"wp-image-19271\" srcset=\"https:\/\/galeriebecot.com\/wp-content\/uploads\/2024\/04\/Borgnet-3-1024x168.jpg 1024w, https:\/\/galeriebecot.com\/wp-content\/uploads\/2024\/04\/Borgnet-3-300x49.jpg 300w, https:\/\/galeriebecot.com\/wp-content\/uploads\/2024\/04\/Borgnet-3-768x126.jpg 768w, https:\/\/galeriebecot.com\/wp-content\/uploads\/2024\/04\/Borgnet-3.jpg 1224w\" sizes=\"auto, (max-width: 1024px) 100vw, 1024px\" \/><\/a><\/figure>\n\n\n\n<figure class=\"wp-block-image size-large\"><a href=\"https:\/\/h-gallery.fr\"><img loading=\"lazy\" decoding=\"async\" width=\"1024\" height=\"202\" src=\"https:\/\/www.galeriebecot.com\/wp-content\/uploads\/2024\/04\/H-Gallery-1024x202.jpg\" alt=\"\" class=\"wp-image-19276\" srcset=\"https:\/\/galeriebecot.com\/wp-content\/uploads\/2024\/04\/H-Gallery-1024x202.jpg 1024w, https:\/\/galeriebecot.com\/wp-content\/uploads\/2024\/04\/H-Gallery-300x59.jpg 300w, https:\/\/galeriebecot.com\/wp-content\/uploads\/2024\/04\/H-Gallery-768x151.jpg 768w, https:\/\/galeriebecot.com\/wp-content\/uploads\/2024\/04\/H-Gallery.jpg 1224w\" sizes=\"auto, (max-width: 1024px) 100vw, 1024px\" \/><\/a><\/figure>\n\n\n\n<figure class=\"wp-block-image size-large\"><a href=\"https:\/\/www.artparis.com\/fr\/future_editions\"><img loading=\"lazy\" decoding=\"async\" width=\"1024\" height=\"243\" src=\"https:\/\/www.galeriebecot.com\/wp-content\/uploads\/2024\/04\/Art-Paris-1024x243.jpg\" alt=\"\" class=\"wp-image-19279\" srcset=\"https:\/\/galeriebecot.com\/wp-content\/uploads\/2024\/04\/Art-Paris-1024x243.jpg 1024w, https:\/\/galeriebecot.com\/wp-content\/uploads\/2024\/04\/Art-Paris-300x71.jpg 300w, https:\/\/galeriebecot.com\/wp-content\/uploads\/2024\/04\/Art-Paris-768x183.jpg 768w, https:\/\/galeriebecot.com\/wp-content\/uploads\/2024\/04\/Art-Paris.jpg 1224w\" sizes=\"auto, (max-width: 1024px) 100vw, 1024px\" \/><\/a><\/figure>\n\n\n\n<p class=\"wp-block-paragraph\"><strong>Artiste plasticienne<\/strong>, Corine Borgnet a \u00e9tudi\u00e9 aux <strong>Beaux-Arts de Poitiers avant d\u2019aller vivre \u00e0 New York<\/strong> pendant plus de dix ans. <\/p>\n\n\n\n<p class=\"wp-block-paragraph\">De retour des \u00c9tats-Unis en 2002, elle installe son atelier \u00e0 Montreuil o\u00f9 elle vit et travaille. Son adage <strong>\u00abNe nous prenons pas trop au s\u00e9rieux, il n\u2019y aura aucun survivant !\u00bb<\/strong> est emprunt\u00e9 \u00e0 Alphonse Allais. <\/p>\n\n\n\n<p class=\"wp-block-paragraph\">Corine Borgnet expose r\u00e9guli\u00e8rement en France et \u00e0 l\u2019\u00e9tranger. Outre ses expositions personnelles \u00e0 la galerie Val\u00e9rie Delaunay&nbsp;\u2013&nbsp;Paris :&nbsp;Le Dernier Souper&nbsp;(2020) et&nbsp;Amours \u00e9ternelles&nbsp;(2019), au Mus\u00e9e Dali &#8211; Paris (2019), \u00e0 la galerie The Phatory &#8211; NY (2007 et 2006), aux Nations Unies NY (2005), \u00e0 l\u2019Alliance fran\u00e7aise de Columbia University (2002), son travail a \u00e9t\u00e9 pr\u00e9sent\u00e9 \u00e0 l\u2019occasion d\u2019expositions collectives au Centre d\u2019art de Comines Warneton &#8211; Belgique (2020), au Mus\u00e9e des Arts d\u00e9coratifs &#8212; Paris \u00e0 l\u2019occasion de l\u2019exposition&nbsp;Marche et D\u00e9marche&nbsp;(2019), au Centre d\u2019Art Georges V de P\u00e9kin (2019),&nbsp;Anatomy of a Fairytale&nbsp;\u00e0 Pornbach &#8212; Allemagne (2018), au Mus\u00e9e d\u2019Art Moderne et Contemporain de Strasbourg (2016), \u00e0 la biennale&nbsp;Hybride&nbsp;(2014 et 2021) ainsi qu\u2019\u00e0 l\u2019Institute of Contemporary Arts in London (2001) et \u00e0 ArtistSpace NY (2001). <\/p>\n\n\n\n<p class=\"wp-block-paragraph\">Elle a particip\u00e9 au salon&nbsp;DDessin, au Salon de Montrouge, \u00e0 la foire&nbsp;Galeristes, en 2020, <strong>ainsi qu\u2019\u00e0&nbsp;Art Paris Art Fair&nbsp;en 2022, 2023 et y participera \u00e9galement en 2024, repr\u00e9sent\u00e9e par H Gallery.<\/strong><\/p>\n","protected":false},"excerpt":{"rendered":"<p>Artiste plasticienne, Corine Borgnet a \u00e9tudi\u00e9 aux Beaux-Arts de Poitiers avant d\u2019aller vivre \u00e0 New York pendant plus de dix ans. De retour des \u00c9tats-Unis en 2002, elle installe son&hellip; <\/p>\n","protected":false},"author":1,"featured_media":0,"comment_status":"open","ping_status":"open","sticky":false,"template":"","format":"standard","meta":{"_exactmetrics_skip_tracking":false,"_exactmetrics_sitenote_active":false,"_exactmetrics_sitenote_note":"","_exactmetrics_sitenote_category":0,"footnotes":""},"categories":[20,27],"tags":[34,4782,4777,4768,834,6,67,4767,4778,35,4781,4771,4780,4779,4770,58,4776,4772,4766,4773,4775,4774,4769,37],"class_list":["post-19268","post","type-post","status-publish","format-standard","hentry","category-article-descriptif","category-artistes","tag-andre-becot","tag-art-paris-2024","tag-brigitte-zieger","tag-celine-cleron","tag-centre-pompidou","tag-club-des-collectionneurs-en-arts-visuels-de-quebec","tag-club-des-collectionneurs-en-arts-visuels-de-quebec-marc-bellemare","tag-corinne-borgnet","tag-etienne-maire","tag-foire-en-arts-actuel","tag-h-gallery","tag-isabelle-levenez","tag-jade-boissin","tag-la-voix-du-nord","tag-lea-le-bricomte","tag-marc-bellemare-collectionneur","tag-maryline-terrier","tag-milena-massardier","tag-musee-labanque-de-bethume","tag-myriam-mechita","tag-nazanin-pouyandeh","tag-orlan","tag-rachel-labastie","tag-studio-becot"],"_links":{"self":[{"href":"https:\/\/galeriebecot.com\/index.php?rest_route=\/wp\/v2\/posts\/19268","targetHints":{"allow":["GET"]}}],"collection":[{"href":"https:\/\/galeriebecot.com\/index.php?rest_route=\/wp\/v2\/posts"}],"about":[{"href":"https:\/\/galeriebecot.com\/index.php?rest_route=\/wp\/v2\/types\/post"}],"author":[{"embeddable":true,"href":"https:\/\/galeriebecot.com\/index.php?rest_route=\/wp\/v2\/users\/1"}],"replies":[{"embeddable":true,"href":"https:\/\/galeriebecot.com\/index.php?rest_route=%2Fwp%2Fv2%2Fcomments&post=19268"}],"version-history":[{"count":10,"href":"https:\/\/galeriebecot.com\/index.php?rest_route=\/wp\/v2\/posts\/19268\/revisions"}],"predecessor-version":[{"id":19289,"href":"https:\/\/galeriebecot.com\/index.php?rest_route=\/wp\/v2\/posts\/19268\/revisions\/19289"}],"wp:attachment":[{"href":"https:\/\/galeriebecot.com\/index.php?rest_route=%2Fwp%2Fv2%2Fmedia&parent=19268"}],"wp:term":[{"taxonomy":"category","embeddable":true,"href":"https:\/\/galeriebecot.com\/index.php?rest_route=%2Fwp%2Fv2%2Fcategories&post=19268"},{"taxonomy":"post_tag","embeddable":true,"href":"https:\/\/galeriebecot.com\/index.php?rest_route=%2Fwp%2Fv2%2Ftags&post=19268"}],"curies":[{"name":"wp","href":"https:\/\/api.w.org\/{rel}","templated":true}]}}