{"id":19127,"date":"2024-03-21T11:30:00","date_gmt":"2024-03-21T15:30:00","guid":{"rendered":"https:\/\/www.clubdescollectionneursenartsvisuelsdequebec.com\/?p=19127"},"modified":"2024-03-22T12:55:34","modified_gmt":"2024-03-22T16:55:34","slug":"le-statut-de-lartiste-en-crise","status":"publish","type":"post","link":"https:\/\/galeriebecot.com\/?p=19127","title":{"rendered":"Le statut de l&rsquo;artiste en crise."},"content":{"rendered":"\n<figure class=\"wp-block-image size-large\"><a href=\"https:\/\/viedesarts.com\/perspectives\/le-statut-de-lartiste-en-crise\/#:~:text=Cette%20crise%20du%20travail%20peut,encore%20reconnu\u00b7e\u00b7s.\"><img loading=\"lazy\" decoding=\"async\" width=\"992\" height=\"1024\" src=\"https:\/\/www.galeriebecot.com\/wp-content\/uploads\/2024\/03\/Vie-art-992x1024.jpg\" alt=\"\" class=\"wp-image-19128\" srcset=\"https:\/\/galeriebecot.com\/wp-content\/uploads\/2024\/03\/Vie-art-992x1024.jpg 992w, https:\/\/galeriebecot.com\/wp-content\/uploads\/2024\/03\/Vie-art-291x300.jpg 291w, https:\/\/galeriebecot.com\/wp-content\/uploads\/2024\/03\/Vie-art-768x792.jpg 768w, https:\/\/galeriebecot.com\/wp-content\/uploads\/2024\/03\/Vie-art.jpg 1224w\" sizes=\"auto, (max-width: 992px) 100vw, 992px\" \/><\/a><figcaption><a href=\"https:\/\/viedesarts.com\/perspectives\/le-statut-de-lartiste-en-crise\/#:~:text=Cette%20crise%20du%20travail%20peut,encore%20reconnu\u00b7e\u00b7s.\">Pour lire le texte directement dans la revue _Vie des arts_ un click ici <\/a>!<\/figcaption><\/figure>\n\n\n\n<p class=\"wp-block-paragraph\"><strong>Retour sur une offensive artistique<\/strong> il y a de cela 53 ans. J&rsquo;\u00e9tais alors  \u00e9tudiant \u00e0 l&rsquo;\u00e9cole des Beaux-Arts de Montr\u00e9al ( <em>1971 <\/em>) C&rsquo;est pas nouveau cette situation de pr\u00e9carit\u00e9 des artistes en arts visuels !<\/p>\n\n\n\n<p class=\"wp-block-paragraph\"> <strong>Extrait <\/strong>du fantastique livre de Peter <strong>Gnass<\/strong>, <em>Autobiographie<\/em>, \u00e0 la page 158 , _Publication 2021 , 663 pages.<\/p>\n\n\n\n<p class=\"wp-block-paragraph\"><strong> Distributeur Peter Gnass<\/strong><\/p>\n\n\n\n<figure class=\"wp-block-image size-large is-resized\"><a href=\"https:\/\/www.galeriebecot.com\/wp-content\/uploads\/2024\/03\/Peter-Gnass-1.jpg\"><img loading=\"lazy\" decoding=\"async\" src=\"https:\/\/www.galeriebecot.com\/wp-content\/uploads\/2024\/03\/Peter-Gnass-1-735x1024.jpg\" alt=\"\" class=\"wp-image-19145\" width=\"148\" height=\"207\" srcset=\"https:\/\/galeriebecot.com\/wp-content\/uploads\/2024\/03\/Peter-Gnass-1-735x1024.jpg 735w, https:\/\/galeriebecot.com\/wp-content\/uploads\/2024\/03\/Peter-Gnass-1-215x300.jpg 215w, https:\/\/galeriebecot.com\/wp-content\/uploads\/2024\/03\/Peter-Gnass-1-768x1070.jpg 768w, https:\/\/galeriebecot.com\/wp-content\/uploads\/2024\/03\/Peter-Gnass-1-1102x1536.jpg 1102w, https:\/\/galeriebecot.com\/wp-content\/uploads\/2024\/03\/Peter-Gnass-1.jpg 1201w\" sizes=\"auto, (max-width: 148px) 100vw, 148px\" \/><\/a><figcaption><strong>Pour l&rsquo;achat<\/strong> de l&rsquo;autobiographie : Contacter directement  Peter <strong>Gnass <\/strong>au <strong> p.gnass@bell.net<\/strong><\/figcaption><\/figure>\n\n\n\n<figure class=\"wp-block-image size-large\"><a href=\"https:\/\/www.galeriebecot.com\/wp-content\/uploads\/2024\/03\/Offensive-artistique.jpg\"><img loading=\"lazy\" decoding=\"async\" width=\"1024\" height=\"664\" src=\"https:\/\/www.galeriebecot.com\/wp-content\/uploads\/2024\/03\/Offensive-artistique-1024x664.jpg\" alt=\"\" class=\"wp-image-19132\" srcset=\"https:\/\/galeriebecot.com\/wp-content\/uploads\/2024\/03\/Offensive-artistique-1024x664.jpg 1024w, https:\/\/galeriebecot.com\/wp-content\/uploads\/2024\/03\/Offensive-artistique-300x195.jpg 300w, https:\/\/galeriebecot.com\/wp-content\/uploads\/2024\/03\/Offensive-artistique-768x498.jpg 768w, https:\/\/galeriebecot.com\/wp-content\/uploads\/2024\/03\/Offensive-artistique.jpg 1200w\" sizes=\"auto, (max-width: 1024px) 100vw, 1024px\" \/><\/a><\/figure>\n\n\n\n<p class=\"wp-block-paragraph\"><em>Non, ce n&rsquo;est pas ce que vous pensez: il n&rsquo;y a que le camion qui soit militaire et, encore, il provient des surplus militaires. L&rsquo;offensive est autre car <strong>les balles de foin,<\/strong> que certains semblent manipuler avec peu de respect, sont d<strong>es oeuvres d&rsquo;art !<\/strong> En effet, sur cette photo, nous voyons une partie de l&rsquo;envol fait par une <strong>vingtaine d&rsquo;\u00e9tudiants<\/strong> <strong>des Beaux-Arts de Montr\u00e9al.<\/strong> Dans la salle , \u00e0 l&rsquo;int\u00e9rieur, il ya encore quarante autres balles de foin, autant d&rsquo;envois par des artistes qui veulent eux aussi protester de cette fa\u00e7on <strong>contre l&rsquo;actuelle politique du Minist\u00e8re des Affaires culturelles en ce qui touche les arts plastiques<\/strong>. Ces <strong>\u00a0\u00bb oeuvres \u00a0\u00bb <\/strong>sont donc les pi\u00e8ces qu&rsquo;ils soumettent aux<strong> Concours artistiques du Qu\u00e9bec 1971.<\/strong>D&rsquo;ailleurs, les sculpteurs, par leur association, refusent de participer. Les autres artistes, on l&rsquo;a vu dans notre section \u00a0\u00bb Arts et Lettres \u00a0\u00bb de samedi dernier,<strong> ont d\u00e9nonc\u00e9 les Concours. <\/strong>Devant la situation, le Minist\u00e8re des Affaires culturelles a d\u00e9cid\u00e9 de r\u00e9agir et,<strong> jeudi apr\u00e8s-midi, <\/strong>une \u00e9quipe, dirig\u00e9e par le sous-ministre, <strong>Guy Fr\u00e9gault, rencontrera les artistes m\u00e9contents.<\/strong><\/em><\/p>\n\n\n\n<ul class=\"wp-block-list\"><li><strong>La pr\u00e9carit\u00e9 des artistes en arts visuels est une r\u00e9alit\u00e9 complexe et multifactorielle<\/strong>. Elle d\u00e9coule de plusieurs facteurs, notamment le manque de stabilit\u00e9 financi\u00e8re, le manque de reconnaissance sociale et \u00e9conomique, ainsi que les d\u00e9fis li\u00e9s \u00e0 la commercialisation et \u00e0 la promotion de leur travail. Les concours peuvent \u00eatre \u00e0 la fois une opportunit\u00e9 et un d\u00e9fi pour les artistes en arts visuels dans ce contexte. <\/li><li>En fin de compte, les concours ne sont qu&rsquo;un aspect de l&rsquo;\u00e9cosyst\u00e8me artistique et ne peuvent r\u00e9soudre \u00e0 eux seuls les d\u00e9fis structurels auxquels les artistes en arts visuels sont confront\u00e9s en termes de pr\u00e9carit\u00e9. Pour aborder efficacement ces probl\u00e8mes,<strong> il est n\u00e9cessaire d&rsquo;adopter une approche plus large qui inclut des mesures telles que le soutien financier durable, l&rsquo;acc\u00e8s \u00e0 des espaces de travail abordables, la formation professionnelle et le renforcement des politiques culturelles qui reconnaissent la valeur sociale et \u00e9conomique du travail artistique.<\/strong> <em>Andr\u00e9 <strong>B\u00e9cot<\/strong>, Qu\u00e9bec 22 mars 2024<\/em>.<\/li><\/ul>\n\n\n\n<figure class=\"wp-block-image size-large\"><a href=\"https:\/\/www.galeriebecot.com\/wp-content\/uploads\/2024\/03\/Vie-art1.jpg\"><img loading=\"lazy\" decoding=\"async\" width=\"846\" height=\"1024\" src=\"https:\/\/www.galeriebecot.com\/wp-content\/uploads\/2024\/03\/Vie-art1-846x1024.jpg\" alt=\"\" class=\"wp-image-19129\" srcset=\"https:\/\/galeriebecot.com\/wp-content\/uploads\/2024\/03\/Vie-art1-846x1024.jpg 846w, https:\/\/galeriebecot.com\/wp-content\/uploads\/2024\/03\/Vie-art1-248x300.jpg 248w, https:\/\/galeriebecot.com\/wp-content\/uploads\/2024\/03\/Vie-art1-768x930.jpg 768w, https:\/\/galeriebecot.com\/wp-content\/uploads\/2024\/03\/Vie-art1.jpg 1224w\" sizes=\"auto, (max-width: 846px) 100vw, 846px\" \/><\/a><\/figure>\n\n\n\n<figure class=\"wp-block-image size-large\"><a href=\"https:\/\/www.galeriebecot.com\/wp-content\/uploads\/2024\/03\/vie-art2.jpg\"><img loading=\"lazy\" decoding=\"async\" width=\"989\" height=\"1024\" src=\"https:\/\/www.galeriebecot.com\/wp-content\/uploads\/2024\/03\/vie-art2-989x1024.jpg\" alt=\"\" class=\"wp-image-19130\" srcset=\"https:\/\/galeriebecot.com\/wp-content\/uploads\/2024\/03\/vie-art2-989x1024.jpg 989w, https:\/\/galeriebecot.com\/wp-content\/uploads\/2024\/03\/vie-art2-290x300.jpg 290w, https:\/\/galeriebecot.com\/wp-content\/uploads\/2024\/03\/vie-art2-768x795.jpg 768w, https:\/\/galeriebecot.com\/wp-content\/uploads\/2024\/03\/vie-art2.jpg 1224w\" sizes=\"auto, (max-width: 989px) 100vw, 989px\" \/><\/a><\/figure>\n\n\n\n<figure class=\"wp-block-image size-large\"><a href=\"https:\/\/www.galeriebecot.com\/wp-content\/uploads\/2024\/03\/vie-art-3.jpg\"><img loading=\"lazy\" decoding=\"async\" width=\"628\" height=\"1024\" src=\"https:\/\/www.galeriebecot.com\/wp-content\/uploads\/2024\/03\/vie-art-3-628x1024.jpg\" alt=\"\" class=\"wp-image-19131\" srcset=\"https:\/\/galeriebecot.com\/wp-content\/uploads\/2024\/03\/vie-art-3-628x1024.jpg 628w, https:\/\/galeriebecot.com\/wp-content\/uploads\/2024\/03\/vie-art-3-184x300.jpg 184w, https:\/\/galeriebecot.com\/wp-content\/uploads\/2024\/03\/vie-art-3-768x1252.jpg 768w, https:\/\/galeriebecot.com\/wp-content\/uploads\/2024\/03\/vie-art-3-942x1536.jpg 942w, https:\/\/galeriebecot.com\/wp-content\/uploads\/2024\/03\/vie-art-3.jpg 1224w\" sizes=\"auto, (max-width: 628px) 100vw, 628px\" \/><\/a><\/figure>\n","protected":false},"excerpt":{"rendered":"<p>Retour sur une offensive artistique il y a de cela 53 ans. J&rsquo;\u00e9tais alors \u00e9tudiant \u00e0 l&rsquo;\u00e9cole des Beaux-Arts de Montr\u00e9al ( 1971 ) C&rsquo;est pas nouveau cette situation de&hellip; <\/p>\n","protected":false},"author":1,"featured_media":0,"comment_status":"open","ping_status":"open","sticky":false,"template":"","format":"standard","meta":{"_exactmetrics_skip_tracking":false,"_exactmetrics_sitenote_active":false,"_exactmetrics_sitenote_note":"","_exactmetrics_sitenote_category":0,"footnotes":""},"categories":[179,20,27,29,336,23],"tags":[4736,34,3938,4727,4742,4732,4644,4733,6,67,66,4739,2714,4743,35,3354,4740,4738,4741,4728,4730,4734,58,4737,4729,738,4646,37,4731,4726,4735],"class_list":["post-19127","post","type-post","status-publish","format-standard","hentry","category-agac","category-article-descriptif","category-artistes","category-journaux","category-raav","category-saviez-vous-que","tag-acfas","tag-andre-becot","tag-antoine-desilets","tag-antoine-larocque","tag-brise-noeser","tag-carfac","tag-catherine-lalonde","tag-chpc","tag-club-des-collectionneurs-en-arts-visuels-de-quebec","tag-club-des-collectionneurs-en-arts-visuels-de-quebec-marc-bellemare","tag-club-des-collectionneurs-en-arts-visuels-de-quebec-studio-becot","tag-collectif-la-pieuvre","tag-ecole-des-beaux-arts-de-montreal","tag-enora-riviere","tag-foire-en-arts-actuel","tag-francois-legault","tag-galleries-west","tag-jim-carr","tag-katya-montaignac","tag-lapresse","tag-laurence-dubuc","tag-lois-20844-1","tag-marc-bellemare-collectionneur","tag-patricia-bovey","tag-philippe-barre","tag-raav","tag-rcaaq","tag-studio-becot","tag-unesco","tag-vie-des-arts","tag-zainub-verjee"],"_links":{"self":[{"href":"https:\/\/galeriebecot.com\/index.php?rest_route=\/wp\/v2\/posts\/19127","targetHints":{"allow":["GET"]}}],"collection":[{"href":"https:\/\/galeriebecot.com\/index.php?rest_route=\/wp\/v2\/posts"}],"about":[{"href":"https:\/\/galeriebecot.com\/index.php?rest_route=\/wp\/v2\/types\/post"}],"author":[{"embeddable":true,"href":"https:\/\/galeriebecot.com\/index.php?rest_route=\/wp\/v2\/users\/1"}],"replies":[{"embeddable":true,"href":"https:\/\/galeriebecot.com\/index.php?rest_route=%2Fwp%2Fv2%2Fcomments&post=19127"}],"version-history":[{"count":11,"href":"https:\/\/galeriebecot.com\/index.php?rest_route=\/wp\/v2\/posts\/19127\/revisions"}],"predecessor-version":[{"id":19152,"href":"https:\/\/galeriebecot.com\/index.php?rest_route=\/wp\/v2\/posts\/19127\/revisions\/19152"}],"wp:attachment":[{"href":"https:\/\/galeriebecot.com\/index.php?rest_route=%2Fwp%2Fv2%2Fmedia&parent=19127"}],"wp:term":[{"taxonomy":"category","embeddable":true,"href":"https:\/\/galeriebecot.com\/index.php?rest_route=%2Fwp%2Fv2%2Fcategories&post=19127"},{"taxonomy":"post_tag","embeddable":true,"href":"https:\/\/galeriebecot.com\/index.php?rest_route=%2Fwp%2Fv2%2Ftags&post=19127"}],"curies":[{"name":"wp","href":"https:\/\/api.w.org\/{rel}","templated":true}]}}