{"id":1903,"date":"2014-04-17T13:29:49","date_gmt":"2014-04-17T17:29:49","guid":{"rendered":"http:\/\/www.clubdescollectionneursenartsvisuelsdequebec.com\/?p=1903"},"modified":"2014-04-21T17:48:16","modified_gmt":"2014-04-21T21:48:16","slug":"artistes-du-club","status":"publish","type":"post","link":"https:\/\/galeriebecot.com\/?p=1903","title":{"rendered":"Artistes fid\u00e8les \u00e0 nos conf\u00e9rences"},"content":{"rendered":"<p><a href=\"http:\/\/suzannepaquettelissier.blogspot.ca\/\">Paquette Suzanne<\/a>&#8230;<\/p>\n<p>Ouverture au public de mon atelier le 30 avril prochain de 17h30 \u00e0 19h30.<\/p>\n<p><a href=\"http:\/\/suzannepaquettelissier.blogspot.ca\/\"><img loading=\"lazy\" decoding=\"async\" class=\"alignnone size-full wp-image-1914\" alt=\"Paquette\" src=\"https:\/\/www.galeriebecot.com\/wp-content\/uploads\/2014\/04\/Paquette.jpg\" width=\"576\" height=\"549\" srcset=\"https:\/\/galeriebecot.com\/wp-content\/uploads\/2014\/04\/Paquette.jpg 576w, https:\/\/galeriebecot.com\/wp-content\/uploads\/2014\/04\/Paquette-300x285.jpg 300w\" sizes=\"auto, (max-width: 576px) 100vw, 576px\" \/><\/a><\/p>\n<p>&nbsp;<\/p>\n<p>Ma tapisserie \u00ab\u00a0Maisons\u00a0\u00bb a \u00e9t\u00e9 s\u00e9lectionn\u00e9e pour\u00a0<a href=\"http:\/\/americantapestryalliance.org\/exhibitions\/atbiennials\/american-tapestry-biennial-10-2\/\" target=\"_blank\">American Tapestry Biennial 10<\/a>. L&rsquo;exposition sera pr\u00e9sent\u00e9e au\u00a0<a href=\"http:\/\/americantapestryalliance.org\/exhibitions\/atbiennials\/american-tapestry-biennial-10-2\/\" target=\"_blank\">Visions Art Museum<\/a>, San Diego, CA du 2 mai au 20 juillet 2014. par la suite, l&rsquo;exposition voyagera aux \u00c9tats-Unis o\u00f9 elle sera pr\u00e9sent\u00e9e au\u00a0<a href=\"http:\/\/www.kent.edu\/museum\/index.cfm\" target=\"_blank\">Kent State University Museum<\/a>\u00a0\u00e0 Kent en Ohio du 25 septembre 2014 au 4 janvier 2015 et pour finir on pourra la voir \u00e0 la galerie\u00a0<a href=\"http:\/\/thekaneko.org\/\" target=\"_blank\">Kaneko<\/a>\u00a0\u00e0 Omaha au Nebraska du 6 f\u00e9vrier au 24 avril 2015.<\/p>\n<p><a href=\"http:\/\/www.klodytremblay.odexpo.com\/pro_page.asp\">Tremblay<\/a>\u00a0<a href=\"http:\/\/www.klodytremblay.odexpo.com\/pro_page.asp\">Kl\u00f6dy<\/a><\/p>\n<p><a href=\"http:\/\/www.klodytremblay.odexpo.com\/pro_page.asp\"><img loading=\"lazy\" decoding=\"async\" class=\"alignnone size-full wp-image-1905\" alt=\"Klody\" src=\"https:\/\/www.galeriebecot.com\/wp-content\/uploads\/2014\/04\/Klody.jpg\" width=\"580\" height=\"387\" srcset=\"https:\/\/galeriebecot.com\/wp-content\/uploads\/2014\/04\/Klody.jpg 580w, https:\/\/galeriebecot.com\/wp-content\/uploads\/2014\/04\/Klody-300x200.jpg 300w\" sizes=\"auto, (max-width: 580px) 100vw, 580px\" \/><\/a><\/p>\n<p>\u00ab\u00a0 Mon oeuvre est une fractale; la moindre perception de ce qui m&rsquo;entoure peut la changer \u00e0 chaque instant&#8230; \u00bb : &#8211; Kl\u00f6dy Tremblay<\/p>\n","protected":false},"excerpt":{"rendered":"<p>Paquette Suzanne&#8230; Ouverture au public de mon atelier le 30 avril prochain de 17h30 \u00e0 19h30. &nbsp; Ma tapisserie \u00ab\u00a0Maisons\u00a0\u00bb a \u00e9t\u00e9 s\u00e9lectionn\u00e9e pour\u00a0American Tapestry Biennial 10. L&rsquo;exposition sera pr\u00e9sent\u00e9e&hellip; <\/p>\n","protected":false},"author":1,"featured_media":0,"comment_status":"open","ping_status":"open","sticky":false,"template":"","format":"standard","meta":{"_exactmetrics_skip_tracking":false,"_exactmetrics_sitenote_active":false,"_exactmetrics_sitenote_note":"","_exactmetrics_sitenote_category":0,"footnotes":""},"categories":[19],"tags":[34,6,35,221,33,222],"class_list":["post-1903","post","type-post","status-publish","format-standard","hentry","category-vernissage","tag-andre-becot","tag-club-des-collectionneurs-en-arts-visuels-de-quebec","tag-foire-en-arts-actuel","tag-klody-tremblay","tag-marc-bellemare","tag-suzanne-paquette"],"_links":{"self":[{"href":"https:\/\/galeriebecot.com\/index.php?rest_route=\/wp\/v2\/posts\/1903","targetHints":{"allow":["GET"]}}],"collection":[{"href":"https:\/\/galeriebecot.com\/index.php?rest_route=\/wp\/v2\/posts"}],"about":[{"href":"https:\/\/galeriebecot.com\/index.php?rest_route=\/wp\/v2\/types\/post"}],"author":[{"embeddable":true,"href":"https:\/\/galeriebecot.com\/index.php?rest_route=\/wp\/v2\/users\/1"}],"replies":[{"embeddable":true,"href":"https:\/\/galeriebecot.com\/index.php?rest_route=%2Fwp%2Fv2%2Fcomments&post=1903"}],"version-history":[{"count":15,"href":"https:\/\/galeriebecot.com\/index.php?rest_route=\/wp\/v2\/posts\/1903\/revisions"}],"predecessor-version":[{"id":1937,"href":"https:\/\/galeriebecot.com\/index.php?rest_route=\/wp\/v2\/posts\/1903\/revisions\/1937"}],"wp:attachment":[{"href":"https:\/\/galeriebecot.com\/index.php?rest_route=%2Fwp%2Fv2%2Fmedia&parent=1903"}],"wp:term":[{"taxonomy":"category","embeddable":true,"href":"https:\/\/galeriebecot.com\/index.php?rest_route=%2Fwp%2Fv2%2Fcategories&post=1903"},{"taxonomy":"post_tag","embeddable":true,"href":"https:\/\/galeriebecot.com\/index.php?rest_route=%2Fwp%2Fv2%2Ftags&post=1903"}],"curies":[{"name":"wp","href":"https:\/\/api.w.org\/{rel}","templated":true}]}}