{"id":18949,"date":"2024-02-14T11:46:00","date_gmt":"2024-02-14T16:46:00","guid":{"rendered":"https:\/\/www.clubdescollectionneursenartsvisuelsdequebec.com\/?p=18949"},"modified":"2024-03-06T12:19:58","modified_gmt":"2024-03-06T17:19:58","slug":"decouvrir-lartiste-yolande-bernier","status":"publish","type":"post","link":"https:\/\/galeriebecot.com\/?p=18949","title":{"rendered":"D\u00e9couvrir l&rsquo;artiste Yolande Bernier"},"content":{"rendered":"\n<p class=\"wp-block-paragraph\"><strong>Les pigments de min\u00e9raux<\/strong> relient l&rsquo;art de la pr\u00e9histoire et la <strong>Nihonga,<\/strong> deux univers de parent\u00e9 lointaine&#8230;.<\/p>\n\n\n\n<p class=\"wp-block-paragraph\">Yolande Bernier est en exposition jusqu&rsquo;au 31 mars 2024, <strong>dans un collectif<\/strong> ayant pour th\u00e8me _<strong>Dormance<\/strong>_ , en <\/p>\n\n\n\n<p class=\"wp-block-paragraph\">collaboration avec la  <strong>Manif D&rsquo;Art 11.<\/strong> <strong><em>Ouverture de la galerie<\/em><\/strong> le jeudi, vendredi ,samedi et dimanche. de 14 @ 16 h. <\/p>\n\n\n\n<p class=\"wp-block-paragraph\">En dehors des heures, il est possible de prendre rendez &#8211; vous au <strong>418 559 6816<\/strong>. <\/p>\n\n\n\n<p class=\"wp-block-paragraph\">Bienvenue \u00e0 vous tous bonne journ\u00e9e !<\/p>\n\n\n\n<figure class=\"wp-block-image size-large\"><a href=\"https:\/\/artmagazine.ca\"><img loading=\"lazy\" decoding=\"async\" width=\"380\" height=\"1024\" src=\"https:\/\/www.galeriebecot.com\/wp-content\/uploads\/2024\/03\/Yolande-380x1024.jpg\" alt=\"\" class=\"wp-image-18950\" srcset=\"https:\/\/galeriebecot.com\/wp-content\/uploads\/2024\/03\/Yolande-380x1024.jpg 380w, https:\/\/galeriebecot.com\/wp-content\/uploads\/2024\/03\/Yolande-111x300.jpg 111w, https:\/\/galeriebecot.com\/wp-content\/uploads\/2024\/03\/Yolande.jpg 753w\" sizes=\"auto, (max-width: 380px) 100vw, 380px\" \/><\/a><\/figure>\n\n\n\n<figure class=\"wp-block-image size-large is-resized\"><a href=\"https:\/\/www.galeriebecot.com\/?p=18660\"><img loading=\"lazy\" decoding=\"async\" src=\"https:\/\/www.galeriebecot.com\/wp-content\/uploads\/2024\/03\/Yoyande-Bernier-journal-904x1024.jpg\" alt=\"\" class=\"wp-image-18951\" width=\"710\" height=\"804\" srcset=\"https:\/\/galeriebecot.com\/wp-content\/uploads\/2024\/03\/Yoyande-Bernier-journal-904x1024.jpg 904w, https:\/\/galeriebecot.com\/wp-content\/uploads\/2024\/03\/Yoyande-Bernier-journal-265x300.jpg 265w, https:\/\/galeriebecot.com\/wp-content\/uploads\/2024\/03\/Yoyande-Bernier-journal-768x870.jpg 768w, https:\/\/galeriebecot.com\/wp-content\/uploads\/2024\/03\/Yoyande-Bernier-journal-1356x1536.jpg 1356w, https:\/\/galeriebecot.com\/wp-content\/uploads\/2024\/03\/Yoyande-Bernier-journal.jpg 1475w\" sizes=\"auto, (max-width: 710px) 100vw, 710px\" \/><\/a><\/figure>\n","protected":false},"excerpt":{"rendered":"<p>Les pigments de min\u00e9raux relient l&rsquo;art de la pr\u00e9histoire et la Nihonga, deux univers de parent\u00e9 lointaine&#8230;. Yolande Bernier est en exposition jusqu&rsquo;au 31 mars 2024, dans un collectif ayant&hellip; <\/p>\n","protected":false},"author":1,"featured_media":0,"comment_status":"open","ping_status":"open","sticky":false,"template":"","format":"standard","meta":{"_exactmetrics_skip_tracking":false,"_exactmetrics_sitenote_active":false,"_exactmetrics_sitenote_note":"","_exactmetrics_sitenote_category":0,"footnotes":""},"categories":[20,27,22,18],"tags":[34,43,6,536,58,4692,673,4693,37,1777],"class_list":["post-18949","post","type-post","status-publish","format-standard","hentry","category-article-descriptif","category-artistes","category-catalogues","category-evenement","tag-andre-becot","tag-arts-visuels","tag-club-des-collectionneurs-en-arts-visuels-de-quebec","tag-magazinart","tag-marc-bellemare-collectionneur","tag-mrc-des-appalaches","tag-musee-marius-barbeau","tag-nihonga","tag-studio-becot","tag-yolande-bernier"],"_links":{"self":[{"href":"https:\/\/galeriebecot.com\/index.php?rest_route=\/wp\/v2\/posts\/18949","targetHints":{"allow":["GET"]}}],"collection":[{"href":"https:\/\/galeriebecot.com\/index.php?rest_route=\/wp\/v2\/posts"}],"about":[{"href":"https:\/\/galeriebecot.com\/index.php?rest_route=\/wp\/v2\/types\/post"}],"author":[{"embeddable":true,"href":"https:\/\/galeriebecot.com\/index.php?rest_route=\/wp\/v2\/users\/1"}],"replies":[{"embeddable":true,"href":"https:\/\/galeriebecot.com\/index.php?rest_route=%2Fwp%2Fv2%2Fcomments&post=18949"}],"version-history":[{"count":9,"href":"https:\/\/galeriebecot.com\/index.php?rest_route=\/wp\/v2\/posts\/18949\/revisions"}],"predecessor-version":[{"id":18964,"href":"https:\/\/galeriebecot.com\/index.php?rest_route=\/wp\/v2\/posts\/18949\/revisions\/18964"}],"wp:attachment":[{"href":"https:\/\/galeriebecot.com\/index.php?rest_route=%2Fwp%2Fv2%2Fmedia&parent=18949"}],"wp:term":[{"taxonomy":"category","embeddable":true,"href":"https:\/\/galeriebecot.com\/index.php?rest_route=%2Fwp%2Fv2%2Fcategories&post=18949"},{"taxonomy":"post_tag","embeddable":true,"href":"https:\/\/galeriebecot.com\/index.php?rest_route=%2Fwp%2Fv2%2Ftags&post=18949"}],"curies":[{"name":"wp","href":"https:\/\/api.w.org\/{rel}","templated":true}]}}