{"id":1892,"date":"2021-09-27T15:22:00","date_gmt":"2021-09-27T19:22:00","guid":{"rendered":"http:\/\/www.clubdescollectionneursenartsvisuelsdequebec.com\/?p=1892"},"modified":"2021-09-30T16:05:08","modified_gmt":"2021-09-30T20:05:08","slug":"becot-andre","status":"publish","type":"post","link":"https:\/\/galeriebecot.com\/?p=1892","title":{"rendered":"Andr\u00e9 B\u00e9cot \/ Projet Po\u00e9tique"},"content":{"rendered":"\n<figure class=\"wp-block-image size-large\"><a href=\"https:\/\/www.galeriebecot.com\/?p=7945\"><img loading=\"lazy\" decoding=\"async\" width=\"913\" height=\"1024\" src=\"https:\/\/www.galeriebecot.com\/wp-content\/uploads\/2021\/09\/Becot-OK-Sculpt.-Aout-2021-3-vueFB-913x1024.jpg\" alt=\"\" class=\"wp-image-14787\" srcset=\"https:\/\/galeriebecot.com\/wp-content\/uploads\/2021\/09\/Becot-OK-Sculpt.-Aout-2021-3-vueFB-913x1024.jpg 913w, https:\/\/galeriebecot.com\/wp-content\/uploads\/2021\/09\/Becot-OK-Sculpt.-Aout-2021-3-vueFB-268x300.jpg 268w, https:\/\/galeriebecot.com\/wp-content\/uploads\/2021\/09\/Becot-OK-Sculpt.-Aout-2021-3-vueFB-768x861.jpg 768w, https:\/\/galeriebecot.com\/wp-content\/uploads\/2021\/09\/Becot-OK-Sculpt.-Aout-2021-3-vueFB.jpg 1082w\" sizes=\"auto, (max-width: 913px) 100vw, 913px\" \/><\/a><figcaption><a href=\"https:\/\/www.galeriebecot.com\/?p=7945\"><strong>Galerie B\u00e9cot <\/strong>\/ <strong>Collectif Renaissance 1<\/strong><\/a><\/figcaption><\/figure>\n\n\n\n<p class=\"wp-block-paragraph\">Maquette pour sculpture monumentale ( \u00e9chelle 1\u2033\/3\u2033) <em><strong>par B\u00e9cot<\/strong><\/em>.<\/p>\n\n\n\n<p class=\"wp-block-paragraph\"><strong>Ceux qui ont le pouvoir de voler nous fascinent.<\/strong><br>Titre du projet :&nbsp;<strong>Sublimation de vol en quintessence !&nbsp;<\/strong><\/p>\n\n\n\n<p class=\"wp-block-paragraph\">Cette sculpture est en r\u00e9f\u00e9rence aux super-h\u00e9ros.<\/p>\n\n\n\n<p class=\"wp-block-paragraph\">La sculpture fait r\u00e9f\u00e9rence \u00e0 une fusion de plusieurs de leurs images iconiques . (Super-Man,Dragon Ball et Ast\u00e9rix )<\/p>\n\n\n\n<p class=\"wp-block-paragraph\">Parmi tous les super-h\u00e9ros, ceux qui ont le pouvoir de voler nous fascinent le plus.Peut-\u00eatre parce que ce pouvoir nous semble \u00eatre le plus plausible. Tous ont une technique bien \u00e0 eux que nous r\u00eavons de poss\u00e9der un jour. Si le d\u00e9sir de voler est un des grands r\u00eaves de l\u2019homme, c\u2019est l\u2019un des plus exaltants et des plus communs aussi \u00e0 son sommeil. Nous avons tous eu, au moins une nuit, cette facult\u00e9 de voler, de planer dans les airs. Ces r\u00eaves sont enivrants et procurent beaucoup de plaisir.<\/p>\n\n\n\n<p class=\"wp-block-paragraph\">Voler, un r\u00eave inaccessible pour l\u2019homme.<br>Voler comme un oiseau reste le r\u00eave ultime pour les humains. Notre corps est capable de marcher, de sauter et m\u00eame de nager, mais voler nous est anatomiquement impossible. Si des hommes repoussent les limites pour se rapprocher du vol naturel, aile \u00e0 r\u00e9action, base jump ou vol illusoire, les oiseaux restent les ma\u00eetres du ciel !<\/p>\n\n\n\n<p class=\"wp-block-paragraph\">Pourquoi autant de personnes aimeraient pouvoir voler comme un oiseau ?<\/p>\n\n\n\n<p class=\"wp-block-paragraph\">Parce que voler c\u2019est la libert\u00e9. Le fait de s\u2019envoler et de se retrouver dans les airs est un symbole de l\u00e9g\u00e8ret\u00e9.Voler est un r\u00eave fou que partagent les humains depuis la nuit des temps.<br>* Extrait de la mythologie grec.<\/p>\n\n\n\n<p class=\"wp-block-paragraph\">(&nbsp;<em>\u2026..mais Icare, appr\u00e9ciait la vue et voulut en voir plus gris\u00e9 par le vol, oublia l\u2019interdit et prit de plus en plus d\u2019altitude. La chaleur fait fondre la cire jusqu\u2019\u00e0 ce que ses ailes finissent par le trahir. Il meurt pr\u00e9cipit\u00e9 dans la mer qui porte d\u00e9sormais son nom : la mer Icarienne\u2026..<\/em>)<\/p>\n\n\n\n<p class=\"wp-block-paragraph\">* Cette sculpture est aussi signal\u00e9tique<br>( Le personnage tournera sur un pivot ainsi que son h\u00e9lice, au gr\u00e9 du vent ) Orientation du personnage vers le nuage pour indiquer les vents de l\u2019est. (mauvais temps)<br>Orientation du personnage vers l\u2019ouest (section sans nuage pour indiquer le (beau temps)<\/p>\n\n\n\n<p class=\"wp-block-paragraph\">Retour sur la d\u00e9marche de l&rsquo;artiste Andr\u00e9 B\u00e9cot en 1978.<\/p>\n\n\n\n<p class=\"wp-block-paragraph\"><a href=\"https:\/\/www.galeriebecot.com\/?p=7945\">Collectif  Renaissance1<\/a><\/p>\n\n\n\n<figure class=\"wp-block-image size-large\"><a href=\"http:\/\/db.vdb.free.fr\/bribes\/SYMAX\/mes_pdf\/symetrie_philibert.pdf\"><img loading=\"lazy\" decoding=\"async\" width=\"754\" height=\"1024\" src=\"https:\/\/www.galeriebecot.com\/wp-content\/uploads\/2021\/05\/Becot-1978-2-754x1024.jpg\" alt=\"\" class=\"wp-image-14409\" srcset=\"https:\/\/galeriebecot.com\/wp-content\/uploads\/2021\/05\/Becot-1978-2-754x1024.jpg 754w, https:\/\/galeriebecot.com\/wp-content\/uploads\/2021\/05\/Becot-1978-2-221x300.jpg 221w, https:\/\/galeriebecot.com\/wp-content\/uploads\/2021\/05\/Becot-1978-2-768x1043.jpg 768w, https:\/\/galeriebecot.com\/wp-content\/uploads\/2021\/05\/Becot-1978-2-1131x1536.jpg 1131w, https:\/\/galeriebecot.com\/wp-content\/uploads\/2021\/05\/Becot-1978-2.jpg 1144w\" sizes=\"auto, (max-width: 754px) 100vw, 754px\" \/><\/a><\/figure>\n\n\n\n<p class=\"wp-block-paragraph\">La sym\u00e9trie bilat\u00e9rale<\/p>\n\n\n\n<p class=\"wp-block-paragraph\">Nul regard ne peut \u00e9chapper \u00e0 l\u2019\u00e9vidence de la sym\u00e9trie bilat\u00e9rale, encore appel\u00e9e sagittale (si l\u2019on met l\u2019accent sur la distinction avant ou arri\u00e8re), de nombreux animaux et en particulier de l\u2019\u00eatre humain \u2014 voir le fameux dessin des proportions humaines inscrit dans un cercle par Leonard de Vinci, suivant la description de Vitruve, dessin qui fut \u00e9galement utilis\u00e9 en publicit\u00e9.<\/p>\n\n\n<p><a href=\"https:\/\/www.galeriebecot.com\/wp-content\/uploads\/2018\/12\/A-Becot.jpg\"><img loading=\"lazy\" decoding=\"async\" class=\"alignnone size-full wp-image-10198\" src=\"https:\/\/www.galeriebecot.com\/wp-content\/uploads\/2018\/12\/A-Becot.jpg\" alt=\"\" width=\"688\" height=\"746\" srcset=\"https:\/\/galeriebecot.com\/wp-content\/uploads\/2018\/12\/A-Becot.jpg 688w, https:\/\/galeriebecot.com\/wp-content\/uploads\/2018\/12\/A-Becot-277x300.jpg 277w\" sizes=\"auto, (max-width: 688px) 100vw, 688px\" \/><\/a><\/p>\n<p><a href=\"https:\/\/www.galeriebecot.com\/wp-content\/uploads\/2016\/06\/Becot-oeuvre1.jpg\"><img loading=\"lazy\" decoding=\"async\" class=\"alignnone size-full wp-image-10114\" src=\"https:\/\/www.galeriebecot.com\/wp-content\/uploads\/2016\/06\/Becot-oeuvre1.jpg\" alt=\"\" width=\"615\" height=\"853\" srcset=\"https:\/\/galeriebecot.com\/wp-content\/uploads\/2016\/06\/Becot-oeuvre1.jpg 615w, https:\/\/galeriebecot.com\/wp-content\/uploads\/2016\/06\/Becot-oeuvre1-216x300.jpg 216w\" sizes=\"auto, (max-width: 615px) 100vw, 615px\" \/><\/a><\/p>\n<p><a href=\"https:\/\/www.galeriebecot.com\/wp-content\/uploads\/2019\/01\/Becot-oeuvre22.jpg\"><img loading=\"lazy\" decoding=\"async\" class=\"alignnone size-full wp-image-10117\" src=\"https:\/\/www.galeriebecot.com\/wp-content\/uploads\/2019\/01\/Becot-oeuvre22.jpg\" alt=\"\" width=\"615\" height=\"775\" srcset=\"https:\/\/galeriebecot.com\/wp-content\/uploads\/2019\/01\/Becot-oeuvre22.jpg 615w, https:\/\/galeriebecot.com\/wp-content\/uploads\/2019\/01\/Becot-oeuvre22-238x300.jpg 238w\" sizes=\"auto, (max-width: 615px) 100vw, 615px\" \/><\/a><\/p>\n<p><a href=\"https:\/\/www.galeriebecot.com\/wp-content\/uploads\/2018\/12\/Chinois-Copright.jpg\"><img loading=\"lazy\" decoding=\"async\" class=\"alignnone size-full wp-image-10142\" src=\"https:\/\/www.galeriebecot.com\/wp-content\/uploads\/2018\/12\/Chinois-Copright.jpg\" alt=\"\" width=\"331\" height=\"28\" srcset=\"https:\/\/galeriebecot.com\/wp-content\/uploads\/2018\/12\/Chinois-Copright.jpg 331w, https:\/\/galeriebecot.com\/wp-content\/uploads\/2018\/12\/Chinois-Copright-300x25.jpg 300w, https:\/\/galeriebecot.com\/wp-content\/uploads\/2018\/12\/Chinois-Copright-330x28.jpg 330w\" sizes=\"auto, (max-width: 331px) 100vw, 331px\" \/><\/a><\/p>\n<p><a href=\"https:\/\/www.galeriebecot.com\/wp-content\/uploads\/2018\/12\/USA-N-Sugar.jpg\"><img loading=\"lazy\" decoding=\"async\" class=\"alignnone size-full wp-image-10588\" src=\"https:\/\/www.galeriebecot.com\/wp-content\/uploads\/2018\/12\/USA-N-Sugar.jpg\" alt=\"\" width=\"410\" height=\"909\" srcset=\"https:\/\/galeriebecot.com\/wp-content\/uploads\/2018\/12\/USA-N-Sugar.jpg 410w, https:\/\/galeriebecot.com\/wp-content\/uploads\/2018\/12\/USA-N-Sugar-135x300.jpg 135w\" sizes=\"auto, (max-width: 410px) 100vw, 410px\" \/><\/a><\/p>\n<p>USA N&rsquo;Sugar<\/p>\n<p>Techniques mixtes; Bois ,m\u00e9tal, plastique acier,cuivre<\/p>\n<p>Dimensions :11&Prime; x 26 \u00a0\u00bb 1\/2<\/p>\n<p>Tableau relief par Andr\u00e9 B\u00e9cot<\/p>\n<p>Prix $ &nbsp;cad: 895.00 $<\/p>\n<p><a href=\"https:\/\/www.galeriebecot.com\/wp-content\/uploads\/2016\/06\/Becot_fragilit\u00e9-de-l\u00eatre.jpg\"><img loading=\"lazy\" decoding=\"async\" class=\"alignnone size-full wp-image-5175\" src=\"https:\/\/www.galeriebecot.com\/wp-content\/uploads\/2016\/06\/Becot_fragilit\u00e9-de-l\u00eatre.jpg\" alt=\"Becot_fragilit\u00e9 de l'\u00eatre\" width=\"527\" height=\"710\" srcset=\"https:\/\/galeriebecot.com\/wp-content\/uploads\/2016\/06\/Becot_fragilit\u00e9-de-l\u00eatre.jpg 527w, https:\/\/galeriebecot.com\/wp-content\/uploads\/2016\/06\/Becot_fragilit\u00e9-de-l\u00eatre-223x300.jpg 223w\" sizes=\"auto, (max-width: 527px) 100vw, 527px\" \/><\/a><\/p>\n<p><a href=\"https:\/\/www.galeriebecot.com\/wp-content\/uploads\/2018\/12\/Becot-2018-OKOKOK.jpg\"><img loading=\"lazy\" decoding=\"async\" class=\"alignnone size-full wp-image-10206\" src=\"https:\/\/www.galeriebecot.com\/wp-content\/uploads\/2018\/12\/Becot-2018-OKOKOK.jpg\" alt=\"\" width=\"540\" height=\"658\" srcset=\"https:\/\/galeriebecot.com\/wp-content\/uploads\/2018\/12\/Becot-2018-OKOKOK.jpg 540w, https:\/\/galeriebecot.com\/wp-content\/uploads\/2018\/12\/Becot-2018-OKOKOK-246x300.jpg 246w\" sizes=\"auto, (max-width: 540px) 100vw, 540px\" \/><\/a><\/p>\n<p>Sculpture par Andr\u00e9 B\u00e9cot ( collection priv\u00e9e)<\/p>\n<p>Titre : Le Naturel et le Surnaturel (<em>d\u00e9tail<\/em>)<\/p>\n<p>M\u00e9dium : Bronze et Bois<\/p>\n<p>Dimensions : 30 x 14 x 53 centim\u00e8tres<\/p>\n<p><\/p>\n<p>Andr\u00e9 B\u00e9cot a \u00e9tudi\u00e9 \u00e0 l\u2019\u00c9cole des beaux-arts de Montr\u00e9al et \u00e0 l\u2019Universit\u00e9 de Qu\u00e9bec \u00e0 Montr\u00e9al.Depuis 1970,il participe \u00e0 de nombreuses expositions individuelles et collectives et il effectue de nombreux stages au Qu\u00e9bec,aux Etats-Unis,en France et en Italie.Dans la cr\u00e9ation de ses \u0153uvres,il utilise \u00e0 l\u2019occasion les nouvelles technologies.De plus,depuis plusieurs ann\u00e9es,il organise de nombreux \u00e9v\u00e9nements dans le domaine des arts visuels,notamment pour le Club des collectionneurs en arts visuels de Qu\u00e9bec.Son travail actuel est concentr\u00e9 sur la repr\u00e9sentation de symboles et d\u2019ic\u00f4nes politiques,sociales et \u00e9conomiques.<\/p>\n<p>N\u00e9 \u00e0 Arthabaska,Andr\u00e9 B\u00e9cot vit et travaille \u00e0 Qu\u00e9bec depuis 1972.Apr\u00e8s des \u00e9tudes \u00e0 l\u2019\u00e9cole des Beaux Arts de Montr\u00e9al(1967) et \u00e0 l\u2019Universit\u00e9 du Qu\u00e9bec \u00e0 Montr\u00e9al(1972),il obtient un poste comme professeur en arts plastiques au C\u00e9gep de Sainte-Foy.Il est \u00e9galement professeur charg\u00e9 de cours de 1976 \u00e0 1977 \u00e0 UQATR et, \u00e0 UQAC, en Arts du feu de 1980&nbsp;\u00e0 1983.<\/p>\n<p>Andre Becot has a BFA from l\u2019universit\u00e9 de Qu\u00e9bec in Montr\u00e9al.He was an administrator for the Conseil de la sculpture du Qu\u00e9bec and for the RAAV for several years.In 1989,his project &lt;&lt; Harmonique &gt;&gt; was awarded the silver medal for sculpture at the &lt;&lt; Jeux de la francophonie &gt;&gt; in Morocco.<\/p>\n<p>Adresse du studio B\u00e9cot: 344 rue St.-H\u00e9l\u00e8ne Qu\u00e9bec,G1K 3L7<\/p>\n<p><span class=\"Apple-style-span\">La Galerie \/ Ateliers B\u00e9cot est un espace de production et de diffusion des arts visuels. Andr\u00e9 B\u00e9cot travaille dans le milieu des arts visuels de Qu\u00e9bec depuis plus de 30 ans. En plus d\u2019enseigner &nbsp;les arts visuels au c\u00e9gep de Sainte-Foy, il participe \u00e0 de nombreux \u00e9v\u00e8nements en tant qu\u2019artiste professionnel. En 1989, il participe aux premiers jeux de la francophonie en tant que sculpteur invit\u00e9. On lui d\u00e9cerne la m\u00e9daille d&rsquo;argent pour son projet in situ. Il fut propri\u00e9taire de la Galerie Andr\u00e9 B\u00e9cot, \u00e9tablie sur la rue Saint-Jean \u00e0 Qu\u00e9bec de 1976 \u00e0 1986. Il fut aussi membre du conseil d\u2019administration du RAAV de 2005 \u00e0 2009 et du conseil de la sculpture du Qu\u00e9bec, durant une p\u00e9riode de dix ans. Il est membre du conseil de la culture et membre organisateur et programmeur, du club des collectionneurs en arts Visuels de Qu\u00e9bec.&nbsp;<\/span><span class=\"Apple-style-span\"><span class=\"\">Aujourd\u2019hui, les Ateliers B\u00e9cot et la Galerie B\u00e9cot se partagent le m\u00eame espace. Ce mode de fonctionnement permet \u00e0 la Galerie B\u00e9cot de s\u2019engager dans le milieu culturel de Qu\u00e9bec avec une certaine libert\u00e9. Cela permet aussi \u00e0 des artistes d\u2019y produire &nbsp;leurs \u0153uvres et, de fa\u00e7on ponctuelle, d\u2019en faire la diffusion. La Galerie B\u00e9cot &nbsp;assure la diffusion d\u2019\u00e9v\u00e8nements de quatre \u00e0 cinq fois par ann\u00e9e lors de colloques, d\u2019expositions et de conf\u00e9rences.<\/span><\/span><\/p>\n<p>C.V. de Andr\u00e9 B\u00e9cot<\/p>\n<p><b>Formation r\u00e9cente<\/b><\/p>\n<p>Gestion de r\u00e9seaux sociaux<\/p>\n<p>Anglais des affaires<\/p>\n<p><b>Implication dans mon milieu<\/b><\/p>\n<p>C.A. du club des collectionneurs en Arts Visuels de Qu\u00e9bec.<\/p>\n<p>Table de concertation des journ\u00e9es de la culture 2011.<\/p>\n<p>Membre du conseil de la culture (table des Arts Visuels)<\/p>\n<p>Membre du RAAV (Regroupement des artistes en Arts Visuels)<\/p>\n<p><b>ENSEIGNEMENT<\/b><\/p>\n<p><b><\/b><b>Novembre 2013 D\u00e9cembre 2013<\/b><\/p>\n<p>Remplacement C\u00e9gep de St-Foy<\/p>\n<p><b>D\u00e9cembre 2012 Janvier 2013<\/b><\/p>\n<p>Remplacement C\u00e9gep de St-Foy<\/p>\n<p><b>D\u00e9cembre 2010 Janvier 2011<\/b><\/p>\n<p>Remplacement C\u00e9gep St-Foy<\/p>\n<p><b>2006-2014<\/b><\/p>\n<p>Sur appel pour la commission scolaire<\/p>\n<p>De la capitale<\/p>\n<p><b>1972-2005<\/b><\/p>\n<p>C\u00e9gep de Sainte-Foy, QC,<\/p>\n<p>D\u00e9partement des Arts,( sp\u00e9cialit\u00e9&nbsp;:mat\u00e9riaux\/nouvelles technologies) Design et Graphiste<\/p>\n<p><b>1989-1990<\/b><\/p>\n<p>Responsable du secteur Arts Plastiques<\/p>\n<p><b>1980-1983<\/b><\/p>\n<p>Professeur charg\u00e9 de cours UQAC<\/p>\n<p>Arts du feu<\/p>\n<p><b>1976-1977<\/b><\/p>\n<p>Professeur charg\u00e9 de cours UQATR<\/p>\n<p><b>Implication dans mon milieu<\/b><\/p>\n<p><b><\/b>1967&nbsp;: Groupement de pression politique des jeunes de Victoriaville pour le d\u00e9veloppement du projet (Terre des jeunes) Rencontre avec * Andr\u00e9-Gilles Fortin suite \u00e0 un d\u00e9bat politique houleux \u00e0 l\u2019h\u00f4tel de ville de Victoriaville.<\/p>\n<p>1970\/71\/72&nbsp;:Repr\u00e9sentant \u00e9tudiant \u00e0 l\u2019universit\u00e9 du Qu\u00e9bec \u00e0 Montr\u00e9al (D\u00e9partement des Arts)<\/p>\n<p>1980-1985&nbsp;&nbsp;&nbsp; Administrateur au conseil de la sculpture<\/p>\n<p>2005-2009&nbsp;&nbsp;&nbsp; Administrateur au RAAV<\/p>\n<p>1980-1984&nbsp;&nbsp;&nbsp;&nbsp; Atelier de fonderie et de travail du<\/p>\n<p>1980-1985&nbsp;&nbsp;&nbsp;&nbsp; b\u00e9ton en sculpture pour les artistes(collaboration C\u00e9gep de Limoilou,g\u00e9nie civil)<\/p>\n<p><span class=\"Apple-style-span\" style=\"font-size: 12px; font-weight: bold;\">BOURSES,PRIX,SYMPOSIUMS,MENTIONS<\/span><\/p>\n<p>1979<\/p>\n<p>Symposium Confrontation \u00e0 Montr\u00e9al<\/p>\n<p>sur le Mont Royal<\/p>\n<p>1980&nbsp;:<\/p>\n<p>Mention au Symposium de Chicoutimi<\/p>\n<p>1980<\/p>\n<p>Symposium Confrontation \u00e0 Montr\u00e9al<\/p>\n<p>sur le Mont Royal<\/p>\n<p>1982<\/p>\n<p>Symposium Confrontation \u00e0 Montr\u00e9al<\/p>\n<p>\u00c0 place Ville-Marie<\/p>\n<p>1983<\/p>\n<p>Symposium Confrontation \u00e0 Montr\u00e9al<\/p>\n<p>\u00c0 Terre des Hommes<\/p>\n<p>1984<\/p>\n<p>Symposium Confrontation \u00e0 Montr\u00e9al<\/p>\n<p>Au jardin botannique<\/p>\n<p>1984<\/p>\n<p>Symposium Saint-Jean Port Joli<\/p>\n<p>Affaires Sculpturelles<\/p>\n<p>1985<\/p>\n<p>Symposium Lachine Carrefour de l\u2019art<\/p>\n<p><span class=\"Apple-style-span\" style=\"font-size: 12px; font-weight: bold;\">BOURSES,PRIX,SYMPOSIUMS,MENTIONS(suite)<\/span><\/p>\n<p>1989<\/p>\n<p>Prix&nbsp;:M\u00e9daille d\u2019argent au premier jeux de&nbsp; la francophonie \u00e0 Rabat au Maroc<\/p>\n<p>1989<\/p>\n<p>Prix&nbsp;:Maquettes\/Sculptures;Galerie de Saint-Lambert<\/p>\n<p>1990&nbsp;:<\/p>\n<p>Symposium Sculpture en direct,<\/p>\n<p>centre d\u2019art de Drummondville<\/p>\n<p>1993<\/p>\n<p>Bourse d\u2019\u00e9tude de l\u2019Adigec<\/p>\n<p>(nouvelles technos cr\u00e9ations)<\/p>\n<p>1993<\/p>\n<p>Bourse d\u2019\u00e9tude du Minist\u00e8re de l\u2019\u00e9ducation<\/p>\n<p>(nouvelles technos cr\u00e9ations)<\/p>\n<p>1997&nbsp;:<\/p>\n<p>Symposium \u00c9mergence Ilot \u00ab&nbsp;fleurie&nbsp;\u00bb<\/p>\n<p><span class=\"Apple-style-span\" style=\"font-size: 12px; font-weight: bold;\">ACTIVIT\u00c9S PROFESSIONNELLES COLLECTION PRIV\u00c9E<\/span><\/p>\n<p>2005-2014<\/p>\n<p>Club des collectionneurs en arts visuels de Qu\u00e9bec<\/p>\n<p>Personne ressource \u00e0 la programmation<\/p>\n<p><a href=\"https:\/\/www.galeriebecot.com\">www.galeriebecot.com<\/a><\/p>\n<p><a href=\"http:\/\/www.galeriebecot.com\">www.galeriebecot.com<\/a><\/p>\n<p>L\u2019Art Public dans Portneuf par B\u00e9cot<\/p>\n<p><a href=\"https:\/\/www.galeriebecot.com\/?page_id=775\">https:\/\/www.galeriebecot.com\/?page_id=775<\/a><\/p>\n<p>1978<\/p>\n<p>Assurance la Laurentienne<\/p>\n<p><b>DOSSIER DE PRESSE<\/b><\/p>\n<p><b><i>Le soleil<\/i><\/b><\/p>\n<p>Mai 1977<\/p>\n<p>L\u2019Atelier B\u00e9cot&nbsp;:pour cr\u00e9er un milieu<\/p>\n<p><b><i>Vie des Arts,<\/i><\/b><\/p>\n<p>Automne 1979<\/p>\n<p>Panorama de la sculpture \u00e0 Qu\u00e9bec<\/p>\n<p><b><i>Le soleil<\/i><\/b><\/p>\n<p>D\u00e9cembre 1979<\/p>\n<p>La libert\u00e9 des m\u0153urs \u00e9tait extr\u00eame<\/p>\n<p><b><i>Le soleil<\/i><\/b><\/p>\n<p>Ao\u00fbt 1980<\/p>\n<p>Confrontation 80&nbsp;: pratique \u00e0 l\u2019honneur<\/p>\n<p><b><i>Le soleil<\/i><\/b><\/p>\n<p>Janvier 1980<\/p>\n<p>Carnaval de Qu\u00e9bec,gagnant provincial<\/p>\n<p><b><i>Progr\u00e8s Dimanche<\/i><\/b><\/p>\n<p>F\u00e9vrier 1980<\/p>\n<p>Carnaval de Qu\u00e9bec,gagnant provincial<\/p>\n<p><b><i>Le devoir<\/i><\/b><\/p>\n<p>Ao\u00fbt 1980<\/p>\n<p>Confrontation pour jeunes sculpteurs<\/p>\n<p><b><i>Le soleil<\/i><\/b><\/p>\n<p>F\u00e9vrier 1981<\/p>\n<p>Les artistes de Qu\u00e9bec r\u00e9clament<\/p>\n<p>L\u2019adoption du nouveau d\u00e9cret<\/p>\n<p><b><i>Le soleil<\/i><\/b><\/p>\n<p>Novembre 1982<\/p>\n<p>Chez B\u00e9cot,solo pour Michel Charland<\/p>\n<p><b><i>Revue Espace<\/i><\/b><\/p>\n<p>\u00c9t\u00e9 1982<\/p>\n<p>Blockhaus 1993 par B\u00e9cot<\/p>\n<p><b><i>La voix Gasp\u00e9sienne<\/i><\/b><\/p>\n<p>Mars 1982<\/p>\n<p>Six propositions intrigantes<\/p>\n<p><b><i>Vie des Arts,<\/i><\/b><\/p>\n<p>Hiver1983<\/p>\n<p>Confrontation 1982<\/p>\n<p><b>DOSSIER DE PRESSE(suite)<\/b><\/p>\n<p><b><i><\/i><\/b><b><i>Revue Espace<\/i><\/b><\/p>\n<p>Printemps 1983<\/p>\n<p>Le conseil de la sculpture<\/p>\n<p>en plein essor<\/p>\n<p><b><i>Artistes plasticiens<\/i><\/b><\/p>\n<p>Par Andr\u00e9 Comeau<\/p>\n<p>\u00c9ditions Bellarmin<\/p>\n<p><b><i>Le Nouvelliste<\/i><\/b><\/p>\n<p>Septembre 1983<\/p>\n<p>Au mus\u00e9e Laurier<\/p>\n<p>Exposition de sculptures ext\u00e9rieures<\/p>\n<p><b><i>Revue Inter<\/i><\/b><\/p>\n<p>Automne 1984<\/p>\n<p>Andr\u00e9 B\u00e9cot, Hi\u00e9roglyphes<\/p>\n<p><b><i>Revue Finance<\/i><\/b><\/p>\n<p>Ao\u00fbt 1985<\/p>\n<p>Nouvelle forme de m\u00e9c\u00e9nat<\/p>\n<p><b><i>Le journal de Montr\u00e9al<\/i><\/b><\/p>\n<p>Ao\u00fbt 1985<\/p>\n<p>Lachine se met \u00e0 la sculpture<\/p>\n<p><b><i>La presse<\/i><\/b><\/p>\n<p>Ao\u00fbt 1985<\/p>\n<p>B\u00e9cot au Symposium de Lachine<\/p>\n<p><b><i>The Gazette<\/i><\/b><\/p>\n<p>Ao\u00fbt 1985<\/p>\n<p>Lachine\u2019s magnificent 8<\/p>\n<p><b><i>The Messenger<\/i><\/b><\/p>\n<p>Ao\u00fbt 1985<\/p>\n<p>8 sculpteurs \u00e0 l\u2019\u0153uvre<\/p>\n<p><b><i>Le Devoir<\/i><\/b><\/p>\n<p>Ao\u00fbt 1985<\/p>\n<p>Hommes d\u2019affaires et hommes de fer<\/p>\n<p><b><i>Vie des Arts,<\/i><\/b><\/p>\n<p>Automne 1985<\/p>\n<p>Le Symposium de sculpture Sodip-Art<\/p>\n<p><b><i>Le Devoir<\/i><\/b><\/p>\n<p>\u00c9t\u00e9 1989<\/p>\n<p>Les jeux de la francophonie<\/p>\n<p>Ont aussi un volet culturel<\/p>\n<p><b>DOSSIER DE PRESSE(suite)<\/b><\/p>\n<p><b><i><\/i><\/b><b><i>Revue Espace<\/i><\/b><\/p>\n<p>Automne 1989<\/p>\n<p>Un parc, une sculpture<\/p>\n<p><b><i>Le soleil<\/i><\/b><\/p>\n<p>Juillet 1997<\/p>\n<p>L\u2019\u00e9mergence d\u2019un art accessible<\/p>\n<p><b><i>Vie des Arts,<\/i><\/b><\/p>\n<p>\u00c9t\u00e9 2008<\/p>\n<p>Installation Wagon \u2013lit<\/p>\n<p><b><i>Journal de Qu\u00e9bec<\/i><\/b><\/p>\n<p>Mai 2009<\/p>\n<p>Malaise et incompr\u00e9hension<\/p>\n<p><b><i><a href=\"http:\/\/lachine.ville\">http:\/\/lachine.ville<\/a><\/i><\/b><\/p>\n<p>31 octobre 2009<\/p>\n<p>Le cycle humain par Val\u00e9rie C\u00f4t\u00e9<\/p>\n<p><b><i>Revue Parcours,<\/i><\/b><\/p>\n<p>Printemps&nbsp; 2010<\/p>\n<p>Club des collectionneurs<\/p>\n<p><b>ENSEIGNEMENT<\/b><\/p>\n<p>2012-2013<\/p>\n<p>C\u00e9gep de Sainte-Foy,Qc<\/p>\n<p>Remplacement (D\u00e9partement des Arts et Graphiste)<\/p>\n<p>2006-2014<\/p>\n<p>Sur appel pour la commission scolaire<\/p>\n<p>De la capitale<\/p>\n<p>1972-2005<\/p>\n<p>C\u00e9gep de Sainte-Foy, QC,<\/p>\n<p>D\u00e9partement des Arts, Design et Graphiste<\/p>\n<p>1989-1990<\/p>\n<p>Responsable du secteur Arts Plastiques<\/p>\n<p>1980-1983<\/p>\n<p>Professeur charg\u00e9 de cours UQAC<\/p>\n<p>Arts du feu<\/p>\n<p>1976-1977<\/p>\n<p>Professeur charg\u00e9 de cours UQATR<\/p>\n<p>CV de Andr\u00e9 B\u00e9cot,Dossier de presse de Andr\u00e9 B\u00e9cot,Andre Becot&rsquo;s resume,visual Art.<\/p>\n<p><a href=\"https:\/\/www.galeriebecot.com\/wp-content\/uploads\/2016\/06\/American-bad-trip.jpg\"><img loading=\"lazy\" decoding=\"async\" class=\"alignnone wp-image-5389\" src=\"https:\/\/www.galeriebecot.com\/wp-content\/uploads\/2016\/06\/American-bad-trip-439x1024.jpg\" alt=\"American bad trip\" width=\"315\" height=\"895\"><\/a><\/p>\n<p>American Bad Trip<\/p>\n<p>Bois,plastique,verre,sucre,acrylique<\/p>\n<p>28 cm x 67 cm<\/p>\n<p>B\u00e9cot 2014<\/p>\n<p><\/p>\n<p><a href=\"https:\/\/www.galeriebecot.com\/wp-content\/uploads\/2014\/05\/B\u00e9cot-OK1.jpg\"><img loading=\"lazy\" decoding=\"async\" class=\"alignnone size-full wp-image-2165\" src=\"https:\/\/www.galeriebecot.com\/wp-content\/uploads\/2014\/05\/B\u00e9cot-OK1.jpg\" alt=\"B\u00e9cot OK1\" width=\"791\" height=\"757\" srcset=\"https:\/\/galeriebecot.com\/wp-content\/uploads\/2014\/05\/B\u00e9cot-OK1.jpg 791w, https:\/\/galeriebecot.com\/wp-content\/uploads\/2014\/05\/B\u00e9cot-OK1-300x287.jpg 300w\" sizes=\"auto, (max-width: 791px) 100vw, 791px\" \/><\/a><\/p>\n<p>B\u00e9cot Andr\u00e9 \/ Le poids(<em>obs\u00ebqu\u00efum papa franciscus<\/em>) \/ Polyptyque \u00e0 l&rsquo; Acrylique sur toile\/110cm x 175cm \/ 2013<\/p>\n<p><a href=\"https:\/\/www.galeriebecot.com\/wp-content\/uploads\/2014\/04\/Becot-OK.jpg\"><img loading=\"lazy\" decoding=\"async\" class=\"alignnone size-full wp-image-1921\" src=\"https:\/\/www.galeriebecot.com\/wp-content\/uploads\/2014\/04\/Becot-OK.jpg\" alt=\"Becot OK\" width=\"791\" height=\"757\" srcset=\"https:\/\/galeriebecot.com\/wp-content\/uploads\/2014\/04\/Becot-OK.jpg 791w, https:\/\/galeriebecot.com\/wp-content\/uploads\/2014\/04\/Becot-OK-300x287.jpg 300w\" sizes=\"auto, (max-width: 791px) 100vw, 791px\" \/><\/a><\/p>\n<p>B\u00e9cot Andr\u00e9 \/ Rose Circus \/ Acrylique sur toile\/106 x 180 cm \/ 2013<\/p>\n<p>Collection priv\u00e9e (tableau disponible pour le march\u00e9 de l&rsquo;art<b>) contacter Andr\u00e9 B\u00e9cot (418) 559-6816<\/b><\/p>\n<p><\/p>\n<p><a href=\"https:\/\/www.galeriebecot.com\/wp-content\/uploads\/2014\/04\/Studio-vitrine3.jpg\"><img loading=\"lazy\" decoding=\"async\" class=\"alignnone size-large wp-image-2123\" src=\"https:\/\/www.galeriebecot.com\/wp-content\/uploads\/2014\/04\/Studio-vitrine3-449x1024.jpg\" alt=\"Studio vitrine3\" width=\"449\" height=\"1024\" srcset=\"https:\/\/galeriebecot.com\/wp-content\/uploads\/2014\/04\/Studio-vitrine3-449x1024.jpg 449w, https:\/\/galeriebecot.com\/wp-content\/uploads\/2014\/04\/Studio-vitrine3-131x300.jpg 131w, https:\/\/galeriebecot.com\/wp-content\/uploads\/2014\/04\/Studio-vitrine3.jpg 1700w\" sizes=\"auto, (max-width: 449px) 100vw, 449px\" \/><\/a><\/p>\n<p><a href=\"https:\/\/www.galeriebecot.com\/wp-content\/uploads\/2014\/05\/vernissage-Beullacok.jpg\"><img loading=\"lazy\" decoding=\"async\" class=\"alignnone size-full wp-image-2146\" src=\"https:\/\/www.galeriebecot.com\/wp-content\/uploads\/2014\/05\/vernissage-Beullacok.jpg\" alt=\"vernissage-Beullacok\" width=\"288\" height=\"489\" srcset=\"https:\/\/galeriebecot.com\/wp-content\/uploads\/2014\/05\/vernissage-Beullacok.jpg 288w, https:\/\/galeriebecot.com\/wp-content\/uploads\/2014\/05\/vernissage-Beullacok-176x300.jpg 176w\" sizes=\"auto, (max-width: 288px) 100vw, 288px\" \/><\/a><\/p>\n<p><\/p>\n<p>Bernard-Alexandre Beullac\/Vernissage 16 mai 2014<\/p>\n<p>PHOTOT\u00c8QUE: Serge Philippe Tremblay<\/p>\n<p><\/p>\n<h1 class=\"art-postheader \" style=\"font-weight: bold; color: #8dc651; text-align: center;\">Appel de dossiers d&rsquo;artistes<\/h1>\n<h1 class=\"art-postheader \" style=\"font-weight: bold; color: #8dc651; text-align: center;\">en arts visuels.<\/h1>\n<div class=\"art-postcontent\">\n<div class=\"field field-name-body field-type-text-with-summary field-label-hidden\">\n<div class=\"field-items\">\n<div class=\"field-item even\">\n<p style=\"text-align: center;\">Le Studio B\u00e9cot,travaille d\u2019abord et avant tout, \u00e0 diffuser et promouvoir l\u2019art aupr\u00e8s des citoyens de Qu\u00e9bec&nbsp;et de la r\u00e9gion.&nbsp; Pour ce faire, il accueille des artistes de toutes les disciplines, de mani\u00e8re \u00e0 confirmer son ouverture \u00e0 toutes les tendances actuelles. Il ouvre ses portes aux artistes de la communaut\u00e9 imm\u00e9diate, ainsi qu\u2019\u00e0 ceux de l\u2019ext\u00e9rieur.<\/p>\n<p style=\"text-align: center;\"><strong>IMPORTANT !!!<\/strong><\/p>\n<p style=\"text-align: center;\"><strong>\u00c0 la demande , LE STUDIO B\u00c9COT PROPOSE TOUJOURS UNE EXPOSITION SOLO AUX ARTISTES.<\/strong><\/p>\n<\/div>\n<\/div>\n<\/div>\n<\/div>","protected":false},"excerpt":{"rendered":"<p>Maquette pour sculpture monumentale ( \u00e9chelle 1\u2033\/3\u2033) par B\u00e9cot. Ceux qui ont le pouvoir de voler nous fascinent.Titre du projet :&nbsp;Sublimation de vol en quintessence !&nbsp; Cette sculpture est en&hellip; <\/p>\n","protected":false},"author":1,"featured_media":0,"comment_status":"open","ping_status":"open","sticky":false,"template":"","format":"standard","meta":{"_exactmetrics_skip_tracking":false,"_exactmetrics_sitenote_active":false,"_exactmetrics_sitenote_note":"","_exactmetrics_sitenote_category":0,"footnotes":""},"categories":[284,20,27,218,29],"tags":[283,735,6,67,66,35,58,37,40],"class_list":["post-1892","post","type-post","status-publish","format-standard","hentry","category-appel-de-dossiers-dartistes-en-arts-visuels","category-article-descriptif","category-artistes","category-galerie-becot-2","category-journaux","tag-artiste-en-solo","tag-artistes","tag-club-des-collectionneurs-en-arts-visuels-de-quebec","tag-club-des-collectionneurs-en-arts-visuels-de-quebec-marc-bellemare","tag-club-des-collectionneurs-en-arts-visuels-de-quebec-studio-becot","tag-foire-en-arts-actuel","tag-marc-bellemare-collectionneur","tag-studio-becot","tag-visuals-arts"],"_links":{"self":[{"href":"https:\/\/galeriebecot.com\/index.php?rest_route=\/wp\/v2\/posts\/1892","targetHints":{"allow":["GET"]}}],"collection":[{"href":"https:\/\/galeriebecot.com\/index.php?rest_route=\/wp\/v2\/posts"}],"about":[{"href":"https:\/\/galeriebecot.com\/index.php?rest_route=\/wp\/v2\/types\/post"}],"author":[{"embeddable":true,"href":"https:\/\/galeriebecot.com\/index.php?rest_route=\/wp\/v2\/users\/1"}],"replies":[{"embeddable":true,"href":"https:\/\/galeriebecot.com\/index.php?rest_route=%2Fwp%2Fv2%2Fcomments&post=1892"}],"version-history":[{"count":88,"href":"https:\/\/galeriebecot.com\/index.php?rest_route=\/wp\/v2\/posts\/1892\/revisions"}],"predecessor-version":[{"id":14811,"href":"https:\/\/galeriebecot.com\/index.php?rest_route=\/wp\/v2\/posts\/1892\/revisions\/14811"}],"wp:attachment":[{"href":"https:\/\/galeriebecot.com\/index.php?rest_route=%2Fwp%2Fv2%2Fmedia&parent=1892"}],"wp:term":[{"taxonomy":"category","embeddable":true,"href":"https:\/\/galeriebecot.com\/index.php?rest_route=%2Fwp%2Fv2%2Fcategories&post=1892"},{"taxonomy":"post_tag","embeddable":true,"href":"https:\/\/galeriebecot.com\/index.php?rest_route=%2Fwp%2Fv2%2Ftags&post=1892"}],"curies":[{"name":"wp","href":"https:\/\/api.w.org\/{rel}","templated":true}]}}