{"id":18711,"date":"2024-01-24T16:23:00","date_gmt":"2024-01-24T21:23:00","guid":{"rendered":"https:\/\/www.clubdescollectionneursenartsvisuelsdequebec.com\/?p=18711"},"modified":"2024-01-25T16:27:20","modified_gmt":"2024-01-25T21:27:20","slug":"les-centres-dartistes-veulent-sortir-de-la-marge","status":"publish","type":"post","link":"https:\/\/galeriebecot.com\/?p=18711","title":{"rendered":"Les centres d&rsquo;artistes veulent sortir de la marge&#8230;"},"content":{"rendered":"\n<p class=\"wp-block-paragraph\"><em><strong>Par la voix du Regroupement des centres d&rsquo;artistes autog\u00e9r\u00e9s du Qu\u00e9bec, leurs travailleuses crient famine&#8230;.<\/strong><\/em><\/p>\n\n\n\n<figure class=\"wp-block-image size-large\"><a href=\"https:\/\/www.galeriebecot.com\/wp-content\/uploads\/2024\/01\/centre-11.jpg\"><img loading=\"lazy\" decoding=\"async\" width=\"745\" height=\"1024\" src=\"https:\/\/www.galeriebecot.com\/wp-content\/uploads\/2024\/01\/centre-11-745x1024.jpg\" alt=\"\" class=\"wp-image-18717\" srcset=\"https:\/\/galeriebecot.com\/wp-content\/uploads\/2024\/01\/centre-11-745x1024.jpg 745w, https:\/\/galeriebecot.com\/wp-content\/uploads\/2024\/01\/centre-11-218x300.jpg 218w, https:\/\/galeriebecot.com\/wp-content\/uploads\/2024\/01\/centre-11-768x1056.jpg 768w, https:\/\/galeriebecot.com\/wp-content\/uploads\/2024\/01\/centre-11-1117x1536.jpg 1117w, https:\/\/galeriebecot.com\/wp-content\/uploads\/2024\/01\/centre-11.jpg 1224w\" sizes=\"auto, (max-width: 745px) 100vw, 745px\" \/><\/a><\/figure>\n\n\n\n<figure class=\"wp-block-image size-large is-resized\"><a href=\"https:\/\/www.galeriebecot.com\/wp-content\/uploads\/2024\/01\/Centre2.jpg\"><img loading=\"lazy\" decoding=\"async\" src=\"https:\/\/www.galeriebecot.com\/wp-content\/uploads\/2024\/01\/Centre2-910x1024.jpg\" alt=\"\" class=\"wp-image-18713\" width=\"738\" height=\"831\" srcset=\"https:\/\/galeriebecot.com\/wp-content\/uploads\/2024\/01\/Centre2-910x1024.jpg 910w, https:\/\/galeriebecot.com\/wp-content\/uploads\/2024\/01\/Centre2-266x300.jpg 266w, https:\/\/galeriebecot.com\/wp-content\/uploads\/2024\/01\/Centre2-768x865.jpg 768w, https:\/\/galeriebecot.com\/wp-content\/uploads\/2024\/01\/Centre2.jpg 1224w\" sizes=\"auto, (max-width: 738px) 100vw, 738px\" \/><\/a><\/figure>\n\n\n\n<figure class=\"wp-block-image size-large is-resized\"><a href=\"https:\/\/www.galeriebecot.com\/wp-content\/uploads\/2024\/01\/Centre-3.jpg\"><img loading=\"lazy\" decoding=\"async\" src=\"https:\/\/www.galeriebecot.com\/wp-content\/uploads\/2024\/01\/Centre-3-707x1024.jpg\" alt=\"\" class=\"wp-image-18714\" width=\"751\" height=\"1088\" srcset=\"https:\/\/galeriebecot.com\/wp-content\/uploads\/2024\/01\/Centre-3-707x1024.jpg 707w, https:\/\/galeriebecot.com\/wp-content\/uploads\/2024\/01\/Centre-3-207x300.jpg 207w, https:\/\/galeriebecot.com\/wp-content\/uploads\/2024\/01\/Centre-3-768x1112.jpg 768w, https:\/\/galeriebecot.com\/wp-content\/uploads\/2024\/01\/Centre-3-1061x1536.jpg 1061w, https:\/\/galeriebecot.com\/wp-content\/uploads\/2024\/01\/Centre-3.jpg 1224w\" sizes=\"auto, (max-width: 751px) 100vw, 751px\" \/><\/a><\/figure>\n\n\n\n<figure class=\"wp-block-image size-large is-resized\"><a href=\"https:\/\/www.galeriebecot.com\/wp-content\/uploads\/2024\/01\/Centre-4.jpg\"><img loading=\"lazy\" decoding=\"async\" src=\"https:\/\/www.galeriebecot.com\/wp-content\/uploads\/2024\/01\/Centre-4-1024x967.jpg\" alt=\"\" class=\"wp-image-18715\" width=\"755\" height=\"713\" srcset=\"https:\/\/galeriebecot.com\/wp-content\/uploads\/2024\/01\/Centre-4-1024x967.jpg 1024w, https:\/\/galeriebecot.com\/wp-content\/uploads\/2024\/01\/Centre-4-300x283.jpg 300w, https:\/\/galeriebecot.com\/wp-content\/uploads\/2024\/01\/Centre-4-768x725.jpg 768w, https:\/\/galeriebecot.com\/wp-content\/uploads\/2024\/01\/Centre-4.jpg 1224w\" sizes=\"auto, (max-width: 755px) 100vw, 755px\" \/><\/a><\/figure>\n","protected":false},"excerpt":{"rendered":"<p>Par la voix du Regroupement des centres d&rsquo;artistes autog\u00e9r\u00e9s du Qu\u00e9bec, leurs travailleuses crient famine&#8230;.<\/p>\n","protected":false},"author":1,"featured_media":0,"comment_status":"open","ping_status":"open","sticky":false,"template":"","format":"standard","meta":{"_exactmetrics_skip_tracking":false,"_exactmetrics_sitenote_active":false,"_exactmetrics_sitenote_note":"","_exactmetrics_sitenote_category":0,"footnotes":""},"categories":[20,27,32],"tags":[34,1877,2929,4644,6,35,1224,736,58,4648,2413,4646,4647,37,40],"class_list":["post-18711","post","type-post","status-publish","format-standard","hentry","category-article-descriptif","category-artistes","category-le-devoir","tag-andre-becot","tag-calq","tag-catherine-bodmer","tag-catherine-lalonde","tag-club-des-collectionneurs-en-arts-visuels-de-quebec","tag-foire-en-arts-actuel","tag-inrs","tag-le-devoir","tag-marc-bellemare-collectionneur","tag-mecenat-placements-culture","tag-musee-dart-contemporain-de-montreal","tag-rcaaq","tag-regroupement-des-centres-dartistes-autogeres-du-quebec","tag-studio-becot","tag-visuals-arts"],"_links":{"self":[{"href":"https:\/\/galeriebecot.com\/index.php?rest_route=\/wp\/v2\/posts\/18711","targetHints":{"allow":["GET"]}}],"collection":[{"href":"https:\/\/galeriebecot.com\/index.php?rest_route=\/wp\/v2\/posts"}],"about":[{"href":"https:\/\/galeriebecot.com\/index.php?rest_route=\/wp\/v2\/types\/post"}],"author":[{"embeddable":true,"href":"https:\/\/galeriebecot.com\/index.php?rest_route=\/wp\/v2\/users\/1"}],"replies":[{"embeddable":true,"href":"https:\/\/galeriebecot.com\/index.php?rest_route=%2Fwp%2Fv2%2Fcomments&post=18711"}],"version-history":[{"count":2,"href":"https:\/\/galeriebecot.com\/index.php?rest_route=\/wp\/v2\/posts\/18711\/revisions"}],"predecessor-version":[{"id":18719,"href":"https:\/\/galeriebecot.com\/index.php?rest_route=\/wp\/v2\/posts\/18711\/revisions\/18719"}],"wp:attachment":[{"href":"https:\/\/galeriebecot.com\/index.php?rest_route=%2Fwp%2Fv2%2Fmedia&parent=18711"}],"wp:term":[{"taxonomy":"category","embeddable":true,"href":"https:\/\/galeriebecot.com\/index.php?rest_route=%2Fwp%2Fv2%2Fcategories&post=18711"},{"taxonomy":"post_tag","embeddable":true,"href":"https:\/\/galeriebecot.com\/index.php?rest_route=%2Fwp%2Fv2%2Ftags&post=18711"}],"curies":[{"name":"wp","href":"https:\/\/api.w.org\/{rel}","templated":true}]}}