{"id":18598,"date":"2023-12-08T09:26:00","date_gmt":"2023-12-08T14:26:00","guid":{"rendered":"https:\/\/www.clubdescollectionneursenartsvisuelsdequebec.com\/?p=18598"},"modified":"2023-12-18T15:41:45","modified_gmt":"2023-12-18T20:41:45","slug":"18598","status":"publish","type":"post","link":"https:\/\/galeriebecot.com\/?p=18598","title":{"rendered":"Paul B\u00e9liveau, Paryse Martin"},"content":{"rendered":"\n<figure class=\"wp-block-image size-full is-resized\"><a href=\"https:\/\/www.galerieamf.com\/paul-beliveau\"><img loading=\"lazy\" decoding=\"async\" src=\"https:\/\/www.galeriebecot.com\/wp-content\/uploads\/2023\/12\/AMF-1-1.jpg\" alt=\"\" class=\"wp-image-18602\" width=\"220\" height=\"162\" srcset=\"https:\/\/galeriebecot.com\/wp-content\/uploads\/2023\/12\/AMF-1-1.jpg 415w, https:\/\/galeriebecot.com\/wp-content\/uploads\/2023\/12\/AMF-1-1-300x221.jpg 300w\" sizes=\"auto, (max-width: 220px) 100vw, 220px\" \/><\/a><\/figure>\n\n\n\n<h4 class=\"wp-block-heading\">L\u2019Ange de l\u2019histoire \u2013 Paul B\u00e9liveau<\/h4>\n\n\n\n<p class=\"wp-block-paragraph\">Du 18 novembre au 17 d\u00e9cembre 2023<\/p>\n\n\n\n<p class=\"wp-block-paragraph\">Vernissage le 17 novembre de 17h \u00e0 19h \u2013 Ouvert \u00e0 tous &#8211;<\/p>\n\n\n\n<p class=\"wp-block-paragraph\"><a href=\"https:\/\/www.galerieamf.com\/paul-beliveau\">GALERIE ALEXANDRE<br>MOTULSKY-FALARDEAU<\/a><\/p>\n\n\n\n<p class=\"wp-block-paragraph\">Il y a eu de magnifiques rencontres lors de la cl\u00f4ture de l&rsquo;exposition de Paul B\u00e9liveau  _ 17 d\u00e9cembre 2023 _ \u00e0 la Galerie Alexandre Motulsky- Falardeau.<\/p>\n\n\n\n<figure class=\"wp-block-image size-large is-resized\"><a href=\"https:\/\/www.galeriebecot.com\/?p=7318\"><img loading=\"lazy\" decoding=\"async\" src=\"https:\/\/www.galeriebecot.com\/wp-content\/uploads\/2023\/12\/Visite-4-1024x771.jpg\" alt=\"\" class=\"wp-image-18617\" width=\"637\" height=\"479\" srcset=\"https:\/\/galeriebecot.com\/wp-content\/uploads\/2023\/12\/Visite-4-1024x771.jpg 1024w, https:\/\/galeriebecot.com\/wp-content\/uploads\/2023\/12\/Visite-4-300x226.jpg 300w, https:\/\/galeriebecot.com\/wp-content\/uploads\/2023\/12\/Visite-4-768x578.jpg 768w, https:\/\/galeriebecot.com\/wp-content\/uploads\/2023\/12\/Visite-4.jpg 1152w\" sizes=\"auto, (max-width: 637px) 100vw, 637px\" \/><\/a><\/figure>\n\n\n\n<p class=\"wp-block-paragraph\">G\u00e9rald Cyprien <strong>Lacroix<\/strong>, Marc <strong>Gu\u00e9rin<\/strong>, Paul <strong>B\u00e9liveau<\/strong>, Andr\u00e9 <strong>B\u00e9cot<\/strong>, Carol<strong> Poulin<\/strong><\/p>\n\n\n\n<figure class=\"wp-block-image size-full is-resized\"><a href=\"https:\/\/www.galeriebecot.com\/?p=7318\"><img loading=\"lazy\" decoding=\"async\" src=\"https:\/\/www.galeriebecot.com\/wp-content\/uploads\/2023\/12\/Beliveau-11-1.jpg\" alt=\"\" class=\"wp-image-18604\" width=\"586\" height=\"149\" srcset=\"https:\/\/galeriebecot.com\/wp-content\/uploads\/2023\/12\/Beliveau-11-1.jpg 875w, https:\/\/galeriebecot.com\/wp-content\/uploads\/2023\/12\/Beliveau-11-1-300x76.jpg 300w, https:\/\/galeriebecot.com\/wp-content\/uploads\/2023\/12\/Beliveau-11-1-768x195.jpg 768w\" sizes=\"auto, (max-width: 586px) 100vw, 586px\" \/><\/a><\/figure>\n\n\n\n<figure class=\"wp-block-image size-large is-resized\"><a href=\"https:\/\/www.lecharlevoisien.com\/2023\/11\/14\/le-musee-dart-contemporain-inaugure-trois-nouvelles-expositions-le-25-novembre\/\"><img loading=\"lazy\" decoding=\"async\" src=\"https:\/\/www.galeriebecot.com\/wp-content\/uploads\/2023\/12\/Paryse-Martin-1-1024x940.jpg\" alt=\"\" class=\"wp-image-18608\" width=\"595\" height=\"546\" srcset=\"https:\/\/galeriebecot.com\/wp-content\/uploads\/2023\/12\/Paryse-Martin-1-1024x940.jpg 1024w, https:\/\/galeriebecot.com\/wp-content\/uploads\/2023\/12\/Paryse-Martin-1-300x275.jpg 300w, https:\/\/galeriebecot.com\/wp-content\/uploads\/2023\/12\/Paryse-Martin-1-768x705.jpg 768w, https:\/\/galeriebecot.com\/wp-content\/uploads\/2023\/12\/Paryse-Martin-1.jpg 1440w\" sizes=\"auto, (max-width: 595px) 100vw, 595px\" \/><\/a><\/figure>\n\n\n\n<p class=\"wp-block-paragraph\"><strong><a href=\"https:\/\/macbsp.com\/?utm_source=googlemaps&amp;utm_medium=baie-saint-paul&amp;utm_campaign=website\">Le Mus\u00e9e d\u2019art contemporain de Baie-Saint-Paul (MACBSP)<\/a>&nbsp;pr\u00e9sentera d\u00e8s le 25 novembre trois nouvelles expositions : Paryse Martin \u2013&nbsp;<em>Regards Obliques<\/em>,&nbsp;<em>Le corps sublime de Jim Ritchie<\/em>&nbsp;et&nbsp;<em>L\u2019art de se faire brasser<\/em>, qui c\u00e9l\u00e8bre les 25 ans de la Microbrasserie Charlevoix.<\/strong><\/p>\n","protected":false},"excerpt":{"rendered":"<p>L\u2019Ange de l\u2019histoire \u2013 Paul B\u00e9liveau Du 18 novembre au 17 d\u00e9cembre 2023 Vernissage le 17 novembre de 17h \u00e0 19h \u2013 Ouvert \u00e0 tous &#8211; GALERIE ALEXANDREMOTULSKY-FALARDEAU Il y&hellip; <\/p>\n","protected":false},"author":1,"featured_media":0,"comment_status":"open","ping_status":"open","sticky":false,"template":"","format":"standard","meta":{"_exactmetrics_skip_tracking":false,"_exactmetrics_sitenote_active":false,"_exactmetrics_sitenote_note":"","_exactmetrics_sitenote_category":0,"footnotes":""},"categories":[1],"tags":[34,43,4186,564,6,1983,3366,4629,4630,4632,244,4628,2506,58,2780,4633,4631,648,365,37,40],"class_list":["post-18598","post","type-post","status-publish","format-standard","hentry","category-non-classe","tag-andre-becot","tag-arts-visuels","tag-audrey-careau","tag-carol-poulin","tag-club-des-collectionneurs-en-arts-visuels-de-quebec","tag-galerie-alexandre-motulsky-falardeau","tag-galerie-amf","tag-gerald-cyprien-lacroix","tag-jean-baptiste-leveque-2","tag-jim-ritchie","tag-josianne-desloges","tag-le-charlevoisien","tag-macbsp","tag-marc-bellemare-collectionneur","tag-marc-guerin","tag-microbrasserie-de-charlevoix","tag-musee-dart-contemporain-de-baie-saint-pauyl","tag-paryse-martin","tag-paul-beliveau","tag-studio-becot","tag-visuals-arts"],"_links":{"self":[{"href":"https:\/\/galeriebecot.com\/index.php?rest_route=\/wp\/v2\/posts\/18598","targetHints":{"allow":["GET"]}}],"collection":[{"href":"https:\/\/galeriebecot.com\/index.php?rest_route=\/wp\/v2\/posts"}],"about":[{"href":"https:\/\/galeriebecot.com\/index.php?rest_route=\/wp\/v2\/types\/post"}],"author":[{"embeddable":true,"href":"https:\/\/galeriebecot.com\/index.php?rest_route=\/wp\/v2\/users\/1"}],"replies":[{"embeddable":true,"href":"https:\/\/galeriebecot.com\/index.php?rest_route=%2Fwp%2Fv2%2Fcomments&post=18598"}],"version-history":[{"count":19,"href":"https:\/\/galeriebecot.com\/index.php?rest_route=\/wp\/v2\/posts\/18598\/revisions"}],"predecessor-version":[{"id":18632,"href":"https:\/\/galeriebecot.com\/index.php?rest_route=\/wp\/v2\/posts\/18598\/revisions\/18632"}],"wp:attachment":[{"href":"https:\/\/galeriebecot.com\/index.php?rest_route=%2Fwp%2Fv2%2Fmedia&parent=18598"}],"wp:term":[{"taxonomy":"category","embeddable":true,"href":"https:\/\/galeriebecot.com\/index.php?rest_route=%2Fwp%2Fv2%2Fcategories&post=18598"},{"taxonomy":"post_tag","embeddable":true,"href":"https:\/\/galeriebecot.com\/index.php?rest_route=%2Fwp%2Fv2%2Ftags&post=18598"}],"curies":[{"name":"wp","href":"https:\/\/api.w.org\/{rel}","templated":true}]}}