{"id":1854,"date":"2014-04-27T10:31:50","date_gmt":"2014-04-27T14:31:50","guid":{"rendered":"http:\/\/www.clubdescollectionneursenartsvisuelsdequebec.com\/?p=1854"},"modified":"2014-05-10T11:41:59","modified_gmt":"2014-05-10T15:41:59","slug":"manif-dart-la-biennale-de-quebec","status":"publish","type":"post","link":"https:\/\/galeriebecot.com\/?p=1854","title":{"rendered":"Manif d&rsquo;art la Biennale de Qu\u00e9bec"},"content":{"rendered":"<p><a title=\"Manif d'art la biennale de Qu\u00e9bec\" href=\"http:\/\/manifdart.org\/\"><img loading=\"lazy\" decoding=\"async\" class=\"alignnone size-large wp-image-1855\" src=\"https:\/\/www.galeriebecot.com\/wp-content\/uploads\/2014\/04\/Manif-1024x394.jpg\" alt=\"Manif\" width=\"700\" height=\"269\" srcset=\"https:\/\/galeriebecot.com\/wp-content\/uploads\/2014\/04\/Manif-1024x394.jpg 1024w, https:\/\/galeriebecot.com\/wp-content\/uploads\/2014\/04\/Manif-300x115.jpg 300w, https:\/\/galeriebecot.com\/wp-content\/uploads\/2014\/04\/Manif.jpg 1038w\" sizes=\"auto, (max-width: 700px) 100vw, 700px\" \/><\/a><\/p>\n<p>&nbsp;<\/p>\n<p><a title=\"Manif d'art la biennale de Qu\u00e9bec\" href=\"http:\/\/manifdart.org\/\">L\u2019art actuel se manifeste avec Manif d\u2019art 7 \u2013 La biennale de Qu\u00e9bec ! Pendant un mois, d\u00e9couvrez le travail de plus de 120 artistes partout \u00e0 Qu\u00e9bec et dans les environs. Que vous soyez sp\u00e9cialiste ou simplement curieux, ce sont plus de 60 expositions et activit\u00e9s \u00e9tonnantes qui vous attendent. Procurez-vous le macaron pour vivre l\u2019exp\u00e9rience totale !<\/a><\/p>\n<p><a href=\"https:\/\/www.galeriebecot.com\/wp-content\/uploads\/2014\/04\/matthieu_dugal_porte_parole.jpg\"><img loading=\"lazy\" decoding=\"async\" class=\"alignnone size-full wp-image-1860\" src=\"https:\/\/www.galeriebecot.com\/wp-content\/uploads\/2014\/04\/matthieu_dugal_porte_parole.jpg\" alt=\"matthieu_dugal_porte_parole\" width=\"758\" height=\"370\" srcset=\"https:\/\/galeriebecot.com\/wp-content\/uploads\/2014\/04\/matthieu_dugal_porte_parole.jpg 758w, https:\/\/galeriebecot.com\/wp-content\/uploads\/2014\/04\/matthieu_dugal_porte_parole-300x146.jpg 300w\" sizes=\"auto, (max-width: 758px) 100vw, 758px\" \/><\/a><\/p>\n<p>&nbsp;<\/p>\n<p>Qu\u00e9bec, mardi 11 mars 2014 \u2013\u00a0<strong>Du 3 mai au 1<sup>er<\/sup>\u00a0juin prochain, l\u2019animateur et chroniqueur Matthieu Dugal repr\u00e9sentera Manif d\u2019art\u00a07 \u2013 La biennale de Qu\u00e9bec aupr\u00e8s du public et des m\u00e9dias. Il animera, entre autres, l\u2019Avant-Premi\u00e8re b\u00e9n\u00e9fice du vendredi 2 mai ainsi qu\u2019une s\u00e9rie de reportages Web pr\u00e9sent\u00e9e en partenariat avec Radio-Canada. Diffus\u00e9e d\u00e8s le mois prochain, la s\u00e9rie sera compos\u00e9e de 5 reportages o\u00f9 des artistes de la biennale pr\u00e9senteront leur travail et leur vision du th\u00e8me de cette 7<sup>e<\/sup>\u00a0\u00e9dition.<\/strong><\/p>\n<p>Matthieu Dugal se r\u00e9jouit de participer \u00e0 ce festival international en art actuel qui ne laisse personne indiff\u00e9rent\u00a0: \u00ab\u00a0La Manif, \u00e7a participe \u00e0 un tas de choses\u00a0: \u00e7a fait circuler des id\u00e9es, \u00e7a fait circuler de l\u2019art, \u00e7a nivelle par le haut, \u00e7a parle \u00e0 ton c\u00f4t\u00e9 intelligent. C\u2019est donc rare. Et pr\u00e9cieux. Et parce que l\u2019unanimisme nous engourdit d\u2019ennui, vive les \u00e9v\u00e9nements qui osent!\u00a0\u00bb.<\/p>\n<p>Dipl\u00f4m\u00e9 en sciences politiques et en journalisme, Matthieu Dugal a \u00e9t\u00e9 tour \u00e0 tour journaliste d\u2019ICI Saguenay, r\u00e9dacteur d\u2019ICI RDI, pigiste pour\u00a0<em>Le Devoir<\/em>,<em>Voir Qu\u00e9bec<\/em>,\u00a0<em>Urbania<\/em>\u00a0ainsi qu\u2019animateur et journaliste \u00e0 TV5. Il a anim\u00e9 pendant 4 ans \u00e0 T\u00e9l\u00e9-Qu\u00e9bec l\u2019\u00e9mission\u00a0<em>M\u00e9chant Contraste<\/em>. \u00c0 VOX, il a cr\u00e9\u00e9 et anim\u00e9\u00a0<em>Tout le monde s\u2019en fout<\/em>\u00a0et\u00a0<em>Archipels<\/em>. Il anime actuellement l\u2019\u00e9mission de culture num\u00e9rique\u00a0<em>La Sph\u00e8re<\/em>\u00a0sur ICI Radio-Canada Premi\u00e8re en plus de coanimer l\u2019\u00e9mission\u00a0<em>ARTVstudio<\/em>\u00a0sur ICI ARTV, o\u00f9 il est \u00e9galement chroniqueur \u00e0 l\u2019\u00e9mission\u00a0<em>LIRE<\/em>. Il tient depuis 2 ans une chronique hebdomadaire sur les nouvelles technologies dans le journal\u00a0<em>Le Soleil<\/em>\u00a0\u00e0 Qu\u00e9bec. (Twitter\u00a0:\u00a0<a href=\"https:\/\/twitter.com\/MatthieuDugal\" target=\"_self\">@MatthieuDugal<\/a>)<\/p>\n<p>&nbsp;<\/p>\n<p><strong>MANIF D&rsquo;ART 7<\/strong><\/p>\n<p>La septi\u00e8me Manif d&rsquo;art de Qu\u00e9bec s&rsquo;est install\u00e9e depuis une sematne<\/p>\n<p>dans la ville. Au coeur, l&rsquo;Espace 4OOe pulse au rythme des tambours<\/p>\n<p>de guerre, alors que le th\u00e8me R\u00e9sistance \u00e9tend ses racines<\/p>\n<p>dans les diff\u00e9rents lieux de diffusion du centre-ville. Aujourd&rsquo;hui, Le\u00a0SoLeil<\/p>\n<p>vous am\u00e8ne plus loin, aux extr\u00e9mit\u00e9s du territoire occup\u00e9&#8230;&#8230;&#8230;.<\/p>\n<p><a href=\"https:\/\/www.galeriebecot.com\/wp-content\/uploads\/2014\/04\/manif1.jpg\"><img loading=\"lazy\" decoding=\"async\" class=\"alignnone size-large wp-image-2001\" src=\"https:\/\/www.galeriebecot.com\/wp-content\/uploads\/2014\/04\/manif1-806x1024.jpg\" alt=\"manif1\" width=\"700\" height=\"889\" srcset=\"https:\/\/galeriebecot.com\/wp-content\/uploads\/2014\/04\/manif1-806x1024.jpg 806w, https:\/\/galeriebecot.com\/wp-content\/uploads\/2014\/04\/manif1-236x300.jpg 236w, https:\/\/galeriebecot.com\/wp-content\/uploads\/2014\/04\/manif1.jpg 1244w\" sizes=\"auto, (max-width: 700px) 100vw, 700px\" \/><\/a><\/p>\n<p><a href=\"https:\/\/www.galeriebecot.com\/wp-content\/uploads\/2014\/04\/manif2-1.jpg\"><img loading=\"lazy\" decoding=\"async\" class=\"alignnone size-large wp-image-2002\" src=\"https:\/\/www.galeriebecot.com\/wp-content\/uploads\/2014\/04\/manif2-1-207x1024.jpg\" alt=\"manif2-1\" width=\"207\" height=\"1024\" \/><\/a><\/p>\n<p>&nbsp;<\/p>\n<p>&nbsp;<\/p>\n","protected":false},"excerpt":{"rendered":"<p>&nbsp; L\u2019art actuel se manifeste avec Manif d\u2019art 7 \u2013 La biennale de Qu\u00e9bec ! Pendant un mois, d\u00e9couvrez le travail de plus de 120 artistes partout \u00e0 Qu\u00e9bec et&hellip; <\/p>\n","protected":false},"author":1,"featured_media":0,"comment_status":"open","ping_status":"open","sticky":false,"template":"","format":"standard","meta":{"_exactmetrics_skip_tracking":false,"_exactmetrics_sitenote_active":false,"_exactmetrics_sitenote_note":"","_exactmetrics_sitenote_category":0,"footnotes":""},"categories":[18,19],"tags":[34,6,67,35,244,245,215,33,216,37,40],"class_list":["post-1854","post","type-post","status-publish","format-standard","hentry","category-evenement","category-vernissage","tag-andre-becot","tag-club-des-collectionneurs-en-arts-visuels-de-quebec","tag-club-des-collectionneurs-en-arts-visuels-de-quebec-marc-bellemare","tag-foire-en-arts-actuel","tag-josianne-desloges","tag-lesoleil","tag-manif-dart-la-biennale-de-quebec","tag-marc-bellemare","tag-mathieu-dugal","tag-studio-becot","tag-visuals-arts"],"_links":{"self":[{"href":"https:\/\/galeriebecot.com\/index.php?rest_route=\/wp\/v2\/posts\/1854","targetHints":{"allow":["GET"]}}],"collection":[{"href":"https:\/\/galeriebecot.com\/index.php?rest_route=\/wp\/v2\/posts"}],"about":[{"href":"https:\/\/galeriebecot.com\/index.php?rest_route=\/wp\/v2\/types\/post"}],"author":[{"embeddable":true,"href":"https:\/\/galeriebecot.com\/index.php?rest_route=\/wp\/v2\/users\/1"}],"replies":[{"embeddable":true,"href":"https:\/\/galeriebecot.com\/index.php?rest_route=%2Fwp%2Fv2%2Fcomments&post=1854"}],"version-history":[{"count":9,"href":"https:\/\/galeriebecot.com\/index.php?rest_route=\/wp\/v2\/posts\/1854\/revisions"}],"predecessor-version":[{"id":2006,"href":"https:\/\/galeriebecot.com\/index.php?rest_route=\/wp\/v2\/posts\/1854\/revisions\/2006"}],"wp:attachment":[{"href":"https:\/\/galeriebecot.com\/index.php?rest_route=%2Fwp%2Fv2%2Fmedia&parent=1854"}],"wp:term":[{"taxonomy":"category","embeddable":true,"href":"https:\/\/galeriebecot.com\/index.php?rest_route=%2Fwp%2Fv2%2Fcategories&post=1854"},{"taxonomy":"post_tag","embeddable":true,"href":"https:\/\/galeriebecot.com\/index.php?rest_route=%2Fwp%2Fv2%2Ftags&post=1854"}],"curies":[{"name":"wp","href":"https:\/\/api.w.org\/{rel}","templated":true}]}}