{"id":18451,"date":"2024-05-07T15:16:00","date_gmt":"2024-05-07T19:16:00","guid":{"rendered":"https:\/\/www.clubdescollectionneursenartsvisuelsdequebec.com\/?p=18451"},"modified":"2025-03-01T11:18:33","modified_gmt":"2025-03-01T16:18:33","slug":"hommage-a-andre-becot","status":"publish","type":"post","link":"https:\/\/galeriebecot.com\/?p=18451","title":{"rendered":"Hommage \u00e0 Andr\u00e9 B\u00e9cot&#8230;!"},"content":{"rendered":"\n<p class=\"wp-block-paragraph\"><a href=\"https:\/\/ici.radio-canada.ca\/tele\/le-telejournal-quebec\/site\/episodes\/847110\/episode-du-9-decembre-2023\">Le d\u00e9but de ce reportage \u00e0 Radio-Canada d\u00e9bute \u00e0 la <strong>minute 15:38<\/strong> :<\/a><\/p>\n\n\n\n<figure class=\"wp-block-image size-full is-resized\"><a href=\"https:\/\/ici.radio-canada.ca\/tele\/le-telejournal-quebec\/site\/episodes\/847110\/episode-du-9-decembre-2023\"><img loading=\"lazy\" decoding=\"async\" src=\"https:\/\/www.galeriebecot.com\/wp-content\/uploads\/2023\/12\/image.png\" alt=\"\" class=\"wp-image-18473\" width=\"510\" height=\"247\" srcset=\"https:\/\/galeriebecot.com\/wp-content\/uploads\/2023\/12\/image.png 444w, https:\/\/galeriebecot.com\/wp-content\/uploads\/2023\/12\/image-300x145.png 300w\" sizes=\"auto, (max-width: 510px) 100vw, 510px\" \/><\/a><\/figure>\n\n\n\n<figure class=\"wp-block-image size-large is-resized\"><img loading=\"lazy\" decoding=\"async\" src=\"https:\/\/www.galeriebecot.com\/wp-content\/uploads\/2023\/12\/Denis-Lelievre-Super-1024x457.jpg\" alt=\"\" class=\"wp-image-18533\" width=\"506\" height=\"226\" srcset=\"https:\/\/galeriebecot.com\/wp-content\/uploads\/2023\/12\/Denis-Lelievre-Super-1024x457.jpg 1024w, https:\/\/galeriebecot.com\/wp-content\/uploads\/2023\/12\/Denis-Lelievre-Super-300x134.jpg 300w, https:\/\/galeriebecot.com\/wp-content\/uploads\/2023\/12\/Denis-Lelievre-Super-768x343.jpg 768w, https:\/\/galeriebecot.com\/wp-content\/uploads\/2023\/12\/Denis-Lelievre-Super.jpg 1152w\" sizes=\"auto, (max-width: 506px) 100vw, 506px\" \/><\/figure>\n\n\n\n<p class=\"wp-block-paragraph\">Entrevue avec Denis <strong>Leli\u00e8vre<\/strong> (<strong>CKRL<\/strong>) du jeudi le 14 d\u00e9cembre 2023<\/p>\n\n\n\n<p class=\"wp-block-paragraph\">Invit\u00e9s : R\u00e9jeanne <strong>Lamothe<\/strong>&#8211; R\u00e9alisatrice et cin\u00e9aste \/ Andr\u00e9 <strong>B\u00e9cot<\/strong>-Artiste en Arts Visuels<\/p>\n\n\n\n<figure class=\"wp-block-image size-large is-resized\"><a href=\"https:\/\/www.facebook.com\/ClubCAVQ\/videos\/695212899342230\"><img loading=\"lazy\" decoding=\"async\" src=\"https:\/\/www.galeriebecot.com\/wp-content\/uploads\/2023\/12\/Coffret-1-951x1024.jpg\" alt=\"\" class=\"wp-image-18467\" width=\"322\" height=\"347\" srcset=\"https:\/\/galeriebecot.com\/wp-content\/uploads\/2023\/12\/Coffret-1-951x1024.jpg 951w, https:\/\/galeriebecot.com\/wp-content\/uploads\/2023\/12\/Coffret-1-279x300.jpg 279w, https:\/\/galeriebecot.com\/wp-content\/uploads\/2023\/12\/Coffret-1-768x827.jpg 768w, https:\/\/galeriebecot.com\/wp-content\/uploads\/2023\/12\/Coffret-1.jpg 1152w\" sizes=\"auto, (max-width: 322px) 100vw, 322px\" \/><\/a><\/figure>\n\n\n\n<p class=\"wp-block-paragraph\">Remise d&rsquo;un coffret contenant 58 oeuvres d&rsquo;artiste de la ville de Qu\u00e9bec en Arts Visuels.<\/p>\n\n\n\n<p class=\"wp-block-paragraph\">Une exposition pr\u00e9sentant les oeuvres de ce coffret _ <strong>HOMMAGE<\/strong>_ aura lieu \u00e0 la Galerie <strong>B\u00e9cot<\/strong>, au <strong>printemps 2024<\/strong> !<\/p>\n\n\n\n<figure class=\"wp-block-embed is-type-video is-provider-youtube wp-block-embed-youtube wp-embed-aspect-16-9 wp-has-aspect-ratio\"><div class=\"wp-block-embed__wrapper\">\n<iframe loading=\"lazy\" title=\"L&#039;art de rassembler !\" width=\"700\" height=\"394\" src=\"https:\/\/www.youtube.com\/embed\/rJjlFFvmd4w?feature=oembed\" frameborder=\"0\" allow=\"accelerometer; autoplay; clipboard-write; encrypted-media; gyroscope; picture-in-picture; web-share\" referrerpolicy=\"strict-origin-when-cross-origin\" allowfullscreen><\/iframe>\n<\/div><\/figure>\n\n\n\n<p class=\"wp-block-paragraph\"><a href=\"https:\/\/www.facebook.com\/ClubCAVQ\/videos\/695212899342230\">Une exposition pr\u00e9sentant les oeuvres de ce coffret _HOMMAGE_ aura lieu \u00e0 la Galerie B\u00e9cot , au printemps 2024<\/a><\/p>\n\n\n\n<figure class=\"wp-block-image size-large is-resized\"><a href=\"https:\/\/www.galeriebecot.com\/wp-content\/uploads\/2023\/12\/Bill-Vincent.jpg\"><img loading=\"lazy\" decoding=\"async\" src=\"https:\/\/www.galeriebecot.com\/wp-content\/uploads\/2023\/12\/Bill-Vincent-1024x1020.jpg\" alt=\"\" class=\"wp-image-18468\" width=\"325\" height=\"323\" srcset=\"https:\/\/galeriebecot.com\/wp-content\/uploads\/2023\/12\/Bill-Vincent-1024x1020.jpg 1024w, https:\/\/galeriebecot.com\/wp-content\/uploads\/2023\/12\/Bill-Vincent-150x150.jpg 150w, https:\/\/galeriebecot.com\/wp-content\/uploads\/2023\/12\/Bill-Vincent-768x765.jpg 768w, https:\/\/galeriebecot.com\/wp-content\/uploads\/2023\/12\/Bill-Vincent.jpg 1152w\" sizes=\"auto, (max-width: 325px) 100vw, 325px\" \/><\/a><figcaption>Bill Vincent en exposition solo \u00e0 la galerie B\u00e9cot en 1977<\/figcaption><\/figure>\n\n\n\n<figure class=\"wp-block-image size-large is-resized\"><a href=\"https:\/\/www.galeriebecot.com\/wp-content\/uploads\/2023\/12\/Becot-Tremblay-Gasse.jpg\"><img loading=\"lazy\" decoding=\"async\" src=\"https:\/\/www.galeriebecot.com\/wp-content\/uploads\/2023\/12\/Becot-Tremblay-Gasse-1024x701.jpg\" alt=\"\" class=\"wp-image-18471\" width=\"327\" height=\"224\" srcset=\"https:\/\/galeriebecot.com\/wp-content\/uploads\/2023\/12\/Becot-Tremblay-Gasse-1024x701.jpg 1024w, https:\/\/galeriebecot.com\/wp-content\/uploads\/2023\/12\/Becot-Tremblay-Gasse-300x205.jpg 300w, https:\/\/galeriebecot.com\/wp-content\/uploads\/2023\/12\/Becot-Tremblay-Gasse-768x526.jpg 768w, https:\/\/galeriebecot.com\/wp-content\/uploads\/2023\/12\/Becot-Tremblay-Gasse.jpg 1133w\" sizes=\"auto, (max-width: 327px) 100vw, 327px\" \/><\/a><figcaption>B\u00e9cot, Serge Philippe Tremblay et Jocelyn Gasse <\/figcaption><\/figure>\n\n\n\n<figure class=\"wp-block-image size-full is-resized\"><a href=\"https:\/\/www.galeriebecot.com\/wp-content\/uploads\/2023\/12\/A.Becot_-Marie-Rioux.jpg\"><img loading=\"lazy\" decoding=\"async\" src=\"https:\/\/www.galeriebecot.com\/wp-content\/uploads\/2023\/12\/A.Becot_-Marie-Rioux.jpg\" alt=\"\" class=\"wp-image-18495\" width=\"323\" height=\"217\" srcset=\"https:\/\/galeriebecot.com\/wp-content\/uploads\/2023\/12\/A.Becot_-Marie-Rioux.jpg 1008w, https:\/\/galeriebecot.com\/wp-content\/uploads\/2023\/12\/A.Becot_-Marie-Rioux-300x202.jpg 300w, https:\/\/galeriebecot.com\/wp-content\/uploads\/2023\/12\/A.Becot_-Marie-Rioux-768x518.jpg 768w\" sizes=\"auto, (max-width: 323px) 100vw, 323px\" \/><\/a><figcaption>Andr\u00e9 B\u00e9cot et Marie Rioux , Artiste.Merci de ta pr\u00e9sence !<\/figcaption><\/figure>\n\n\n\n<p class=\"wp-block-paragraph\"><em>Cr\u00e9dit Photo<\/em> : Alain<strong> LeBlond<\/strong><\/p>\n\n\n\n<figure class=\"wp-block-image size-full is-resized\"><a href=\"https:\/\/ici.radio-canada.ca\/ohdio\/premiere\/emissions\/c-est-encore-mieux-l-apres-midi\/episodes\/749121\/rattrapage-vendredi-8-decembre-2023\"><img loading=\"lazy\" decoding=\"async\" src=\"https:\/\/www.galeriebecot.com\/wp-content\/uploads\/2023\/12\/Gabrielle-Morissette11.jpg\" alt=\"\" class=\"wp-image-18493\" width=\"448\" height=\"101\" srcset=\"https:\/\/galeriebecot.com\/wp-content\/uploads\/2023\/12\/Gabrielle-Morissette11.jpg 853w, https:\/\/galeriebecot.com\/wp-content\/uploads\/2023\/12\/Gabrielle-Morissette11-300x68.jpg 300w, https:\/\/galeriebecot.com\/wp-content\/uploads\/2023\/12\/Gabrielle-Morissette11-768x173.jpg 768w\" sizes=\"auto, (max-width: 448px) 100vw, 448px\" \/><\/a><\/figure>\n\n\n\n<figure class=\"wp-block-video\"><video height=\"320\" style=\"aspect-ratio: 568 \/ 320;\" width=\"568\" controls src=\"https:\/\/www.galeriebecot.com\/wp-content\/uploads\/2023\/12\/IMG_3012-1.mov\"><\/video><figcaption>T\u00e9moignage de Marc Bellemare : titre de la sculpture \/ <em>Le <strong>Naturel<\/strong> et le <strong>Surnaturel<\/strong><\/em> , bois et bronze.<\/figcaption><\/figure>\n\n\n\n<figure class=\"wp-block-image size-large\"><a href=\"https:\/\/www.carrefourdequebec.com\/2023\/12\/grand-hommage-a-lartiste-et-galeriste-andre-becot\/?fbclid=IwAR3ZOJhkURx2YIC4finIgCxO1aB8zOO4IRwtpcwA61kaSNdP1ySpPHRZo4c\"><img loading=\"lazy\" decoding=\"async\" width=\"1024\" height=\"115\" src=\"https:\/\/www.galeriebecot.com\/wp-content\/uploads\/2023\/12\/Carrefour-1024x115.jpg\" alt=\"\" class=\"wp-image-18518\" srcset=\"https:\/\/galeriebecot.com\/wp-content\/uploads\/2023\/12\/Carrefour-1024x115.jpg 1024w, https:\/\/galeriebecot.com\/wp-content\/uploads\/2023\/12\/Carrefour-300x34.jpg 300w, https:\/\/galeriebecot.com\/wp-content\/uploads\/2023\/12\/Carrefour-768x87.jpg 768w, https:\/\/galeriebecot.com\/wp-content\/uploads\/2023\/12\/Carrefour.jpg 1525w\" sizes=\"auto, (max-width: 1024px) 100vw, 1024px\" \/><\/a><figcaption>Le Journal <strong>Le Carrefour de Qu\u00e9bec<\/strong>.<\/figcaption><\/figure>\n\n\n\n<figure class=\"wp-block-image size-large\"><a href=\"https:\/\/www.galeriebecot.com\/wp-content\/uploads\/2023\/12\/Becot1.jpg\"><img loading=\"lazy\" decoding=\"async\" width=\"846\" height=\"1024\" src=\"https:\/\/www.galeriebecot.com\/wp-content\/uploads\/2023\/12\/Becot1-846x1024.jpg\" alt=\"\" class=\"wp-image-18482\" srcset=\"https:\/\/galeriebecot.com\/wp-content\/uploads\/2023\/12\/Becot1-846x1024.jpg 846w, https:\/\/galeriebecot.com\/wp-content\/uploads\/2023\/12\/Becot1-248x300.jpg 248w, https:\/\/galeriebecot.com\/wp-content\/uploads\/2023\/12\/Becot1-768x929.jpg 768w, https:\/\/galeriebecot.com\/wp-content\/uploads\/2023\/12\/Becot1.jpg 1224w\" sizes=\"auto, (max-width: 846px) 100vw, 846px\" \/><\/a><\/figure>\n\n\n\n<figure class=\"wp-block-image size-large\"><a href=\"https:\/\/www.galeriebecot.com\/wp-content\/uploads\/2023\/12\/Becot2.jpg\"><img loading=\"lazy\" decoding=\"async\" width=\"864\" height=\"1024\" src=\"https:\/\/www.galeriebecot.com\/wp-content\/uploads\/2023\/12\/Becot2-864x1024.jpg\" alt=\"\" class=\"wp-image-18483\" srcset=\"https:\/\/galeriebecot.com\/wp-content\/uploads\/2023\/12\/Becot2-864x1024.jpg 864w, https:\/\/galeriebecot.com\/wp-content\/uploads\/2023\/12\/Becot2-253x300.jpg 253w, https:\/\/galeriebecot.com\/wp-content\/uploads\/2023\/12\/Becot2-768x910.jpg 768w, https:\/\/galeriebecot.com\/wp-content\/uploads\/2023\/12\/Becot2.jpg 1224w\" sizes=\"auto, (max-width: 864px) 100vw, 864px\" \/><\/a><\/figure>\n\n\n\n<figure class=\"wp-block-image size-large\"><a href=\"https:\/\/www.galeriebecot.com\/wp-content\/uploads\/2023\/12\/Becot3.jpg\"><img loading=\"lazy\" decoding=\"async\" width=\"868\" height=\"1024\" src=\"https:\/\/www.galeriebecot.com\/wp-content\/uploads\/2023\/12\/Becot3-868x1024.jpg\" alt=\"\" class=\"wp-image-18485\" srcset=\"https:\/\/galeriebecot.com\/wp-content\/uploads\/2023\/12\/Becot3-868x1024.jpg 868w, https:\/\/galeriebecot.com\/wp-content\/uploads\/2023\/12\/Becot3-254x300.jpg 254w, https:\/\/galeriebecot.com\/wp-content\/uploads\/2023\/12\/Becot3-768x906.jpg 768w, https:\/\/galeriebecot.com\/wp-content\/uploads\/2023\/12\/Becot3.jpg 1224w\" sizes=\"auto, (max-width: 868px) 100vw, 868px\" \/><\/a><\/figure>\n\n\n\n<figure class=\"wp-block-image size-large\"><a href=\"https:\/\/www.galeriebecot.com\/wp-content\/uploads\/2023\/12\/Becot4.jpg\"><img loading=\"lazy\" decoding=\"async\" width=\"993\" height=\"1024\" src=\"https:\/\/www.galeriebecot.com\/wp-content\/uploads\/2023\/12\/Becot4-993x1024.jpg\" alt=\"\" class=\"wp-image-18486\" srcset=\"https:\/\/galeriebecot.com\/wp-content\/uploads\/2023\/12\/Becot4-993x1024.jpg 993w, https:\/\/galeriebecot.com\/wp-content\/uploads\/2023\/12\/Becot4-291x300.jpg 291w, https:\/\/galeriebecot.com\/wp-content\/uploads\/2023\/12\/Becot4-768x792.jpg 768w, https:\/\/galeriebecot.com\/wp-content\/uploads\/2023\/12\/Becot4.jpg 1224w\" sizes=\"auto, (max-width: 993px) 100vw, 993px\" \/><\/a><\/figure>\n\n\n\n<figure class=\"wp-block-image size-large\"><a href=\"https:\/\/www.galeriebecot.com\/wp-content\/uploads\/2023\/11\/Hommage-Becot.jpg\"><img loading=\"lazy\" decoding=\"async\" width=\"1024\" height=\"982\" src=\"https:\/\/www.galeriebecot.com\/wp-content\/uploads\/2023\/11\/Hommage-Becot-1024x982.jpg\" alt=\"\" class=\"wp-image-18453\" srcset=\"https:\/\/galeriebecot.com\/wp-content\/uploads\/2023\/11\/Hommage-Becot-1024x982.jpg 1024w, https:\/\/galeriebecot.com\/wp-content\/uploads\/2023\/11\/Hommage-Becot-300x288.jpg 300w, https:\/\/galeriebecot.com\/wp-content\/uploads\/2023\/11\/Hommage-Becot-768x737.jpg 768w, https:\/\/galeriebecot.com\/wp-content\/uploads\/2023\/11\/Hommage-Becot.jpg 1352w\" sizes=\"auto, (max-width: 1024px) 100vw, 1024px\" \/><\/a><\/figure>\n\n\n\n<p class=\"wp-block-paragraph\">&nbsp;<\/p>\n","protected":false},"excerpt":{"rendered":"<p>Le d\u00e9but de ce reportage \u00e0 Radio-Canada d\u00e9bute \u00e0 la minute 15:38 : Entrevue avec Denis Leli\u00e8vre (CKRL) du jeudi le 14 d\u00e9cembre 2023 Invit\u00e9s : R\u00e9jeanne Lamothe&#8211; R\u00e9alisatrice et&hellip; <\/p>\n","protected":false},"author":1,"featured_media":0,"comment_status":"open","ping_status":"open","sticky":false,"template":"","format":"standard","meta":{"_exactmetrics_skip_tracking":false,"_exactmetrics_sitenote_active":false,"_exactmetrics_sitenote_note":"","_exactmetrics_sitenote_category":0,"footnotes":""},"categories":[1],"tags":[4623,3945,316,2009,4625,3834,4617,465,572,4527,1456,1443,3545,4624,4626,58,4620,2768,4618,365,1150,2046,4619,889],"class_list":["post-18451","post","type-post","status-publish","format-standard","hentry","category-non-classe","tag-1er-jeux-de-la-francophonie","tag-ateliers-du-roulement-a-billes","tag-bill-vincent","tag-chambre-blanche","tag-cine-club","tag-comme-galerie","tag-denys-lelievre","tag-florent-cousineau","tag-fou-bar","tag-ginette-paradis","tag-jacques-lacasse","tag-jerome-morissette","tag-klody-tremblay-2","tag-les-freres-lheureux","tag-manif-dart-2024","tag-marc-bellemare-collectionneur","tag-marc-hervieux","tag-margot-bujold","tag-maria-callas","tag-paul-beliveau","tag-rejeanne-lamothe","tag-richard-vallerand","tag-sophie-faucher","tag-suzette-patry"],"_links":{"self":[{"href":"https:\/\/galeriebecot.com\/index.php?rest_route=\/wp\/v2\/posts\/18451","targetHints":{"allow":["GET"]}}],"collection":[{"href":"https:\/\/galeriebecot.com\/index.php?rest_route=\/wp\/v2\/posts"}],"about":[{"href":"https:\/\/galeriebecot.com\/index.php?rest_route=\/wp\/v2\/types\/post"}],"author":[{"embeddable":true,"href":"https:\/\/galeriebecot.com\/index.php?rest_route=\/wp\/v2\/users\/1"}],"replies":[{"embeddable":true,"href":"https:\/\/galeriebecot.com\/index.php?rest_route=%2Fwp%2Fv2%2Fcomments&post=18451"}],"version-history":[{"count":63,"href":"https:\/\/galeriebecot.com\/index.php?rest_route=\/wp\/v2\/posts\/18451\/revisions"}],"predecessor-version":[{"id":20275,"href":"https:\/\/galeriebecot.com\/index.php?rest_route=\/wp\/v2\/posts\/18451\/revisions\/20275"}],"wp:attachment":[{"href":"https:\/\/galeriebecot.com\/index.php?rest_route=%2Fwp%2Fv2%2Fmedia&parent=18451"}],"wp:term":[{"taxonomy":"category","embeddable":true,"href":"https:\/\/galeriebecot.com\/index.php?rest_route=%2Fwp%2Fv2%2Fcategories&post=18451"},{"taxonomy":"post_tag","embeddable":true,"href":"https:\/\/galeriebecot.com\/index.php?rest_route=%2Fwp%2Fv2%2Ftags&post=18451"}],"curies":[{"name":"wp","href":"https:\/\/api.w.org\/{rel}","templated":true}]}}