{"id":1841,"date":"2015-03-29T10:02:25","date_gmt":"2015-03-29T14:02:25","guid":{"rendered":"http:\/\/www.clubdescollectionneursenartsvisuelsdequebec.com\/?p=1841"},"modified":"2015-04-08T20:02:17","modified_gmt":"2015-04-09T00:02:17","slug":"foires-dart-contemporain-doeuvres-sur-papier","status":"publish","type":"post","link":"https:\/\/galeriebecot.com\/?p=1841","title":{"rendered":"Foire d&rsquo;art contemporain d&rsquo;oeuvres sur papier, Table ronde \u00ab Investir dans l\u2019art  \u00bb avec Marc Bellemare,par  le Journal Les Affaires ,vendredi  24 avril \u00e0 Midi."},"content":{"rendered":"<p>Table ronde \u00ab\u00a0Investir dans l&rsquo;art\u00a0\u00bb, anim\u00e9e par Fran\u00e7ois Pouliot (journal les affaires).En tant que collectionneur passionn\u00e9 et homme d&rsquo;affaires \u00e9m\u00e9rite, Marc Bellemare sera participant \u00e0 cette table .M. \u00c9ric Bujold, pr\u00e9sident de Banque Nationale Gestion priv\u00e9e 1859 sera \u00e9galement un des intervenants de la table ronde ainsi que M.Simon Gareau,expert dans la fiscalit\u00e9 des oeuvres d&rsquo;art.<\/p>\n<p><a href=\"https:\/\/www.galeriebecot.com\/wp-content\/uploads\/2014\/04\/Papier-11.jpg\"><img loading=\"lazy\" decoding=\"async\" class=\"alignnone size-large wp-image-3466\" src=\"https:\/\/www.galeriebecot.com\/wp-content\/uploads\/2014\/04\/Papier-11-936x1024.jpg\" alt=\"Papier-1\" width=\"700\" height=\"766\" srcset=\"https:\/\/galeriebecot.com\/wp-content\/uploads\/2014\/04\/Papier-11-936x1024.jpg 936w, https:\/\/galeriebecot.com\/wp-content\/uploads\/2014\/04\/Papier-11-274x300.jpg 274w, https:\/\/galeriebecot.com\/wp-content\/uploads\/2014\/04\/Papier-11.jpg 1200w\" sizes=\"auto, (max-width: 700px) 100vw, 700px\" \/><\/a><\/p>\n<p>&nbsp;<\/p>\n<p><a href=\"https:\/\/www.galeriebecot.com\/wp-content\/uploads\/2014\/04\/Papier-2.jpg\"><img loading=\"lazy\" decoding=\"async\" class=\"alignnone size-large wp-image-3467\" src=\"https:\/\/www.galeriebecot.com\/wp-content\/uploads\/2014\/04\/Papier-2-888x1024.jpg\" alt=\"Papier-2\" width=\"700\" height=\"807\" srcset=\"https:\/\/galeriebecot.com\/wp-content\/uploads\/2014\/04\/Papier-2-888x1024.jpg 888w, https:\/\/galeriebecot.com\/wp-content\/uploads\/2014\/04\/Papier-2-260x300.jpg 260w, https:\/\/galeriebecot.com\/wp-content\/uploads\/2014\/04\/Papier-2.jpg 1198w\" sizes=\"auto, (max-width: 700px) 100vw, 700px\" \/><\/a><\/p>\n<p><a title=\"Foires d'art contemporain d'oeuvres sur papier\" href=\"http:\/\/www.papiermontreal.com\/\"><img loading=\"lazy\" decoding=\"async\" class=\"alignnone size-full wp-image-1842\" src=\"https:\/\/www.galeriebecot.com\/wp-content\/uploads\/2014\/04\/Papier-1.jpg\" alt=\"Papier 1\" width=\"520\" height=\"290\" srcset=\"https:\/\/galeriebecot.com\/wp-content\/uploads\/2014\/04\/Papier-1.jpg 520w, https:\/\/galeriebecot.com\/wp-content\/uploads\/2014\/04\/Papier-1-300x167.jpg 300w\" sizes=\"auto, (max-width: 520px) 100vw, 520px\" \/><\/a><\/p>\n<h1><a href=\"http:\/\/www.papiermontreal.com\/\">Bienvenue \u00e0 la foire Papier14<\/a><\/h1>\n<h3><a href=\"http:\/\/www.papiermontreal.com\/\">25 au 27 avril 2014 &#8211; \u00e0 l&rsquo;angle des rues Sainte-Catherine Ouest &amp; Clark<\/a><br \/>\n<a href=\"http:\/\/www.papiermontreal.com\/\"> Jeudi 24 avril &#8211; soir\u00e9e d&rsquo;ouverture b\u00e9n\u00e9fice VIP<\/a><\/h3>\n<p><a href=\"http:\/\/www.papiermontreal.com\/\">\u00a0<\/a><\/p>\n<p>Papier14 s\u2019installe \u00e0 nouveau au Quartier des spectacles, offrant un acc\u00e8s in\u00e9dit \u00e0 la cr\u00e9ation en art contemporain. Papier14 r\u00e9unira galeristes et artistes pancanadiens qui pr\u00e9senteront des \u0153uvres sur papier, r\u00e9v\u00e9lant la richesse de ce m\u00e9dium aux multiples d\u00e9clinaisons. Cette septi\u00e8me \u00e9dition rayonnera au del\u00e0 de son chapiteau, proposant aux visiteurs un volet d&rsquo;expositions et d&rsquo;activit\u00e9s satellites.<\/p>\n<p>&nbsp;<\/p>\n<p>C\u2019est un rendez-vous \u00e0 ne pas manquer\u00a0!<\/p>\n<p>&nbsp;<\/p>\n<p><img loading=\"lazy\" decoding=\"async\" class=\"alignnone size-full wp-image-1843\" src=\"https:\/\/www.galeriebecot.com\/wp-content\/uploads\/2014\/04\/papier2.jpg\" alt=\"papier2\" width=\"520\" height=\"290\" srcset=\"https:\/\/galeriebecot.com\/wp-content\/uploads\/2014\/04\/papier2.jpg 520w, https:\/\/galeriebecot.com\/wp-content\/uploads\/2014\/04\/papier2-300x167.jpg 300w\" sizes=\"auto, (max-width: 520px) 100vw, 520px\" \/><\/p>\n<p>&nbsp;<\/p>\n<p><img loading=\"lazy\" decoding=\"async\" class=\"alignnone size-full wp-image-1846\" src=\"https:\/\/www.galeriebecot.com\/wp-content\/uploads\/2014\/04\/papier3.jpg\" alt=\"papier3\" width=\"520\" height=\"290\" srcset=\"https:\/\/galeriebecot.com\/wp-content\/uploads\/2014\/04\/papier3.jpg 520w, https:\/\/galeriebecot.com\/wp-content\/uploads\/2014\/04\/papier3-300x167.jpg 300w\" sizes=\"auto, (max-width: 520px) 100vw, 520px\" \/><\/p>\n<p><span class=\"Apple-style-span\" style=\"font-weight: bold;\">Karine Vanasse<\/span><\/p>\n<p><a href=\"https:\/\/www.galeriebecot.com\/wp-content\/uploads\/2014\/04\/vanasse.jpg\"><img loading=\"lazy\" decoding=\"async\" class=\"alignnone size-full wp-image-1926\" src=\"https:\/\/www.galeriebecot.com\/wp-content\/uploads\/2014\/04\/vanasse.jpg\" alt=\"vanasse\" width=\"192\" height=\"239\" \/><\/a><\/p>\n<div>\n<p><strong>Porte-parole de la foire Papier14<\/strong><\/p>\n<p><em>Trop souvent on se laisse intimider, pensant qu\u2019il faut arriver devant l\u2019art contemporain avec un bagage de connaissance\u00a0alors qu\u2019il ne s\u2019agit de le regarder qu\u2019avec le d\u00e9sir d\u2019\u00eatre touch\u00e9, happ\u00e9 par une oeuvre. J\u2019ai d\u00e9couvert gr\u00e2ce \u00e0 Papier le plaisir de ne pas questionner pourquoi, par exemple,\u00a0une \u0153uvre me s\u00e9duisait totalement.<\/em><\/p>\n<p>Actrice qu\u00e9b\u00e9coise, Karine Vanasse est une passionn\u00e9e de culture et pr\u00eatera une toute premi\u00e8re fois sa voix \u00e0 la foire Papier \u00e0 titre de porte-parole.<\/p>\n<p><span class=\"Apple-style-span\" style=\"font-weight: bold;\"><strong>Alexandre Taillefer<\/strong><\/span><\/p>\n<p><a href=\"https:\/\/www.galeriebecot.com\/wp-content\/uploads\/2014\/04\/taillefer.jpg\"><img loading=\"lazy\" decoding=\"async\" class=\"alignnone size-full wp-image-1927\" src=\"https:\/\/www.galeriebecot.com\/wp-content\/uploads\/2014\/04\/taillefer.jpg\" alt=\"taillefer\" width=\"266\" height=\"266\" srcset=\"https:\/\/galeriebecot.com\/wp-content\/uploads\/2014\/04\/taillefer.jpg 266w, https:\/\/galeriebecot.com\/wp-content\/uploads\/2014\/04\/taillefer-150x150.jpg 150w\" sizes=\"auto, (max-width: 266px) 100vw, 266px\" \/><\/a><\/p>\n<p><strong>Parrain de la foire Papier14<\/strong><\/p>\n<p><em>En achetant une \u0153uvre durant Papier14, vous permettez \u00e0 des artistes de vivre de leur travail et vous contribuez \u00e0 dynamiser la sc\u00e8ne en art visuel au Qu\u00e9bec. \u00a0Vous permettez aussi \u00e0 des galeristes de continuer leur travail, essentiel au d\u00e9veloppement de ce segment culturel qui demeure fragile.\u00a0<\/em><\/p>\n<p>Pour une deuxi\u00e8me ann\u00e9e cons\u00e9cutive, la foire Papier est heureuse de s&rsquo;associer \u00e0 M. Alexandre Taillefer. Entrepreneur et pr\u00e9sident du Conseil d&rsquo;administration du Mus\u00e9e d&rsquo;art contemporain de Montr\u00e9al, M. Alexandre Taillefer est \u00e9galement collectionneur et grand d\u00e9fendeur de l&rsquo;art contemporain.<\/p>\n<\/div>\n","protected":false},"excerpt":{"rendered":"<p>Table ronde \u00ab\u00a0Investir dans l&rsquo;art\u00a0\u00bb, anim\u00e9e par Fran\u00e7ois Pouliot (journal les affaires).En tant que collectionneur passionn\u00e9 et homme d&rsquo;affaires \u00e9m\u00e9rite, Marc Bellemare sera participant \u00e0 cette table .M. \u00c9ric Bujold,&hellip; <\/p>\n","protected":false},"author":1,"featured_media":0,"comment_status":"open","ping_status":"open","sticky":false,"template":"","format":"standard","meta":{"_exactmetrics_skip_tracking":false,"_exactmetrics_sitenote_active":false,"_exactmetrics_sitenote_note":"","_exactmetrics_sitenote_category":0,"footnotes":""},"categories":[18],"tags":[34,6,67,214,35,40],"class_list":["post-1841","post","type-post","status-publish","format-standard","hentry","category-evenement","tag-andre-becot","tag-club-des-collectionneurs-en-arts-visuels-de-quebec","tag-club-des-collectionneurs-en-arts-visuels-de-quebec-marc-bellemare","tag-foire-dart-contemporain-sur-papier","tag-foire-en-arts-actuel","tag-visuals-arts"],"_links":{"self":[{"href":"https:\/\/galeriebecot.com\/index.php?rest_route=\/wp\/v2\/posts\/1841","targetHints":{"allow":["GET"]}}],"collection":[{"href":"https:\/\/galeriebecot.com\/index.php?rest_route=\/wp\/v2\/posts"}],"about":[{"href":"https:\/\/galeriebecot.com\/index.php?rest_route=\/wp\/v2\/types\/post"}],"author":[{"embeddable":true,"href":"https:\/\/galeriebecot.com\/index.php?rest_route=\/wp\/v2\/users\/1"}],"replies":[{"embeddable":true,"href":"https:\/\/galeriebecot.com\/index.php?rest_route=%2Fwp%2Fv2%2Fcomments&post=1841"}],"version-history":[{"count":20,"href":"https:\/\/galeriebecot.com\/index.php?rest_route=\/wp\/v2\/posts\/1841\/revisions"}],"predecessor-version":[{"id":1850,"href":"https:\/\/galeriebecot.com\/index.php?rest_route=\/wp\/v2\/posts\/1841\/revisions\/1850"}],"wp:attachment":[{"href":"https:\/\/galeriebecot.com\/index.php?rest_route=%2Fwp%2Fv2%2Fmedia&parent=1841"}],"wp:term":[{"taxonomy":"category","embeddable":true,"href":"https:\/\/galeriebecot.com\/index.php?rest_route=%2Fwp%2Fv2%2Fcategories&post=1841"},{"taxonomy":"post_tag","embeddable":true,"href":"https:\/\/galeriebecot.com\/index.php?rest_route=%2Fwp%2Fv2%2Ftags&post=1841"}],"curies":[{"name":"wp","href":"https:\/\/api.w.org\/{rel}","templated":true}]}}