{"id":18118,"date":"2023-09-22T13:26:00","date_gmt":"2023-09-22T17:26:00","guid":{"rendered":"https:\/\/www.clubdescollectionneursenartsvisuelsdequebec.com\/?p=18118"},"modified":"2023-09-25T09:49:34","modified_gmt":"2023-09-25T13:49:34","slug":"galerie-des-deux-ponts","status":"publish","type":"post","link":"https:\/\/galeriebecot.com\/?p=18118","title":{"rendered":"Galerie d&rsquo;art  des deux ponts !"},"content":{"rendered":"\n<p class=\"wp-block-paragraph\">Ce vendredi et samedi 22 et 23 septembre 2023 , Lise <strong>Marsan<\/strong> et Andr\u00e9 <strong>B\u00e9co<\/strong>t ont rencontr\u00e9 avec plaisir des <strong>\u00e2mes cr\u00e9atives.<\/strong><\/p>\n\n\n\n<p class=\"wp-block-paragraph\">Gr\u00e2ce \u00e0 ce dialogue nous avons rencontr\u00e9  les artistes suivants :<\/p>\n\n\n\n<p class=\"wp-block-paragraph\">Louise <strong>Daigle<\/strong>, Ghislaine <strong>Riendeau<\/strong>, Denise <strong>Lafreni\u00e8re<\/strong>, Marielle <strong>Cusson<\/strong>, Gertrude <strong>Guay <\/strong>, Carole <strong>Th\u00e9riault<\/strong>,Isabelle <strong>Plante<\/strong>, Jacques <strong>Lamontagne<\/strong>,Nathalie<strong> Ruel<\/strong>, Annie<strong> Landry<\/strong>, \u00c9laine <strong>Fournier<\/strong>, Linda <strong>Trudelle<\/strong>, <strong>Ren\u00e9eRose<\/strong>, Michel <strong>Auclair<\/strong>, Aline<strong> Mass\u00e9<\/strong>, Carmelle <strong>Th\u00e9riault<\/strong>.<\/p>\n\n\n\n<figure class=\"wp-block-image size-large is-resized\"><a href=\"https:\/\/www.galeriebecot.com\/wp-content\/uploads\/2023\/09\/Dialogue-1.jpg\"><img loading=\"lazy\" decoding=\"async\" src=\"https:\/\/www.galeriebecot.com\/wp-content\/uploads\/2023\/09\/Dialogue-1-1024x587.jpg\" alt=\"\" class=\"wp-image-18119\" width=\"461\" height=\"264\" srcset=\"https:\/\/galeriebecot.com\/wp-content\/uploads\/2023\/09\/Dialogue-1-1024x587.jpg 1024w, https:\/\/galeriebecot.com\/wp-content\/uploads\/2023\/09\/Dialogue-1-300x172.jpg 300w, https:\/\/galeriebecot.com\/wp-content\/uploads\/2023\/09\/Dialogue-1-768x440.jpg 768w, https:\/\/galeriebecot.com\/wp-content\/uploads\/2023\/09\/Dialogue-1-1536x881.jpg 1536w, https:\/\/galeriebecot.com\/wp-content\/uploads\/2023\/09\/Dialogue-1.jpg 1728w\" sizes=\"auto, (max-width: 461px) 100vw, 461px\" \/><\/a><\/figure>\n\n\n\n<p class=\"wp-block-paragraph\">Andr\u00e9 <strong>B\u00e9cot<\/strong>, \u00c9laine <strong>Fournier<\/strong> et Lyse <strong>Marsan.<\/strong> <em>Cr\u00e9dit photo, Serge Philippe Tremblay<\/em><\/p>\n\n\n\n<p class=\"wp-block-paragraph\">Notre rencontre avec \u00c9laine <strong>Fournier<\/strong>, en ce samedi 23 septembre 2023. <\/p>\n\n\n\n<figure class=\"wp-block-image size-large is-resized\"><a href=\"https:\/\/www.galeriebecot.com\/wp-content\/uploads\/2023\/09\/Rencontre.jpg\"><img loading=\"lazy\" decoding=\"async\" src=\"https:\/\/www.galeriebecot.com\/wp-content\/uploads\/2023\/09\/Rencontre-1022x1024.jpg\" alt=\"\" class=\"wp-image-18144\" width=\"470\" height=\"470\" srcset=\"https:\/\/galeriebecot.com\/wp-content\/uploads\/2023\/09\/Rencontre-1022x1024.jpg 1022w, https:\/\/galeriebecot.com\/wp-content\/uploads\/2023\/09\/Rencontre-300x300.jpg 300w, https:\/\/galeriebecot.com\/wp-content\/uploads\/2023\/09\/Rencontre-150x150.jpg 150w, https:\/\/galeriebecot.com\/wp-content\/uploads\/2023\/09\/Rencontre-768x770.jpg 768w, https:\/\/galeriebecot.com\/wp-content\/uploads\/2023\/09\/Rencontre-330x330.jpg 330w, https:\/\/galeriebecot.com\/wp-content\/uploads\/2023\/09\/Rencontre.jpg 1316w\" sizes=\"auto, (max-width: 470px) 100vw, 470px\" \/><\/a><figcaption>Lyse <strong>Marsan<\/strong>, Linda <strong>Trudel<\/strong> et Andr\u00e9 <strong>B\u00e9cot<\/strong><\/figcaption><\/figure>\n\n\n\n<p class=\"wp-block-paragraph\">Notre rencontre avec Linda <strong>Trudel<\/strong>, en ce samedi 23 septembre 2023.<\/p>\n\n\n\n<figure class=\"wp-block-image size-large is-resized\"><a href=\"https:\/\/www.galeriebecot.com\/wp-content\/uploads\/2023\/09\/Dialogue2.jpg\"><img loading=\"lazy\" decoding=\"async\" src=\"https:\/\/www.galeriebecot.com\/wp-content\/uploads\/2023\/09\/Dialogue2-1024x723.jpg\" alt=\"\" class=\"wp-image-18120\" width=\"461\" height=\"325\" srcset=\"https:\/\/galeriebecot.com\/wp-content\/uploads\/2023\/09\/Dialogue2-1024x723.jpg 1024w, https:\/\/galeriebecot.com\/wp-content\/uploads\/2023\/09\/Dialogue2-300x212.jpg 300w, https:\/\/galeriebecot.com\/wp-content\/uploads\/2023\/09\/Dialogue2-768x542.jpg 768w, https:\/\/galeriebecot.com\/wp-content\/uploads\/2023\/09\/Dialogue2.jpg 1440w\" sizes=\"auto, (max-width: 461px) 100vw, 461px\" \/><\/a><figcaption>Isabelle <strong>Veilleux<\/strong>, directrice et Lyse <strong>Marsan<\/strong><\/figcaption><\/figure>\n\n\n\n<p class=\"wp-block-paragraph\"><strong>Isabelle Veilleux | Technicienne en mus\u00e9ologie&nbsp;<\/strong><\/p>\n\n\n\n<p class=\"wp-block-paragraph\"><strong>Et Responsable de la Galerie d\u2019art des Deux-Ponts<\/strong><\/p>\n\n\n\n<p class=\"wp-block-paragraph\">Direction de la vie communautaire | Service des arts et de la culture<\/p>\n\n\n\n<p class=\"wp-block-paragraph\">959, rue Nolin&nbsp;<\/p>\n\n\n\n<p class=\"wp-block-paragraph\">L\u00e9vis (Qu\u00e9bec) G6Z 2N8<\/p>\n\n\n\n<p class=\"wp-block-paragraph\">T\u00e9l. : 418 835-4960,&nbsp;poste 4660 | T\u00e9l\u00e9c. : 418 839-6403<\/p>\n\n\n\n<p class=\"wp-block-paragraph\"><strong>Lyse Marsan&nbsp;&nbsp;&nbsp;<\/strong><\/p>\n\n\n\n<p class=\"wp-block-paragraph\">Artiste pluridisciplinaire&nbsp;<\/p>\n\n\n\n<p class=\"wp-block-paragraph\">845 rue Beauregard #201 , Qu\u00e9bec (QC)<\/p>\n\n\n\n<p class=\"wp-block-paragraph\">G1V 4P4<\/p>\n\n\n\n<p class=\"wp-block-paragraph\">T\u00e9l\u00e9phone =&nbsp;418-657-2964<\/p>\n\n\n\n<p class=\"wp-block-paragraph\">Courriel =&nbsp;<a href=\"mailto:lysemarsan@marsanl.com\">lysemarsan@marsanl.com<\/a><\/p>\n\n\n\n<p class=\"wp-block-paragraph\">Site Web&nbsp;=&nbsp;<a href=\"http:\/\/www.marsanl.com\/\" target=\"_blank\" rel=\"noreferrer noopener\">www.marsanl.com<\/a><\/p>\n","protected":false},"excerpt":{"rendered":"<p>Ce vendredi et samedi 22 et 23 septembre 2023 , Lise Marsan et Andr\u00e9 B\u00e9cot ont rencontr\u00e9 avec plaisir des \u00e2mes cr\u00e9atives. Gr\u00e2ce \u00e0 ce dialogue nous avons rencontr\u00e9 les&hellip; <\/p>\n","protected":false},"author":1,"featured_media":0,"comment_status":"open","ping_status":"open","sticky":false,"template":"","format":"standard","meta":{"_exactmetrics_skip_tracking":false,"_exactmetrics_sitenote_active":false,"_exactmetrics_sitenote_note":"","_exactmetrics_sitenote_category":0,"footnotes":""},"categories":[284,27],"tags":[1306,4555,4511,66,4552,4558,4551,2532,4557,4554,4559,2681,4550,4556,4560,4553],"class_list":["post-18118","post","type-post","status-publish","format-standard","hentry","category-appel-de-dossiers-dartistes-en-arts-visuels","category-artistes","tag-aline-masse","tag-annie-landry","tag-carole-theriault","tag-club-des-collectionneurs-en-arts-visuels-de-quebec-studio-becot","tag-denise-lafreniere","tag-elaine-fournier","tag-gertrude-guay","tag-ghislaine-riendeau","tag-isabelle-plante","tag-jacques-lamontagne","tag-linda-trudelle","tag-louise-daigle","tag-marielle-cusson","tag-michel-auclair","tag-nathalie-ruel","tag-reneerose"],"_links":{"self":[{"href":"https:\/\/galeriebecot.com\/index.php?rest_route=\/wp\/v2\/posts\/18118","targetHints":{"allow":["GET"]}}],"collection":[{"href":"https:\/\/galeriebecot.com\/index.php?rest_route=\/wp\/v2\/posts"}],"about":[{"href":"https:\/\/galeriebecot.com\/index.php?rest_route=\/wp\/v2\/types\/post"}],"author":[{"embeddable":true,"href":"https:\/\/galeriebecot.com\/index.php?rest_route=\/wp\/v2\/users\/1"}],"replies":[{"embeddable":true,"href":"https:\/\/galeriebecot.com\/index.php?rest_route=%2Fwp%2Fv2%2Fcomments&post=18118"}],"version-history":[{"count":13,"href":"https:\/\/galeriebecot.com\/index.php?rest_route=\/wp\/v2\/posts\/18118\/revisions"}],"predecessor-version":[{"id":18147,"href":"https:\/\/galeriebecot.com\/index.php?rest_route=\/wp\/v2\/posts\/18118\/revisions\/18147"}],"wp:attachment":[{"href":"https:\/\/galeriebecot.com\/index.php?rest_route=%2Fwp%2Fv2%2Fmedia&parent=18118"}],"wp:term":[{"taxonomy":"category","embeddable":true,"href":"https:\/\/galeriebecot.com\/index.php?rest_route=%2Fwp%2Fv2%2Fcategories&post=18118"},{"taxonomy":"post_tag","embeddable":true,"href":"https:\/\/galeriebecot.com\/index.php?rest_route=%2Fwp%2Fv2%2Ftags&post=18118"}],"curies":[{"name":"wp","href":"https:\/\/api.w.org\/{rel}","templated":true}]}}