{"id":18000,"date":"2024-09-11T13:46:00","date_gmt":"2024-09-11T17:46:00","guid":{"rendered":"https:\/\/www.clubdescollectionneursenartsvisuelsdequebec.com\/?p=18000"},"modified":"2024-09-12T15:57:02","modified_gmt":"2024-09-12T19:57:02","slug":"isabelle-de-blois-sculpteur-de-territoire","status":"publish","type":"post","link":"https:\/\/galeriebecot.com\/?p=18000","title":{"rendered":"Isabelle de Blois , sculpteur de territoire,Temps des sucres, tant de passion&#8230;"},"content":{"rendered":"\n<p class=\"wp-block-paragraph\">Vernissage le 5 octobre 2024<\/p>\n\n\n\n<p class=\"wp-block-paragraph\">Parc r\u00e9gional des Grandes-Coul\u00e9es, de 14 h \u00e0 16h<\/p>\n\n\n\n<figure class=\"wp-block-image size-large\"><a href=\"https:\/\/www.galeriebecot.com\/wp-content\/uploads\/2024\/09\/Deblois-Isabelle-Site.jpg\"><img loading=\"lazy\" decoding=\"async\" width=\"990\" height=\"1024\" src=\"https:\/\/www.galeriebecot.com\/wp-content\/uploads\/2024\/09\/Deblois-Isabelle-Site-990x1024.jpg\" alt=\"\" class=\"wp-image-19522\" srcset=\"https:\/\/galeriebecot.com\/wp-content\/uploads\/2024\/09\/Deblois-Isabelle-Site-990x1024.jpg 990w, https:\/\/galeriebecot.com\/wp-content\/uploads\/2024\/09\/Deblois-Isabelle-Site-290x300.jpg 290w, https:\/\/galeriebecot.com\/wp-content\/uploads\/2024\/09\/Deblois-Isabelle-Site-768x795.jpg 768w, https:\/\/galeriebecot.com\/wp-content\/uploads\/2024\/09\/Deblois-Isabelle-Site.jpg 1380w\" sizes=\"auto, (max-width: 990px) 100vw, 990px\" \/><\/a><\/figure>\n\n\n\n<p class=\"wp-block-paragraph\"><a href=\"https:\/\/www.regiondelerable.ca\/fr\/activites\/81\/maison-creative-et-rurale-armand-vaillancourt\">J&rsquo;ai le grand plaisir de vous inviter au vernissage de ma nouvelle exposition _ SCULPTEUR DE TERRITOIRE _ par Isabelle de Blois.<\/a><\/p>\n\n\n\n<p class=\"wp-block-paragraph\"><strong>Vernissage le 28 septembre de 17 \u00e0 19hrs <\/strong>(jeudi) \u00e0 la <strong>maison cr\u00e9ative et rurale Armand-Vaillancourt<\/strong> ( le Carrefour de L&rsquo;\u00c9rable) 1280 , av. Trudelle, Plessisville<\/p>\n\n\n\n<p class=\"wp-block-paragraph\"><strong><a href=\"https:\/\/www.regiondelerable.ca\/fr\/activites\/81\/maison-creative-et-rurale-armand-vaillancourt\">L&rsquo;exposition se poursuivra jusqu&rsquo;\u00e0&rsquo;au 7 d\u00e9cembre 2023.<\/a><\/strong><\/p>\n\n\n\n<figure class=\"wp-block-image size-large\"><a href=\"https:\/\/www.galeriebecot.com\/?p=5408\"><img loading=\"lazy\" decoding=\"async\" width=\"1024\" height=\"995\" src=\"https:\/\/www.galeriebecot.com\/wp-content\/uploads\/2023\/09\/Deblois-33-1024x995.jpg\" alt=\"\" class=\"wp-image-18002\" srcset=\"https:\/\/galeriebecot.com\/wp-content\/uploads\/2023\/09\/Deblois-33-1024x995.jpg 1024w, https:\/\/galeriebecot.com\/wp-content\/uploads\/2023\/09\/Deblois-33-300x291.jpg 300w, https:\/\/galeriebecot.com\/wp-content\/uploads\/2023\/09\/Deblois-33-768x746.jpg 768w, https:\/\/galeriebecot.com\/wp-content\/uploads\/2023\/09\/Deblois-33.jpg 1224w\" sizes=\"auto, (max-width: 1024px) 100vw, 1024px\" \/><\/a><\/figure>\n\n\n\n<figure class=\"wp-block-image size-large\"><a href=\"https:\/\/www.regiondelerable.ca\/fr\/activites\/81\/maison-creative-et-rurale-armand-vaillancourt\"><img loading=\"lazy\" decoding=\"async\" width=\"791\" height=\"1024\" src=\"https:\/\/www.galeriebecot.com\/wp-content\/uploads\/2023\/09\/Deblois1-791x1024.jpg\" alt=\"\" class=\"wp-image-18001\" srcset=\"https:\/\/galeriebecot.com\/wp-content\/uploads\/2023\/09\/Deblois1-791x1024.jpg 791w, https:\/\/galeriebecot.com\/wp-content\/uploads\/2023\/09\/Deblois1-232x300.jpg 232w, https:\/\/galeriebecot.com\/wp-content\/uploads\/2023\/09\/Deblois1-768x994.jpg 768w, https:\/\/galeriebecot.com\/wp-content\/uploads\/2023\/09\/Deblois1-1187x1536.jpg 1187w, https:\/\/galeriebecot.com\/wp-content\/uploads\/2023\/09\/Deblois1.jpg 1224w\" sizes=\"auto, (max-width: 791px) 100vw, 791px\" \/><\/a><\/figure>\n\n\n\n<figure class=\"wp-block-image size-large\"><a href=\"https:\/\/www.regiondelerable.ca\/fr\/activites\/81\/maison-creative-et-rurale-armand-vaillancourt\"><img loading=\"lazy\" decoding=\"async\" width=\"791\" height=\"1024\" src=\"https:\/\/www.galeriebecot.com\/wp-content\/uploads\/2023\/09\/Deblois2-791x1024.jpg\" alt=\"\" class=\"wp-image-18003\" srcset=\"https:\/\/galeriebecot.com\/wp-content\/uploads\/2023\/09\/Deblois2-791x1024.jpg 791w, https:\/\/galeriebecot.com\/wp-content\/uploads\/2023\/09\/Deblois2-232x300.jpg 232w, https:\/\/galeriebecot.com\/wp-content\/uploads\/2023\/09\/Deblois2-768x994.jpg 768w, https:\/\/galeriebecot.com\/wp-content\/uploads\/2023\/09\/Deblois2-1187x1536.jpg 1187w, https:\/\/galeriebecot.com\/wp-content\/uploads\/2023\/09\/Deblois2.jpg 1224w\" sizes=\"auto, (max-width: 791px) 100vw, 791px\" \/><\/a><\/figure>\n","protected":false},"excerpt":{"rendered":"<p>Vernissage le 5 octobre 2024 Parc r\u00e9gional des Grandes-Coul\u00e9es, de 14 h \u00e0 16h J&rsquo;ai le grand plaisir de vous inviter au vernissage de ma nouvelle exposition _ SCULPTEUR DE&hellip; <\/p>\n","protected":false},"author":1,"featured_media":0,"comment_status":"open","ping_status":"open","sticky":false,"template":"","format":"standard","meta":{"_exactmetrics_skip_tracking":false,"_exactmetrics_sitenote_active":false,"_exactmetrics_sitenote_note":"","_exactmetrics_sitenote_category":0,"footnotes":""},"categories":[1],"tags":[],"class_list":["post-18000","post","type-post","status-publish","format-standard","hentry","category-non-classe"],"_links":{"self":[{"href":"https:\/\/galeriebecot.com\/index.php?rest_route=\/wp\/v2\/posts\/18000","targetHints":{"allow":["GET"]}}],"collection":[{"href":"https:\/\/galeriebecot.com\/index.php?rest_route=\/wp\/v2\/posts"}],"about":[{"href":"https:\/\/galeriebecot.com\/index.php?rest_route=\/wp\/v2\/types\/post"}],"author":[{"embeddable":true,"href":"https:\/\/galeriebecot.com\/index.php?rest_route=\/wp\/v2\/users\/1"}],"replies":[{"embeddable":true,"href":"https:\/\/galeriebecot.com\/index.php?rest_route=%2Fwp%2Fv2%2Fcomments&post=18000"}],"version-history":[{"count":5,"href":"https:\/\/galeriebecot.com\/index.php?rest_route=\/wp\/v2\/posts\/18000\/revisions"}],"predecessor-version":[{"id":19524,"href":"https:\/\/galeriebecot.com\/index.php?rest_route=\/wp\/v2\/posts\/18000\/revisions\/19524"}],"wp:attachment":[{"href":"https:\/\/galeriebecot.com\/index.php?rest_route=%2Fwp%2Fv2%2Fmedia&parent=18000"}],"wp:term":[{"taxonomy":"category","embeddable":true,"href":"https:\/\/galeriebecot.com\/index.php?rest_route=%2Fwp%2Fv2%2Fcategories&post=18000"},{"taxonomy":"post_tag","embeddable":true,"href":"https:\/\/galeriebecot.com\/index.php?rest_route=%2Fwp%2Fv2%2Ftags&post=18000"}],"curies":[{"name":"wp","href":"https:\/\/api.w.org\/{rel}","templated":true}]}}