{"id":17992,"date":"2023-08-30T14:01:00","date_gmt":"2023-08-30T18:01:00","guid":{"rendered":"https:\/\/www.clubdescollectionneursenartsvisuelsdequebec.com\/?p=17992"},"modified":"2023-09-11T15:08:31","modified_gmt":"2023-09-11T19:08:31","slug":"exposition-de-francine-audet","status":"publish","type":"post","link":"https:\/\/galeriebecot.com\/?p=17992","title":{"rendered":"Exposition de Francine Audet"},"content":{"rendered":"\n<p class=\"wp-block-paragraph\">Vous \u00eates invit\u00e9s \u00e0 venir voir l\u2019exposition de fin de ma\u00eetrise en art de Francine Audet intitul\u00e9e \u00ab Fragmentation et Reliance \u00bb qui se tiendra \u00e0 <strong><a href=\"https:\/\/www.ateliersilex.org\">l\u2019Atelier Silex<\/a><\/strong> du 28 septembre au 6 octobre prochain, de 10 \u00e0 16 h. Le vernissage aura lieu dimanche le 1 er octobre \u00e0 14h. <\/p>\n\n\n\n<p class=\"wp-block-paragraph\">L\u2019artiste sera sur place le 30 septembre et le 1 er octobre.&nbsp;Francine est une artiste qui vit et travaille \u00e0 Qu\u00e9bec. Depuis quelques ann\u00e9es, elle explore le th\u00e8me de la fragmentation et de la reliance dans ses \u0153uvres picturales.&nbsp;Voici ce qu\u2019elle dit de son travail :<\/p>\n\n\n\n<p class=\"wp-block-paragraph\"><br>\u00ab <strong>Ce qui m\u2019int\u00e9resse dans la peinture, est ce qui r\u00e9side au c\u0153ur de son processus<\/strong>, c\u2019est-\u00e0-dire la possibilit\u00e9 de g\u00e9n\u00e9rer une apparition.&nbsp;Mon approche est enti\u00e8rement empirique. Je travaille par couches en utilisant les facteurs structurants que sont le geste, la couleur, la tache et la ligne.<\/p>\n\n\n\n<p class=\"wp-block-paragraph\">Au cours de ma pratique artistique, j\u2019ai r\u00e9alis\u00e9 que<strong> la rupture est souvent la source de l\u2019av\u00e8nement<\/strong> dans mes tableaux. Ainsi, en d\u00e9membrant des structures existantes, et en reliant autrement les pi\u00e8ces \u00e9chues, je cherche \u00e0 provoquer l\u2019\u00e9mergence de l&rsquo;insolite, de l\u2019inattendu dans mes \u0153uvres picturales. <\/p>\n\n\n\n<p class=\"wp-block-paragraph\"><strong>Je construis, d\u00e9construis et reconstruis des espaces<\/strong>. \u00ab Fragmentation et reliance \u00bb sont devenues pour moi une strat\u00e9gie, un processus cr\u00e9ateur. Je les con\u00e7ois comme un moyen d\u2019ouverture, \u00e0 la fois, de la pens\u00e9e, du temps et de l\u2019espace. Une mani\u00e8re de d\u00e9voiler du sens par le surgissement de totalit\u00e9s nouvelles.<\/p>\n\n\n\n<p class=\"wp-block-paragraph\">Je privil\u00e9gie la ma\u00eetrise du geste qui impose ma pr\u00e9sence physique et ma vision du monde sur la toile, tout en mettant en \u0153uvre des syst\u00e8mes r\u00e9v\u00e9lateurs de tensions, de chaos et d\u2019ordre. <strong>L\u2019acte de cr\u00e9ation m\u2019offre des possibilit\u00e9s de d\u00e9couvertes et d\u2019aventures,<\/strong> lesquelles contribuent \u00e0 la transformation de mon \u00eatre. La peinture repr\u00e9sente pour moi une qu\u00eate de soi et une manifestation de mon rapport \u00e0 ce qui m\u2019entoure \u00bb.&nbsp;<\/p>\n\n\n\n<figure class=\"wp-block-image size-large\"><a href=\"https:\/\/www.ateliersilex.org\"><img loading=\"lazy\" decoding=\"async\" width=\"1024\" height=\"447\" src=\"https:\/\/www.galeriebecot.com\/wp-content\/uploads\/2023\/09\/Silex-1-1024x447.jpg\" alt=\"\" class=\"wp-image-17993\" srcset=\"https:\/\/galeriebecot.com\/wp-content\/uploads\/2023\/09\/Silex-1-1024x447.jpg 1024w, https:\/\/galeriebecot.com\/wp-content\/uploads\/2023\/09\/Silex-1-300x131.jpg 300w, https:\/\/galeriebecot.com\/wp-content\/uploads\/2023\/09\/Silex-1-768x335.jpg 768w, https:\/\/galeriebecot.com\/wp-content\/uploads\/2023\/09\/Silex-1.jpg 1440w\" sizes=\"auto, (max-width: 1024px) 100vw, 1024px\" \/><\/a><\/figure>\n\n\n\n<p class=\"wp-block-paragraph\">Fr<strong>agmentation et reliance<\/strong>.<\/p>\n\n\n\n<p class=\"wp-block-paragraph\">Exposition par Francine <strong>Audet<\/strong>.<\/p>\n\n\n\n<p class=\"wp-block-paragraph\">du 28 septembre au 6 octobre 2023.<\/p>\n\n\n\n<p class=\"wp-block-paragraph\"><strong>Vernissage<\/strong> le dimanche 1er Octobre 2023 \u00e0 14h.<\/p>\n\n\n\n<p class=\"wp-block-paragraph\"><a href=\"https:\/\/www.ateliersilex.org\">Atelier Silex<\/a><\/p>\n\n\n\n<p class=\"wp-block-paragraph\">1095, rue du P\u00e8re Fr\u00e9d\u00e9ric. Trois-Rivi\u00e8res QC.  G9A 3S5.<\/p>\n\n\n\n<p class=\"wp-block-paragraph\">Ouvert tous les jours, de 10h \u00e0 16h.<\/p>\n","protected":false},"excerpt":{"rendered":"<p>Vous \u00eates invit\u00e9s \u00e0 venir voir l\u2019exposition de fin de ma\u00eetrise en art de Francine Audet intitul\u00e9e \u00ab Fragmentation et Reliance \u00bb qui se tiendra \u00e0 l\u2019Atelier Silex du 28&hellip; <\/p>\n","protected":false},"author":1,"featured_media":0,"comment_status":"open","ping_status":"open","sticky":false,"template":"","format":"standard","meta":{"_exactmetrics_skip_tracking":false,"_exactmetrics_sitenote_active":false,"_exactmetrics_sitenote_note":"","_exactmetrics_sitenote_category":0,"footnotes":""},"categories":[27,18,19],"tags":[34,43,4543,67,35,1660,58,37,40],"class_list":["post-17992","post","type-post","status-publish","format-standard","hentry","category-artistes","category-evenement","category-vernissage","tag-andre-becot","tag-arts-visuels","tag-atelier-silex","tag-club-des-collectionneurs-en-arts-visuels-de-quebec-marc-bellemare","tag-foire-en-arts-actuel","tag-francine-audet","tag-marc-bellemare-collectionneur","tag-studio-becot","tag-visuals-arts"],"_links":{"self":[{"href":"https:\/\/galeriebecot.com\/index.php?rest_route=\/wp\/v2\/posts\/17992","targetHints":{"allow":["GET"]}}],"collection":[{"href":"https:\/\/galeriebecot.com\/index.php?rest_route=\/wp\/v2\/posts"}],"about":[{"href":"https:\/\/galeriebecot.com\/index.php?rest_route=\/wp\/v2\/types\/post"}],"author":[{"embeddable":true,"href":"https:\/\/galeriebecot.com\/index.php?rest_route=\/wp\/v2\/users\/1"}],"replies":[{"embeddable":true,"href":"https:\/\/galeriebecot.com\/index.php?rest_route=%2Fwp%2Fv2%2Fcomments&post=17992"}],"version-history":[{"count":6,"href":"https:\/\/galeriebecot.com\/index.php?rest_route=\/wp\/v2\/posts\/17992\/revisions"}],"predecessor-version":[{"id":18054,"href":"https:\/\/galeriebecot.com\/index.php?rest_route=\/wp\/v2\/posts\/17992\/revisions\/18054"}],"wp:attachment":[{"href":"https:\/\/galeriebecot.com\/index.php?rest_route=%2Fwp%2Fv2%2Fmedia&parent=17992"}],"wp:term":[{"taxonomy":"category","embeddable":true,"href":"https:\/\/galeriebecot.com\/index.php?rest_route=%2Fwp%2Fv2%2Fcategories&post=17992"},{"taxonomy":"post_tag","embeddable":true,"href":"https:\/\/galeriebecot.com\/index.php?rest_route=%2Fwp%2Fv2%2Ftags&post=17992"}],"curies":[{"name":"wp","href":"https:\/\/api.w.org\/{rel}","templated":true}]}}