{"id":17879,"date":"2023-09-24T11:27:00","date_gmt":"2023-09-24T15:27:00","guid":{"rendered":"https:\/\/www.clubdescollectionneursenartsvisuelsdequebec.com\/?p=17879"},"modified":"2023-09-26T20:34:16","modified_gmt":"2023-09-27T00:34:16","slug":"club","status":"publish","type":"post","link":"https:\/\/galeriebecot.com\/?p=17879","title":{"rendered":"Lancement du film-Comme au cin\u00e9ma-"},"content":{"rendered":"\n<figure class=\"wp-block-image size-large is-resized\"><a href=\"https:\/\/www.galeriebecot.com\/wp-content\/uploads\/2023\/09\/Club1.jpg\"><img loading=\"lazy\" decoding=\"async\" src=\"https:\/\/www.galeriebecot.com\/wp-content\/uploads\/2023\/09\/Club1-1024x952.jpg\" alt=\"\" class=\"wp-image-18035\" width=\"840\" height=\"780\" srcset=\"https:\/\/galeriebecot.com\/wp-content\/uploads\/2023\/09\/Club1-1024x952.jpg 1024w, https:\/\/galeriebecot.com\/wp-content\/uploads\/2023\/09\/Club1-300x279.jpg 300w, https:\/\/galeriebecot.com\/wp-content\/uploads\/2023\/09\/Club1-768x714.jpg 768w, https:\/\/galeriebecot.com\/wp-content\/uploads\/2023\/09\/Club1.jpg 1224w\" sizes=\"auto, (max-width: 840px) 100vw, 840px\" \/><\/a><\/figure>\n\n\n\n<p class=\"wp-block-paragraph\"><a href=\"https:\/\/michelparent.com\/club\/\">Inscription au Club . Bienvenue \u00e0 tous !<\/a><\/p>\n\n\n\n<figure class=\"wp-block-image size-full is-resized\"><a href=\"https:\/\/michelparent.com\/club\/\"><img loading=\"lazy\" decoding=\"async\" src=\"https:\/\/www.galeriebecot.com\/wp-content\/uploads\/2023\/09\/Club-inscription.jpg\" alt=\"\" class=\"wp-image-18063\" width=\"510\" height=\"104\" srcset=\"https:\/\/galeriebecot.com\/wp-content\/uploads\/2023\/09\/Club-inscription.jpg 713w, https:\/\/galeriebecot.com\/wp-content\/uploads\/2023\/09\/Club-inscription-300x61.jpg 300w\" sizes=\"auto, (max-width: 510px) 100vw, 510px\" \/><\/a><\/figure>\n\n\n\n<figure class=\"wp-block-image size-large is-resized\"><a href=\"https:\/\/www.galeriebecot.com\/wp-content\/uploads\/2023\/09\/Comme-au-cinema-lancement1.jpg\"><img loading=\"lazy\" decoding=\"async\" src=\"https:\/\/www.galeriebecot.com\/wp-content\/uploads\/2023\/09\/Comme-au-cinema-lancement1-1024x777.jpg\" alt=\"\" class=\"wp-image-18149\" width=\"839\" height=\"636\" srcset=\"https:\/\/galeriebecot.com\/wp-content\/uploads\/2023\/09\/Comme-au-cinema-lancement1-1024x777.jpg 1024w, https:\/\/galeriebecot.com\/wp-content\/uploads\/2023\/09\/Comme-au-cinema-lancement1-300x228.jpg 300w, https:\/\/galeriebecot.com\/wp-content\/uploads\/2023\/09\/Comme-au-cinema-lancement1-768x582.jpg 768w, https:\/\/galeriebecot.com\/wp-content\/uploads\/2023\/09\/Comme-au-cinema-lancement1.jpg 1440w\" sizes=\"auto, (max-width: 839px) 100vw, 839px\" \/><\/a><figcaption>Lancement le lundi 25 septembre 2023<\/figcaption><\/figure>\n\n\n\n<p class=\"wp-block-paragraph\">Merci aux participants du Club des collectionneurs en arts visuels de Qu\u00e9bec pour leur participation au lancement de \u00ab Comme au cin\u00e9ma \u00ab , ainsi qu\u2019\u00e0 Marc Bellemare, Michel Parent, et Andr\u00e9 Becot pour leur soutien. On n\u2019a un Club formidable et on en prend soin. <em>R\u00e9jeanne <strong>Lamothe<\/strong><\/em>.<\/p>\n\n\n\n<figure class=\"wp-block-image size-large is-resized\"><a href=\"https:\/\/www.galeriebecot.com\/wp-content\/uploads\/2023\/09\/Periode-questions-1.jpg\"><img loading=\"lazy\" decoding=\"async\" src=\"https:\/\/www.galeriebecot.com\/wp-content\/uploads\/2023\/09\/Periode-questions-1-1024x471.jpg\" alt=\"\" class=\"wp-image-18152\" width=\"839\" height=\"386\" srcset=\"https:\/\/galeriebecot.com\/wp-content\/uploads\/2023\/09\/Periode-questions-1-1024x471.jpg 1024w, https:\/\/galeriebecot.com\/wp-content\/uploads\/2023\/09\/Periode-questions-1-300x138.jpg 300w, https:\/\/galeriebecot.com\/wp-content\/uploads\/2023\/09\/Periode-questions-1-768x353.jpg 768w, https:\/\/galeriebecot.com\/wp-content\/uploads\/2023\/09\/Periode-questions-1.jpg 1440w\" sizes=\"auto, (max-width: 839px) 100vw, 839px\" \/><\/a><\/figure>\n\n\n\n<p class=\"wp-block-paragraph\">Marc Bellemare, R\u00e9jeanne Lamothe; Don Darby, Bill Vincent, Claude de Lorimier, Florence Le Blanc.<\/p>\n\n\n\n<figure class=\"wp-block-image size-large is-resized\"><a href=\"https:\/\/www.galeriebecot.com\/wp-content\/uploads\/2023\/09\/Periode-questions-2.jpg\"><img loading=\"lazy\" decoding=\"async\" src=\"https:\/\/www.galeriebecot.com\/wp-content\/uploads\/2023\/09\/Periode-questions-2-1024x661.jpg\" alt=\"\" class=\"wp-image-18155\" width=\"839\" height=\"541\" srcset=\"https:\/\/galeriebecot.com\/wp-content\/uploads\/2023\/09\/Periode-questions-2-1024x661.jpg 1024w, https:\/\/galeriebecot.com\/wp-content\/uploads\/2023\/09\/Periode-questions-2-300x194.jpg 300w, https:\/\/galeriebecot.com\/wp-content\/uploads\/2023\/09\/Periode-questions-2-768x495.jpg 768w, https:\/\/galeriebecot.com\/wp-content\/uploads\/2023\/09\/Periode-questions-2.jpg 1440w\" sizes=\"auto, (max-width: 839px) 100vw, 839px\" \/><\/a><figcaption><em>Cr\u00e9dit Photo: Serge philippe <strong>Tremblay<\/strong><\/em><\/figcaption><\/figure>\n\n\n\n<figure class=\"wp-block-video\"><video height=\"540\" style=\"aspect-ratio: 960 \/ 540;\" width=\"960\" controls src=\"https:\/\/www.galeriebecot.com\/wp-content\/uploads\/2023\/09\/Bande-annonce.A-Grand-540p.mov\"><\/video><\/figure>\n\n\n\n<p class=\"wp-block-paragraph\">Le club est honor\u00e9 d&rsquo;inviter le vaste public au lancement du film d&rsquo;art et d&rsquo;essai COMME AU CIN\u00c9MA. Bienvenue \u00e0 tous !<\/p>\n\n\n\n<figure class=\"wp-block-image size-large\"><a href=\"https:\/\/youtu.be\/UJfKmdWB0mU?si=u3-pQDtbz-MrzFkK\"><img loading=\"lazy\" decoding=\"async\" width=\"791\" height=\"1024\" src=\"https:\/\/www.galeriebecot.com\/wp-content\/uploads\/2023\/09\/Club22-791x1024.jpg\" alt=\"\" class=\"wp-image-18041\" srcset=\"https:\/\/galeriebecot.com\/wp-content\/uploads\/2023\/09\/Club22-791x1024.jpg 791w, https:\/\/galeriebecot.com\/wp-content\/uploads\/2023\/09\/Club22-232x300.jpg 232w, https:\/\/galeriebecot.com\/wp-content\/uploads\/2023\/09\/Club22-768x994.jpg 768w, https:\/\/galeriebecot.com\/wp-content\/uploads\/2023\/09\/Club22-1187x1536.jpg 1187w, https:\/\/galeriebecot.com\/wp-content\/uploads\/2023\/09\/Club22.jpg 1224w\" sizes=\"auto, (max-width: 791px) 100vw, 791px\" \/><\/a><\/figure>\n\n\n\n<figure class=\"wp-block-image size-large\"><a href=\"https:\/\/www.galeriebecot.com\/wp-content\/uploads\/2023\/09\/Club3.jpg\"><img loading=\"lazy\" decoding=\"async\" width=\"1024\" height=\"310\" src=\"https:\/\/www.galeriebecot.com\/wp-content\/uploads\/2023\/09\/Club3-1024x310.jpg\" alt=\"\" class=\"wp-image-18037\" srcset=\"https:\/\/galeriebecot.com\/wp-content\/uploads\/2023\/09\/Club3-1024x310.jpg 1024w, https:\/\/galeriebecot.com\/wp-content\/uploads\/2023\/09\/Club3-300x91.jpg 300w, https:\/\/galeriebecot.com\/wp-content\/uploads\/2023\/09\/Club3-768x232.jpg 768w, https:\/\/galeriebecot.com\/wp-content\/uploads\/2023\/09\/Club3.jpg 1224w\" sizes=\"auto, (max-width: 1024px) 100vw, 1024px\" \/><\/a><\/figure>\n\n\n\n<figure class=\"wp-block-image size-large\"><a href=\"https:\/\/www.galeriebecot.com\/wp-content\/uploads\/2023\/09\/Lancement1.jpg\"><img loading=\"lazy\" decoding=\"async\" width=\"777\" height=\"1024\" src=\"https:\/\/www.galeriebecot.com\/wp-content\/uploads\/2023\/09\/Lancement1-777x1024.jpg\" alt=\"\" class=\"wp-image-17883\" srcset=\"https:\/\/galeriebecot.com\/wp-content\/uploads\/2023\/09\/Lancement1-777x1024.jpg 777w, https:\/\/galeriebecot.com\/wp-content\/uploads\/2023\/09\/Lancement1-228x300.jpg 228w, https:\/\/galeriebecot.com\/wp-content\/uploads\/2023\/09\/Lancement1-768x1012.jpg 768w, https:\/\/galeriebecot.com\/wp-content\/uploads\/2023\/09\/Lancement1-1166x1536.jpg 1166w, https:\/\/galeriebecot.com\/wp-content\/uploads\/2023\/09\/Lancement1.jpg 1202w\" sizes=\"auto, (max-width: 777px) 100vw, 777px\" \/><\/a><\/figure>\n","protected":false},"excerpt":{"rendered":"<p>Inscription au Club . Bienvenue \u00e0 tous ! Merci aux participants du Club des collectionneurs en arts visuels de Qu\u00e9bec pour leur participation au lancement de \u00ab Comme au cin\u00e9ma&hellip; <\/p>\n","protected":false},"author":1,"featured_media":0,"comment_status":"open","ping_status":"open","sticky":false,"template":"","format":"standard","meta":{"_exactmetrics_skip_tracking":false,"_exactmetrics_sitenote_active":false,"_exactmetrics_sitenote_note":"","_exactmetrics_sitenote_category":0,"footnotes":""},"categories":[20,27],"tags":[34,316,1289,6,67,66,275,3242,2848,4520,58,1402,37],"class_list":["post-17879","post","type-post","status-publish","format-standard","hentry","category-article-descriptif","category-artistes","tag-andre-becot","tag-bill-vincent","tag-claude-de-lorimier","tag-club-des-collectionneurs-en-arts-visuels-de-quebec","tag-club-des-collectionneurs-en-arts-visuels-de-quebec-marc-bellemare","tag-club-des-collectionneurs-en-arts-visuels-de-quebec-studio-becot","tag-don-darby","tag-florence-le-blanc","tag-francine-saillant","tag-lenap","tag-marc-bellemare-collectionneur","tag-rejeanne-lamothe-realisatrice","tag-studio-becot"],"_links":{"self":[{"href":"https:\/\/galeriebecot.com\/index.php?rest_route=\/wp\/v2\/posts\/17879","targetHints":{"allow":["GET"]}}],"collection":[{"href":"https:\/\/galeriebecot.com\/index.php?rest_route=\/wp\/v2\/posts"}],"about":[{"href":"https:\/\/galeriebecot.com\/index.php?rest_route=\/wp\/v2\/types\/post"}],"author":[{"embeddable":true,"href":"https:\/\/galeriebecot.com\/index.php?rest_route=\/wp\/v2\/users\/1"}],"replies":[{"embeddable":true,"href":"https:\/\/galeriebecot.com\/index.php?rest_route=%2Fwp%2Fv2%2Fcomments&post=17879"}],"version-history":[{"count":26,"href":"https:\/\/galeriebecot.com\/index.php?rest_route=\/wp\/v2\/posts\/17879\/revisions"}],"predecessor-version":[{"id":18160,"href":"https:\/\/galeriebecot.com\/index.php?rest_route=\/wp\/v2\/posts\/17879\/revisions\/18160"}],"wp:attachment":[{"href":"https:\/\/galeriebecot.com\/index.php?rest_route=%2Fwp%2Fv2%2Fmedia&parent=17879"}],"wp:term":[{"taxonomy":"category","embeddable":true,"href":"https:\/\/galeriebecot.com\/index.php?rest_route=%2Fwp%2Fv2%2Fcategories&post=17879"},{"taxonomy":"post_tag","embeddable":true,"href":"https:\/\/galeriebecot.com\/index.php?rest_route=%2Fwp%2Fv2%2Ftags&post=17879"}],"curies":[{"name":"wp","href":"https:\/\/api.w.org\/{rel}","templated":true}]}}