{"id":17851,"date":"2025-02-27T08:24:00","date_gmt":"2025-02-27T13:24:00","guid":{"rendered":"https:\/\/www.clubdescollectionneursenartsvisuelsdequebec.com\/?p=17851"},"modified":"2026-07-27T19:53:13","modified_gmt":"2026-07-27T23:53:13","slug":"galerie-espace-temps-du-noir-au-blanc-helga-schlitter-au-consulat-general-du-mexique","status":"publish","type":"post","link":"https:\/\/galeriebecot.com\/?p=17851","title":{"rendered":"Helga Schlitter, en exposition \u00e0 la galerie Criterium, du 6 au 30 Ao\u00fbt 2026"},"content":{"rendered":"\n<p class=\"wp-block-paragraph\">Invitation de Helga Shlitter<\/p>\n\n\n\n<p class=\"wp-block-paragraph\">Bonjour \u00e0 toutes et \u00e0 tous !<\/p>\n\n\n\n<p class=\"wp-block-paragraph\">J&rsquo;ai le plaisir de vous inviter \u00e0 mon exposition qui se tiendra du 6 au 30 ao\u00fbt \u00e0 la Galerie Crit\u00e9rium 367 rue Du Pont, Qu\u00e9bec.<\/p>\n\n\n\n<p class=\"wp-block-paragraph\">Le vernissage aura lieu Jeudi le 6 ao\u00fbt 2026 \u00e0 17 h, et je serais tr\u00e8s heureuse de vous y accueillir afin de partager avec vous ce moment de rencontre et d&rsquo;\u00e9change.<\/p>\n\n\n\n<p class=\"wp-block-paragraph\">Au plaisir de vous y voir. Bienvenue \u00e0 toutes et \u00e0 tous !<\/p>\n\n\n\n<p class=\"wp-block-paragraph\">Helga Schlitter<\/p>\n\n\n\n<p class=\"wp-block-paragraph\">Retour sur l&rsquo;exposition du 2 mars 2025<\/p>\n\n\n\n<figure class=\"wp-block-embed is-type-wp-embed is-provider-atelier-galerie-andr-b-cot wp-block-embed-atelier-galerie-andr-b-cot\"><div class=\"wp-block-embed__wrapper\">\n<blockquote class=\"wp-embedded-content\" data-secret=\"XXkgby32gL\"><a href=\"https:\/\/galeriebecot.com\/?p=17851\">Helga Schlitter, en exposition \u00e0 la galerie Criterium, du 6 au 30 Ao\u00fbt 2026<\/a><\/blockquote><iframe loading=\"lazy\" class=\"wp-embedded-content\" sandbox=\"allow-scripts\" security=\"restricted\" style=\"position: absolute; visibility: hidden;\" title=\"\u00ab\u00a0Helga Schlitter, en exposition \u00e0 la galerie Criterium, du 6 au 30 Ao\u00fbt 2026\u00a0\u00bb &#8212; Atelier Galerie Andr\u00e9 B\u00e9cot\" src=\"https:\/\/galeriebecot.com\/?p=17851&#038;embed=true#?secret=Z2kfaajUkM#?secret=XXkgby32gL\" data-secret=\"XXkgby32gL\" width=\"600\" height=\"338\" frameborder=\"0\" marginwidth=\"0\" marginheight=\"0\" scrolling=\"no\"><\/iframe>\n<\/div><\/figure>\n\n\n\n<p class=\"wp-block-paragraph\">Helga Schlitter est une artiste de Qu\u00e9bec d\u2019origine mexicaine. Son travail est ax\u00e9 depuis de nombreuses ann\u00e9es sur une imagerie li\u00e9e \u00e0 ses origines. Dans l\u2019\u0153uvre expos\u00e9e sur<\/p>\n\n\n\n<p class=\"wp-block-paragraph\">ces murs, elle s\u2019inspire de l\u2019iconographie azt\u00e8que,<\/p>\n\n\n\n<p class=\"wp-block-paragraph\">en s\u2019arr\u00eatant plus particuli\u00e8rement aux motifs du calendrier azt\u00e8que.<\/p>\n\n\n\n<p class=\"wp-block-paragraph\">Dans ce calendrier on voit un cercle qui repr\u00e9sente les jours. Il y a 20 jours par mois et 18 mois dans l\u2019ann\u00e9e, ce qui donne en tout 360 jours.<\/p>\n\n\n\n<p class=\"wp-block-paragraph\">Schlitter les identifie par des signes repr\u00e9sentatifs et sp\u00e9cifiques. On retrouve ces signes sous forme de reliefs compos\u00e9s de petites pi\u00e8ces de verre de couleur et de miroirs qui font un cercle en une sorte de danse toute organique.<\/p>\n\n\n\n<figure class=\"wp-block-embed\"><div class=\"wp-block-embed__wrapper\">\nhttps:\/\/www.mnbaq.org\/artistes\/schlitter-helga\n<\/div><\/figure>\n\n\n\n<p class=\"wp-block-paragraph\">Ce Dimanche 2 mars 2025 , magnifique rencontre avec l&rsquo;artiste Helga <strong>Schlitter<\/strong> \u00e0 la Galerie Crit\u00e9rium.<\/p>\n\n\n\n<figure class=\"wp-block-image size-large is-resized\"><a href=\"https:\/\/www.galeriebecot.com\/wp-content\/uploads\/2025\/03\/Hega-Ok.jpg\"><img loading=\"lazy\" decoding=\"async\" width=\"1024\" height=\"660\" src=\"https:\/\/www.galeriebecot.com\/wp-content\/uploads\/2025\/03\/Hega-Ok-1024x660.jpg\" alt=\"\" class=\"wp-image-20279\" style=\"width:585px;height:376px\" srcset=\"https:\/\/galeriebecot.com\/wp-content\/uploads\/2025\/03\/Hega-Ok-1024x660.jpg 1024w, https:\/\/galeriebecot.com\/wp-content\/uploads\/2025\/03\/Hega-Ok-300x193.jpg 300w, https:\/\/galeriebecot.com\/wp-content\/uploads\/2025\/03\/Hega-Ok-768x495.jpg 768w, https:\/\/galeriebecot.com\/wp-content\/uploads\/2025\/03\/Hega-Ok-1536x989.jpg 1536w, https:\/\/galeriebecot.com\/wp-content\/uploads\/2025\/03\/Hega-Ok-2048x1319.jpg 2048w\" sizes=\"auto, (max-width: 1024px) 100vw, 1024px\" \/><\/a><\/figure>\n\n\n\n<p class=\"wp-block-paragraph\">Rencontre dans le cadre du Club des Collectionneurs en Arts Visuels de Qu\u00e9bec.<\/p>\n\n\n\n<p class=\"wp-block-paragraph\"><a href=\"https:\/\/www.facebook.com\/CentreLouiseCarrier\/videos\/934623817482098\">https:\/\/www.facebook.com\/CentreLouiseCarrier\/videos\/934623817482098<\/a><\/p>\n\n\n\n<figure class=\"wp-block-image size-large is-resized\"><a href=\"https:\/\/www.galeriebecot.com\/wp-content\/uploads\/2025\/03\/Schlitter-1.jpg\"><img loading=\"lazy\" decoding=\"async\" width=\"951\" height=\"1024\" src=\"https:\/\/www.galeriebecot.com\/wp-content\/uploads\/2025\/03\/Schlitter-1-951x1024.jpg\" alt=\"\" class=\"wp-image-20281\" style=\"width:591px;height:635px\" srcset=\"https:\/\/galeriebecot.com\/wp-content\/uploads\/2025\/03\/Schlitter-1-951x1024.jpg 951w, https:\/\/galeriebecot.com\/wp-content\/uploads\/2025\/03\/Schlitter-1-279x300.jpg 279w, https:\/\/galeriebecot.com\/wp-content\/uploads\/2025\/03\/Schlitter-1-768x827.jpg 768w, https:\/\/galeriebecot.com\/wp-content\/uploads\/2025\/03\/Schlitter-1.jpg 1143w\" sizes=\"auto, (max-width: 951px) 100vw, 951px\" \/><\/a><\/figure>\n\n\n\n<figure class=\"wp-block-image size-large is-resized\"><a href=\"https:\/\/www.galeriebecot.com\/wp-content\/uploads\/2025\/03\/Helga-2.jpg\"><img loading=\"lazy\" decoding=\"async\" width=\"825\" height=\"1024\" src=\"https:\/\/www.galeriebecot.com\/wp-content\/uploads\/2025\/03\/Helga-2-825x1024.jpg\" alt=\"\" class=\"wp-image-20285\" style=\"width:584px;height:724px\" srcset=\"https:\/\/galeriebecot.com\/wp-content\/uploads\/2025\/03\/Helga-2-825x1024.jpg 825w, https:\/\/galeriebecot.com\/wp-content\/uploads\/2025\/03\/Helga-2-242x300.jpg 242w, https:\/\/galeriebecot.com\/wp-content\/uploads\/2025\/03\/Helga-2-768x953.jpg 768w, https:\/\/galeriebecot.com\/wp-content\/uploads\/2025\/03\/Helga-2.jpg 1163w\" sizes=\"auto, (max-width: 825px) 100vw, 825px\" \/><\/a><\/figure>\n\n\n\n<figure class=\"wp-block-image size-large is-resized\"><a href=\"https:\/\/www.helgaschlitter.com\"><img loading=\"lazy\" decoding=\"async\" width=\"1024\" height=\"577\" src=\"https:\/\/www.galeriebecot.com\/wp-content\/uploads\/2025\/03\/Hrelga-Lien-1024x577.jpg\" alt=\"\" class=\"wp-image-20288\" style=\"width:589px;height:332px\" srcset=\"https:\/\/galeriebecot.com\/wp-content\/uploads\/2025\/03\/Hrelga-Lien-1024x577.jpg 1024w, https:\/\/galeriebecot.com\/wp-content\/uploads\/2025\/03\/Hrelga-Lien-300x169.jpg 300w, https:\/\/galeriebecot.com\/wp-content\/uploads\/2025\/03\/Hrelga-Lien-768x432.jpg 768w, https:\/\/galeriebecot.com\/wp-content\/uploads\/2025\/03\/Hrelga-Lien-1536x865.jpg 1536w, https:\/\/galeriebecot.com\/wp-content\/uploads\/2025\/03\/Hrelga-Lien.jpg 1991w\" sizes=\"auto, (max-width: 1024px) 100vw, 1024px\" \/><\/a><\/figure>\n\n\n\n<figure class=\"wp-block-image size-large\"><a href=\"https:\/\/www.galeriebecot.com\/wp-content\/uploads\/2025\/02\/Club-Schlitter-couvert.jpg\"><img loading=\"lazy\" decoding=\"async\" width=\"1024\" height=\"868\" src=\"https:\/\/www.galeriebecot.com\/wp-content\/uploads\/2025\/02\/Club-Schlitter-couvert-1024x868.jpg\" alt=\"\" class=\"wp-image-20194\" srcset=\"https:\/\/galeriebecot.com\/wp-content\/uploads\/2025\/02\/Club-Schlitter-couvert-1024x868.jpg 1024w, https:\/\/galeriebecot.com\/wp-content\/uploads\/2025\/02\/Club-Schlitter-couvert-300x254.jpg 300w, https:\/\/galeriebecot.com\/wp-content\/uploads\/2025\/02\/Club-Schlitter-couvert-768x651.jpg 768w, https:\/\/galeriebecot.com\/wp-content\/uploads\/2025\/02\/Club-Schlitter-couvert.jpg 1224w\" sizes=\"auto, (max-width: 1024px) 100vw, 1024px\" \/><\/a><\/figure>\n\n\n\n<figure class=\"wp-block-image size-large\"><a href=\"http:\/\/www.criteriumdesign.com\"><img loading=\"lazy\" decoding=\"async\" width=\"1024\" height=\"397\" src=\"https:\/\/www.galeriebecot.com\/wp-content\/uploads\/2025\/02\/Club-Schlitter-page-11-1024x397.jpg\" alt=\"\" class=\"wp-image-20197\" srcset=\"https:\/\/galeriebecot.com\/wp-content\/uploads\/2025\/02\/Club-Schlitter-page-11-1024x397.jpg 1024w, https:\/\/galeriebecot.com\/wp-content\/uploads\/2025\/02\/Club-Schlitter-page-11-300x116.jpg 300w, https:\/\/galeriebecot.com\/wp-content\/uploads\/2025\/02\/Club-Schlitter-page-11-768x298.jpg 768w, https:\/\/galeriebecot.com\/wp-content\/uploads\/2025\/02\/Club-Schlitter-page-11.jpg 1224w\" sizes=\"auto, (max-width: 1024px) 100vw, 1024px\" \/><\/a><\/figure>\n\n\n\n<figure class=\"wp-block-image size-large\"><a href=\"https:\/\/www.galeriebecot.com\/wp-content\/uploads\/2025\/02\/Club-Schlitter-texte.jpg\"><img loading=\"lazy\" decoding=\"async\" width=\"1024\" height=\"694\" src=\"https:\/\/www.galeriebecot.com\/wp-content\/uploads\/2025\/02\/Club-Schlitter-texte-1024x694.jpg\" alt=\"\" class=\"wp-image-20198\" srcset=\"https:\/\/galeriebecot.com\/wp-content\/uploads\/2025\/02\/Club-Schlitter-texte-1024x694.jpg 1024w, https:\/\/galeriebecot.com\/wp-content\/uploads\/2025\/02\/Club-Schlitter-texte-300x203.jpg 300w, https:\/\/galeriebecot.com\/wp-content\/uploads\/2025\/02\/Club-Schlitter-texte-768x521.jpg 768w, https:\/\/galeriebecot.com\/wp-content\/uploads\/2025\/02\/Club-Schlitter-texte.jpg 1224w\" sizes=\"auto, (max-width: 1024px) 100vw, 1024px\" \/><\/a><\/figure>\n\n\n\n<figure class=\"wp-block-image size-large is-resized\"><a href=\"https:\/\/www.galeriebecot.com\/wp-content\/uploads\/2025\/02\/Tradition1-1.jpg\"><img loading=\"lazy\" decoding=\"async\" width=\"1024\" height=\"264\" src=\"https:\/\/www.galeriebecot.com\/wp-content\/uploads\/2025\/02\/Tradition1-1-1024x264.jpg\" alt=\"\" class=\"wp-image-20200\" style=\"width:668px;height:172px\" srcset=\"https:\/\/galeriebecot.com\/wp-content\/uploads\/2025\/02\/Tradition1-1-1024x264.jpg 1024w, https:\/\/galeriebecot.com\/wp-content\/uploads\/2025\/02\/Tradition1-1-300x77.jpg 300w, https:\/\/galeriebecot.com\/wp-content\/uploads\/2025\/02\/Tradition1-1-768x198.jpg 768w, https:\/\/galeriebecot.com\/wp-content\/uploads\/2025\/02\/Tradition1-1.jpg 1224w\" sizes=\"auto, (max-width: 1024px) 100vw, 1024px\" \/><\/a><\/figure>\n\n\n\n<figure class=\"wp-block-image size-full is-resized\"><a href=\"https:\/\/michelparent.com\/club\/\"><img loading=\"lazy\" decoding=\"async\" width=\"782\" height=\"116\" src=\"https:\/\/www.galeriebecot.com\/wp-content\/uploads\/2025\/02\/Tradition-courriel-Parent1.jpg\" alt=\"\" class=\"wp-image-20202\" style=\"width:659px;height:98px\" srcset=\"https:\/\/galeriebecot.com\/wp-content\/uploads\/2025\/02\/Tradition-courriel-Parent1.jpg 782w, https:\/\/galeriebecot.com\/wp-content\/uploads\/2025\/02\/Tradition-courriel-Parent1-300x45.jpg 300w, https:\/\/galeriebecot.com\/wp-content\/uploads\/2025\/02\/Tradition-courriel-Parent1-768x114.jpg 768w\" sizes=\"auto, (max-width: 782px) 100vw, 782px\" \/><\/a><\/figure>\n\n\n\n<figure class=\"wp-block-image size-full is-resized\"><a href=\"https:\/\/www.facebook.com\/ClubCAVQ\/\"><img loading=\"lazy\" decoding=\"async\" width=\"915\" height=\"92\" src=\"https:\/\/www.galeriebecot.com\/wp-content\/uploads\/2025\/02\/Tradition-FB2.jpg\" alt=\"\" class=\"wp-image-20203\" style=\"width:668px;height:67px\" srcset=\"https:\/\/galeriebecot.com\/wp-content\/uploads\/2025\/02\/Tradition-FB2.jpg 915w, https:\/\/galeriebecot.com\/wp-content\/uploads\/2025\/02\/Tradition-FB2-300x30.jpg 300w, https:\/\/galeriebecot.com\/wp-content\/uploads\/2025\/02\/Tradition-FB2-768x77.jpg 768w\" sizes=\"auto, (max-width: 915px) 100vw, 915px\" \/><\/a><\/figure>\n\n\n\n<p class=\"wp-block-paragraph\"><strong>Rencontre<\/strong> avec le <strong>Club<\/strong> des <strong>Collectionneurs Arts Visuels<\/strong> de Qu\u00e9bec !<\/p>\n\n\n\n<p class=\"wp-block-paragraph\"><strong>Le dimanche 2 mars \u00e0 14h<\/strong>. _ Bienvenue \u00e0 tous !<\/p>\n\n\n\n<p class=\"wp-block-paragraph\"><strong>Le vernissage avait lieu le 7 f\u00e9vrier \u00e0 17h.<\/strong><\/p>\n\n\n\n<p class=\"wp-block-paragraph\">au 367 rue Du Pont \u00e0 Qu\u00e9bec.<\/p>\n\n\n\n<p class=\"wp-block-paragraph\">Du 7 f\u00e9vrier au 3 mars 2025.<\/p>\n\n\n\n<p class=\"wp-block-paragraph\">Bienvenue \u00e0 tous !<\/p>\n\n\n\n<figure class=\"wp-block-image size-large\"><a href=\"https:\/\/www.galeriebecot.com\/wp-content\/uploads\/2025\/01\/Hrelga-Web.jpg\"><img loading=\"lazy\" decoding=\"async\" width=\"1024\" height=\"844\" src=\"https:\/\/www.galeriebecot.com\/wp-content\/uploads\/2025\/01\/Hrelga-Web-1024x844.jpg\" alt=\"\" class=\"wp-image-20047\" srcset=\"https:\/\/galeriebecot.com\/wp-content\/uploads\/2025\/01\/Hrelga-Web-1024x844.jpg 1024w, https:\/\/galeriebecot.com\/wp-content\/uploads\/2025\/01\/Hrelga-Web-300x247.jpg 300w, https:\/\/galeriebecot.com\/wp-content\/uploads\/2025\/01\/Hrelga-Web-768x633.jpg 768w, https:\/\/galeriebecot.com\/wp-content\/uploads\/2025\/01\/Hrelga-Web.jpg 1393w\" sizes=\"auto, (max-width: 1024px) 100vw, 1024px\" \/><\/a><\/figure>\n\n\n\n<figure class=\"wp-block-image size-large\"><a href=\"https:\/\/espacetempsculturel.ca\"><img loading=\"lazy\" decoding=\"async\" width=\"641\" height=\"1024\" src=\"https:\/\/www.galeriebecot.com\/wp-content\/uploads\/2023\/08\/Espace-temps-641x1024.jpg\" alt=\"\" class=\"wp-image-17852\" srcset=\"https:\/\/galeriebecot.com\/wp-content\/uploads\/2023\/08\/Espace-temps-641x1024.jpg 641w, https:\/\/galeriebecot.com\/wp-content\/uploads\/2023\/08\/Espace-temps-188x300.jpg 188w, https:\/\/galeriebecot.com\/wp-content\/uploads\/2023\/08\/Espace-temps-768x1227.jpg 768w, https:\/\/galeriebecot.com\/wp-content\/uploads\/2023\/08\/Espace-temps-962x1536.jpg 962w, https:\/\/galeriebecot.com\/wp-content\/uploads\/2023\/08\/Espace-temps-1282x2048.jpg 1282w, https:\/\/galeriebecot.com\/wp-content\/uploads\/2023\/08\/Espace-temps-scaled.jpg 1603w\" sizes=\"auto, (max-width: 641px) 100vw, 641px\" \/><\/a><\/figure>\n\n\n\n<p class=\"wp-block-paragraph\">\u00c0 ne pas manquer: <a href=\"https:\/\/journaldelevis.com\/1068\/Art.html?id=116889&amp;fbclid=IwAR1SVwaI4x363QjiR-_mdoO__6DdXL0l2Xx_Y_6w2nugEi0cV8Lom3-RoSM\">Galerie Espace-Temps<\/a> et Helga Schlitter _Consulat g\u00e9n\u00e9ral du Mexique.<\/p>\n\n\n\n<p class=\"wp-block-paragraph\">Exposition collective_ Du noir au blanc_ du 8 septembre au 17 novembre 2023.<\/p>\n\n\n\n<p class=\"wp-block-paragraph\">284, rue Saint-Joseph, L\u00e9vis. ( jeudi au dimanche de 13h \u00e0 17h )<\/p>\n\n\n\n<p class=\"wp-block-paragraph\">Diane BOUVIER, Jeanne de CHANTAL C\u00d4T\u00c9, Louise DAIGLE, Denis GOULET, France LACROIX<\/p>\n\n\n\n<p class=\"wp-block-paragraph\">Jocelyne LANGIS, Jeles Morissette, Yvan NO\u00cbL, Carole TH\u00c9RIAULT, Carmelle TH\u00c9RIAULT<\/p>\n\n\n\n<figure class=\"wp-block-image size-large is-resized\"><a href=\"https:\/\/www.helgaschlitter.com\"><img loading=\"lazy\" decoding=\"async\" width=\"725\" height=\"1024\" src=\"https:\/\/www.galeriebecot.com\/wp-content\/uploads\/2023\/08\/Helga-725x1024.jpg\" alt=\"\" class=\"wp-image-17853\" style=\"width:662px;height:935px\" srcset=\"https:\/\/galeriebecot.com\/wp-content\/uploads\/2023\/08\/Helga-725x1024.jpg 725w, https:\/\/galeriebecot.com\/wp-content\/uploads\/2023\/08\/Helga-213x300.jpg 213w, https:\/\/galeriebecot.com\/wp-content\/uploads\/2023\/08\/Helga-768x1084.jpg 768w, https:\/\/galeriebecot.com\/wp-content\/uploads\/2023\/08\/Helga-1088x1536.jpg 1088w, https:\/\/galeriebecot.com\/wp-content\/uploads\/2023\/08\/Helga.jpg 1283w\" sizes=\"auto, (max-width: 725px) 100vw, 725px\" \/><\/a><\/figure>\n\n\n\n<p class=\"wp-block-paragraph\"><a href=\"https:\/\/consulmex.sre.gob.mx\/montreal\/index.php\/fr\/etrangers\/397-institut-culturel-du-mexique-a-montreal\">Consulat g\u00e9n\u00e9ral du Mexique \/ Institut culturel de Mexique \/ ESPACIO M\u00c9XICO<\/a><\/p>\n\n\n\n<p class=\"wp-block-paragraph\">Pr\u00e9sentent <\/p>\n\n\n\n<p class=\"wp-block-paragraph\">Helga Schlitter _ Miroir dans le temps.<\/p>\n\n\n\n<p class=\"wp-block-paragraph\">Espejos en el tiempo _ Mirrors in time<\/p>\n\n\n\n<p class=\"wp-block-paragraph\">Du 9 septembre au 6 octobre 2023<\/p>\n\n\n\n<p class=\"wp-block-paragraph\">2055 Peel-Montr\u00e9al H3A1V4<\/p>\n\n\n\n<figure class=\"wp-block-image size-large\"><a href=\"https:\/\/www.facebook.com\/chiguerartcontemporain\"><img loading=\"lazy\" decoding=\"async\" width=\"471\" height=\"1024\" src=\"https:\/\/www.galeriebecot.com\/wp-content\/uploads\/2023\/08\/Jannick-Deslauriers-471x1024.jpg\" alt=\"\" class=\"wp-image-17861\" srcset=\"https:\/\/galeriebecot.com\/wp-content\/uploads\/2023\/08\/Jannick-Deslauriers-471x1024.jpg 471w, https:\/\/galeriebecot.com\/wp-content\/uploads\/2023\/08\/Jannick-Deslauriers-138x300.jpg 138w, https:\/\/galeriebecot.com\/wp-content\/uploads\/2023\/08\/Jannick-Deslauriers-768x1670.jpg 768w, https:\/\/galeriebecot.com\/wp-content\/uploads\/2023\/08\/Jannick-Deslauriers-706x1536.jpg 706w, https:\/\/galeriebecot.com\/wp-content\/uploads\/2023\/08\/Jannick-Deslauriers-942x2048.jpg 942w, https:\/\/galeriebecot.com\/wp-content\/uploads\/2023\/08\/Jannick-Deslauriers.jpg 1152w\" sizes=\"auto, (max-width: 471px) 100vw, 471px\" \/><\/a><figcaption class=\"wp-element-caption\"><a href=\"https:\/\/chiguerartcontemporain.com\">La galerie <strong>Chiquer<\/strong> <em>art contemporain<\/em> est fi\u00e8re de repr\u00e9senter Jannick <strong>Deslauriers.<\/strong><\/a><\/figcaption><\/figure>\n\n\n","protected":false},"excerpt":{"rendered":"<p>Invitation de Helga Shlitter Bonjour \u00e0 toutes et \u00e0 tous ! J&rsquo;ai le plaisir de vous inviter \u00e0 mon exposition qui se tiendra du 6 au 30 ao\u00fbt \u00e0 la&hellip; <\/p>\n","protected":false},"author":1,"featured_media":0,"comment_status":"open","ping_status":"open","sticky":false,"template":"","format":"standard","meta":{"_exactmetrics_skip_tracking":false,"_exactmetrics_sitenote_active":false,"_exactmetrics_sitenote_note":"","_exactmetrics_sitenote_category":0,"footnotes":""},"categories":[27,18,19],"tags":[4516,4512,4511,4519,6,4513,4507,4504,4515,35,2530,4503,1694,4514,4518,4506,4508,4509,2681,58,4517,37,40,4510],"class_list":["post-17851","post","type-post","status-publish","format-standard","hentry","category-artistes","category-evenement","category-vernissage","tag-2055-peel","tag-carmelle-theriault","tag-carole-theriault","tag-chiquer-art-contemporain","tag-club-des-collectionneurs-en-arts-visuels-de-quebec","tag-consulat-general-du-mexique","tag-denis-goulet","tag-diane-bouvier","tag-espacio-mexico","tag-foire-en-arts-actuel","tag-france-lacroix","tag-galerie-espace-temps","tag-helga-schlitter","tag-institut-culturel-du-mexique-montreal","tag-jannick-deslauriers","tag-jeanne-de-chantal-cote","tag-jocelyne-langis","tag-jules-morissette","tag-louise-daigle","tag-marc-bellemare-collectionneur","tag-montreal","tag-studio-becot","tag-visuals-arts","tag-yvan-noel"],"_links":{"self":[{"href":"https:\/\/galeriebecot.com\/index.php?rest_route=\/wp\/v2\/posts\/17851","targetHints":{"allow":["GET"]}}],"collection":[{"href":"https:\/\/galeriebecot.com\/index.php?rest_route=\/wp\/v2\/posts"}],"about":[{"href":"https:\/\/galeriebecot.com\/index.php?rest_route=\/wp\/v2\/types\/post"}],"author":[{"embeddable":true,"href":"https:\/\/galeriebecot.com\/index.php?rest_route=\/wp\/v2\/users\/1"}],"replies":[{"embeddable":true,"href":"https:\/\/galeriebecot.com\/index.php?rest_route=%2Fwp%2Fv2%2Fcomments&post=17851"}],"version-history":[{"count":30,"href":"https:\/\/galeriebecot.com\/index.php?rest_route=\/wp\/v2\/posts\/17851\/revisions"}],"predecessor-version":[{"id":22091,"href":"https:\/\/galeriebecot.com\/index.php?rest_route=\/wp\/v2\/posts\/17851\/revisions\/22091"}],"wp:attachment":[{"href":"https:\/\/galeriebecot.com\/index.php?rest_route=%2Fwp%2Fv2%2Fmedia&parent=17851"}],"wp:term":[{"taxonomy":"category","embeddable":true,"href":"https:\/\/galeriebecot.com\/index.php?rest_route=%2Fwp%2Fv2%2Fcategories&post=17851"},{"taxonomy":"post_tag","embeddable":true,"href":"https:\/\/galeriebecot.com\/index.php?rest_route=%2Fwp%2Fv2%2Ftags&post=17851"}],"curies":[{"name":"wp","href":"https:\/\/api.w.org\/{rel}","templated":true}]}}