{"id":17819,"date":"2023-08-12T10:48:00","date_gmt":"2023-08-12T14:48:00","guid":{"rendered":"https:\/\/www.clubdescollectionneursenartsvisuelsdequebec.com\/?p=17819"},"modified":"2024-03-20T12:29:27","modified_gmt":"2024-03-20T16:29:27","slug":"lise-marsan-en-solo","status":"publish","type":"post","link":"https:\/\/galeriebecot.com\/?p=17819","title":{"rendered":"D\u00e9couvrir l&rsquo;artiste Lyse Marsan en solo."},"content":{"rendered":"\n<p class=\"wp-block-paragraph\">Du 18 mai au 20 Ao\u00fbt 2023 , \u00e0 ne pas manquer <strong>au <a href=\"https:\/\/ccmf.saint-georges.ca\">centre culturel Marie-Fitzbach<\/a><\/strong> \u00e0 Saint Georges de Beauce.<\/p>\n\n\n\n<p class=\"wp-block-paragraph\"><strong>Salle Louis-Jobin.<\/strong><\/p>\n\n\n\n<p class=\"wp-block-paragraph\">Voici une artiste aux multiples facettes: une exposition toute en couleurs et en \u00e9l\u00e9gance retra\u00e7ant plus de quarante ann\u00e9es de recherches picturales. Couleurs, symboles, philosophie et po\u00e9sie sont \u00e0 l&rsquo;affiche.<\/p>\n\n\n\n<pre id=\"tw-target-text\" class=\"wp-block-preformatted\">From May 18 to August 20, 2023, not to be missed at the Marie-Fitzbach cultural center in Saint Georges de Beauce.\n\nLouis-Jobin room.\n\nHere is a multi-faceted artist: an exhibition full of colors and elegance retracing more than forty years of pictorial research. Colors, symbols, philosophy and poetry are on display.<\/pre>\n\n\n\n<figure class=\"wp-block-image size-full\"><a href=\"https:\/\/ccmf.saint-georges.ca\/centre-dart-et-dexposition\/expositions-en-cours\/\"><img loading=\"lazy\" decoding=\"async\" width=\"804\" height=\"467\" src=\"https:\/\/www.galeriebecot.com\/wp-content\/uploads\/2023\/08\/Marsan-Nadeau-Becot-1.jpg\" alt=\"\" class=\"wp-image-17820\" srcset=\"https:\/\/galeriebecot.com\/wp-content\/uploads\/2023\/08\/Marsan-Nadeau-Becot-1.jpg 804w, https:\/\/galeriebecot.com\/wp-content\/uploads\/2023\/08\/Marsan-Nadeau-Becot-1-300x174.jpg 300w, https:\/\/galeriebecot.com\/wp-content\/uploads\/2023\/08\/Marsan-Nadeau-Becot-1-768x446.jpg 768w\" sizes=\"auto, (max-width: 804px) 100vw, 804px\" \/><\/a><\/figure>\n\n\n\n<p class=\"wp-block-paragraph\"><a href=\"https:\/\/ccmf.saint-georges.ca\/centre-dart-et-dexposition\/expositions-en-cours\/\">Madame Nadeau ( <em>directrice<\/em>)   et Andr\u00e9 B\u00e9cot . Visite de l&rsquo;exposition le dimanche 13 Ao\u00fbt.<\/a><\/p>\n\n\n\n<figure class=\"wp-block-embed is-type-rich is-provider-prise-en-charge-des-contenus-embarques wp-block-embed-prise-en-charge-des-contenus-embarques wp-embed-aspect-16-9 wp-has-aspect-ratio\"><div class=\"wp-block-embed__wrapper\">\n<iframe loading=\"lazy\" title=\"Exposition - Voyage dans le temps - Lyse Marsan\" width=\"700\" height=\"394\" src=\"https:\/\/www.youtube.com\/embed\/hlqoZhcFaJw?feature=oembed\" frameborder=\"0\" allow=\"accelerometer; autoplay; clipboard-write; encrypted-media; gyroscope; picture-in-picture; web-share\" allowfullscreen><\/iframe>\n<\/div><\/figure>\n\n\n\n<figure class=\"wp-block-image size-full is-resized\"><a href=\"https:\/\/www.galeriebecot.com\/wp-content\/uploads\/2023\/08\/Marsan-Poisson-web-1.jpg\"><img loading=\"lazy\" decoding=\"async\" src=\"https:\/\/www.galeriebecot.com\/wp-content\/uploads\/2023\/08\/Marsan-Poisson-web-1.jpg\" alt=\"\" class=\"wp-image-17821\" width=\"558\" height=\"655\" srcset=\"https:\/\/galeriebecot.com\/wp-content\/uploads\/2023\/08\/Marsan-Poisson-web-1.jpg 616w, https:\/\/galeriebecot.com\/wp-content\/uploads\/2023\/08\/Marsan-Poisson-web-1-256x300.jpg 256w\" sizes=\"auto, (max-width: 558px) 100vw, 558px\" \/><\/a><\/figure>\n\n\n\n<figure class=\"wp-block-image size-large is-resized\"><a href=\"https:\/\/www.galeriebecot.com\/wp-content\/uploads\/2023\/08\/Marsan-1.jpg\"><img loading=\"lazy\" decoding=\"async\" src=\"https:\/\/www.galeriebecot.com\/wp-content\/uploads\/2023\/08\/Marsan-1-1024x849.jpg\" alt=\"\" class=\"wp-image-17822\" width=\"279\" height=\"231\" srcset=\"https:\/\/galeriebecot.com\/wp-content\/uploads\/2023\/08\/Marsan-1-1024x849.jpg 1024w, https:\/\/galeriebecot.com\/wp-content\/uploads\/2023\/08\/Marsan-1-300x249.jpg 300w, https:\/\/galeriebecot.com\/wp-content\/uploads\/2023\/08\/Marsan-1-768x637.jpg 768w, https:\/\/galeriebecot.com\/wp-content\/uploads\/2023\/08\/Marsan-1.jpg 1212w\" sizes=\"auto, (max-width: 279px) 100vw, 279px\" \/><\/a><figcaption> <\/figcaption><\/figure>\n\n\n\n<p class=\"wp-block-paragraph\">Poisson o\u00f9 citron <\/p>\n\n\n\n<p class=\"wp-block-paragraph\">Acrylique \/<em> Voyage dans le temps.<\/em><\/p>\n","protected":false},"excerpt":{"rendered":"<p>Du 18 mai au 20 Ao\u00fbt 2023 , \u00e0 ne pas manquer au centre culturel Marie-Fitzbach \u00e0 Saint Georges de Beauce. Salle Louis-Jobin. Voici une artiste aux multiples facettes: une&hellip; <\/p>\n","protected":false},"author":1,"featured_media":0,"comment_status":"open","ping_status":"open","sticky":false,"template":"","format":"standard","meta":{"_exactmetrics_skip_tracking":false,"_exactmetrics_sitenote_active":false,"_exactmetrics_sitenote_note":"","_exactmetrics_sitenote_category":0,"footnotes":""},"categories":[20,27,22],"tags":[],"class_list":["post-17819","post","type-post","status-publish","format-standard","hentry","category-article-descriptif","category-artistes","category-catalogues"],"_links":{"self":[{"href":"https:\/\/galeriebecot.com\/index.php?rest_route=\/wp\/v2\/posts\/17819","targetHints":{"allow":["GET"]}}],"collection":[{"href":"https:\/\/galeriebecot.com\/index.php?rest_route=\/wp\/v2\/posts"}],"about":[{"href":"https:\/\/galeriebecot.com\/index.php?rest_route=\/wp\/v2\/types\/post"}],"author":[{"embeddable":true,"href":"https:\/\/galeriebecot.com\/index.php?rest_route=\/wp\/v2\/users\/1"}],"replies":[{"embeddable":true,"href":"https:\/\/galeriebecot.com\/index.php?rest_route=%2Fwp%2Fv2%2Fcomments&post=17819"}],"version-history":[{"count":11,"href":"https:\/\/galeriebecot.com\/index.php?rest_route=\/wp\/v2\/posts\/17819\/revisions"}],"predecessor-version":[{"id":19118,"href":"https:\/\/galeriebecot.com\/index.php?rest_route=\/wp\/v2\/posts\/17819\/revisions\/19118"}],"wp:attachment":[{"href":"https:\/\/galeriebecot.com\/index.php?rest_route=%2Fwp%2Fv2%2Fmedia&parent=17819"}],"wp:term":[{"taxonomy":"category","embeddable":true,"href":"https:\/\/galeriebecot.com\/index.php?rest_route=%2Fwp%2Fv2%2Fcategories&post=17819"},{"taxonomy":"post_tag","embeddable":true,"href":"https:\/\/galeriebecot.com\/index.php?rest_route=%2Fwp%2Fv2%2Ftags&post=17819"}],"curies":[{"name":"wp","href":"https:\/\/api.w.org\/{rel}","templated":true}]}}