{"id":17551,"date":"2023-06-10T11:01:00","date_gmt":"2023-06-10T15:01:00","guid":{"rendered":"https:\/\/www.clubdescollectionneursenartsvisuelsdequebec.com\/?p=17551"},"modified":"2023-06-12T13:47:47","modified_gmt":"2023-06-12T17:47:47","slug":"deux-artiste-formidables-ne-sont-plus-en-ce-debut-du-mois","status":"publish","type":"post","link":"https:\/\/galeriebecot.com\/?p=17551","title":{"rendered":"Deux artiste formidables nous ont quitt\u00e9s en ce d\u00e9but du mois de juin 2023"},"content":{"rendered":"\n<p class=\"wp-block-paragraph\">Nos sinc\u00e8res condol\u00e9ances \u00e0 vos proches et \u00e0 vos familles.<\/p>\n\n\n\n<figure class=\"wp-block-image size-large\"><a href=\"https:\/\/www.galeriebecot.com\/?p=5081\"><img loading=\"lazy\" decoding=\"async\" width=\"781\" height=\"1024\" src=\"https:\/\/www.galeriebecot.com\/wp-content\/uploads\/2023\/06\/DuBois-Andre1-781x1024.jpg\" alt=\"\" class=\"wp-image-17554\" srcset=\"https:\/\/galeriebecot.com\/wp-content\/uploads\/2023\/06\/DuBois-Andre1-781x1024.jpg 781w, https:\/\/galeriebecot.com\/wp-content\/uploads\/2023\/06\/DuBois-Andre1-229x300.jpg 229w, https:\/\/galeriebecot.com\/wp-content\/uploads\/2023\/06\/DuBois-Andre1-768x1006.jpg 768w, https:\/\/galeriebecot.com\/wp-content\/uploads\/2023\/06\/DuBois-Andre1-1172x1536.jpg 1172w, https:\/\/galeriebecot.com\/wp-content\/uploads\/2023\/06\/DuBois-Andre1.jpg 1224w\" sizes=\"auto, (max-width: 781px) 100vw, 781px\" \/><\/a><\/figure>\n\n\n\n<figure class=\"wp-block-image size-large is-resized\"><a href=\"https:\/\/www.galeriebecot.com\/?p=4194\"><img loading=\"lazy\" decoding=\"async\" src=\"https:\/\/www.galeriebecot.com\/wp-content\/uploads\/2023\/06\/Salvail11-476x1024.jpg\" alt=\"\" class=\"wp-image-17553\" width=\"585\" height=\"1259\" srcset=\"https:\/\/galeriebecot.com\/wp-content\/uploads\/2023\/06\/Salvail11-476x1024.jpg 476w, https:\/\/galeriebecot.com\/wp-content\/uploads\/2023\/06\/Salvail11-139x300.jpg 139w, https:\/\/galeriebecot.com\/wp-content\/uploads\/2023\/06\/Salvail11-713x1536.jpg 713w, https:\/\/galeriebecot.com\/wp-content\/uploads\/2023\/06\/Salvail11.jpg 738w\" sizes=\"auto, (max-width: 585px) 100vw, 585px\" \/><\/a><\/figure>\n\n\n\n<figure class=\"wp-block-image size-large is-resized\"><a href=\"https:\/\/www.galeriebecot.com\/wp-content\/uploads\/2023\/06\/vernissage-Becot1.jpg\"><img loading=\"lazy\" decoding=\"async\" src=\"https:\/\/www.galeriebecot.com\/wp-content\/uploads\/2023\/06\/vernissage-Becot1-1024x822.jpg\" alt=\"\" class=\"wp-image-17609\" width=\"644\" height=\"517\" srcset=\"https:\/\/galeriebecot.com\/wp-content\/uploads\/2023\/06\/vernissage-Becot1-1024x822.jpg 1024w, https:\/\/galeriebecot.com\/wp-content\/uploads\/2023\/06\/vernissage-Becot1-300x241.jpg 300w, https:\/\/galeriebecot.com\/wp-content\/uploads\/2023\/06\/vernissage-Becot1-768x616.jpg 768w, https:\/\/galeriebecot.com\/wp-content\/uploads\/2023\/06\/vernissage-Becot1-1536x1233.jpg 1536w, https:\/\/galeriebecot.com\/wp-content\/uploads\/2023\/06\/vernissage-Becot1.jpg 1828w\" sizes=\"auto, (max-width: 644px) 100vw, 644px\" \/><\/a><\/figure>\n\n\n\n\n\n<p class=\"wp-block-paragraph\"><em>Journal <strong>LeSoleil <\/strong><\/em>\/ <em>D\u00e9cembre 1979<\/em>, <\/p>\n\n\n\n<p class=\"wp-block-paragraph\"><strong>1<\/strong> Reno <strong>Salvail<\/strong>  <strong>2 <\/strong>Lise <strong>Labrecque<\/strong>  <strong>3<\/strong> <strong>Andr\u00e9 B\u00e9cot<\/strong> <strong>4<\/strong> Martin <strong>Bouchard<\/strong><\/p>\n","protected":false},"excerpt":{"rendered":"<p>Nos sinc\u00e8res condol\u00e9ances \u00e0 vos proches et \u00e0 vos familles. Journal LeSoleil \/ D\u00e9cembre 1979, 1 Reno Salvail 2 Lise Labrecque 3 Andr\u00e9 B\u00e9cot 4 Martin Bouchard<\/p>\n","protected":false},"author":1,"featured_media":0,"comment_status":"open","ping_status":"open","sticky":false,"template":"","format":"standard","meta":{"_exactmetrics_skip_tracking":false,"_exactmetrics_sitenote_active":false,"_exactmetrics_sitenote_note":"","_exactmetrics_sitenote_category":0,"footnotes":""},"categories":[1],"tags":[],"class_list":["post-17551","post","type-post","status-publish","format-standard","hentry","category-non-classe"],"_links":{"self":[{"href":"https:\/\/galeriebecot.com\/index.php?rest_route=\/wp\/v2\/posts\/17551","targetHints":{"allow":["GET"]}}],"collection":[{"href":"https:\/\/galeriebecot.com\/index.php?rest_route=\/wp\/v2\/posts"}],"about":[{"href":"https:\/\/galeriebecot.com\/index.php?rest_route=\/wp\/v2\/types\/post"}],"author":[{"embeddable":true,"href":"https:\/\/galeriebecot.com\/index.php?rest_route=\/wp\/v2\/users\/1"}],"replies":[{"embeddable":true,"href":"https:\/\/galeriebecot.com\/index.php?rest_route=%2Fwp%2Fv2%2Fcomments&post=17551"}],"version-history":[{"count":12,"href":"https:\/\/galeriebecot.com\/index.php?rest_route=\/wp\/v2\/posts\/17551\/revisions"}],"predecessor-version":[{"id":17611,"href":"https:\/\/galeriebecot.com\/index.php?rest_route=\/wp\/v2\/posts\/17551\/revisions\/17611"}],"wp:attachment":[{"href":"https:\/\/galeriebecot.com\/index.php?rest_route=%2Fwp%2Fv2%2Fmedia&parent=17551"}],"wp:term":[{"taxonomy":"category","embeddable":true,"href":"https:\/\/galeriebecot.com\/index.php?rest_route=%2Fwp%2Fv2%2Fcategories&post=17551"},{"taxonomy":"post_tag","embeddable":true,"href":"https:\/\/galeriebecot.com\/index.php?rest_route=%2Fwp%2Fv2%2Ftags&post=17551"}],"curies":[{"name":"wp","href":"https:\/\/api.w.org\/{rel}","templated":true}]}}