{"id":17467,"date":"2024-05-09T14:32:00","date_gmt":"2024-05-09T18:32:00","guid":{"rendered":"https:\/\/www.clubdescollectionneursenartsvisuelsdequebec.com\/?p=17467"},"modified":"2024-05-28T22:22:58","modified_gmt":"2024-05-29T02:22:58","slug":"illumina-lancement","status":"publish","type":"post","link":"https:\/\/galeriebecot.com\/?p=17467","title":{"rendered":"Galerie B\u00e9cot &#038; Illumina , vernissage le 8 juillet ( 14 \u00e0 16h) lancement, le jeudi 8 juin 2023, au caf\u00e9 Sherpa \/ vernissages le 9 juin (5@7) et cin\u00e9-club \u00e0 14 h samedi le 10 juin ."},"content":{"rendered":"\n<p class=\"wp-block-paragraph\">Ouverture le la galerie le jeudi, vendredi et samedi de 14h \u00e0 16 h et sur-rendez-vous !<\/p>\n\n\n\n<p class=\"wp-block-paragraph\">Vernissage de finition le samedi 8 juillet de 14h \u00e0 16h. Bienvenue \u00e0 tous !<\/p>\n\n\n\n<figure class=\"wp-block-image size-large is-resized\"><a href=\"https:\/\/www.galeriebecot.com\/wp-content\/uploads\/2023\/06\/Vernissage-de-finitionFB.jpg\"><img loading=\"lazy\" decoding=\"async\" src=\"https:\/\/www.galeriebecot.com\/wp-content\/uploads\/2023\/06\/Vernissage-de-finitionFB-1024x524.jpg\" alt=\"\" class=\"wp-image-17790\" width=\"804\" height=\"411\" srcset=\"https:\/\/galeriebecot.com\/wp-content\/uploads\/2023\/06\/Vernissage-de-finitionFB-1024x524.jpg 1024w, https:\/\/galeriebecot.com\/wp-content\/uploads\/2023\/06\/Vernissage-de-finitionFB-300x154.jpg 300w, https:\/\/galeriebecot.com\/wp-content\/uploads\/2023\/06\/Vernissage-de-finitionFB-768x393.jpg 768w, https:\/\/galeriebecot.com\/wp-content\/uploads\/2023\/06\/Vernissage-de-finitionFB.jpg 1440w\" sizes=\"auto, (max-width: 804px) 100vw, 804px\" \/><\/a><\/figure>\n\n\n\n<figure class=\"wp-block-image size-full is-resized\"><a href=\"https:\/\/www.galeriebecot.com\/wp-content\/uploads\/2023\/06\/Illumina-lancement.jpg\"><img loading=\"lazy\" decoding=\"async\" src=\"https:\/\/www.galeriebecot.com\/wp-content\/uploads\/2023\/06\/Illumina-lancement.jpg\" alt=\"\" class=\"wp-image-17596\" width=\"508\" height=\"437\" srcset=\"https:\/\/galeriebecot.com\/wp-content\/uploads\/2023\/06\/Illumina-lancement.jpg 864w, https:\/\/galeriebecot.com\/wp-content\/uploads\/2023\/06\/Illumina-lancement-300x258.jpg 300w, https:\/\/galeriebecot.com\/wp-content\/uploads\/2023\/06\/Illumina-lancement-768x660.jpg 768w\" sizes=\"auto, (max-width: 508px) 100vw, 508px\" \/><\/a><figcaption>Andr\u00e9 B\u00e9cot et Francine Saillant \u00e0 ce magnifique lancement du 8 juin, du projet ILLUMINA.<\/figcaption><\/figure>\n\n\n\n<h2 class=\"wp-block-heading\"><a href=\"http:\/\/www.droitdeparole.org\/2023\/06\/quand-lart-social-illumine-le-quartier-saint-roch\/\">Quand l\u2019art social illumine le quartier Saint-Roch<\/a><\/h2>\n\n\n\n<p class=\"wp-block-paragraph\"><a href=\"http:\/\/www.droitdeparole.org\/2023\/06\/quand-lart-social-illumine-le-quartier-saint-roch\/\">Par Gilles Simard. Publi\u00e9 le 19 juin 2023 ( journal Droit de parole )<\/a><\/p>\n\n\n\n<p class=\"wp-block-paragraph\"><a href=\"http:\/\/www.droitdeparole.org\/2023\/06\/quand-lart-social-illumine-le-quartier-saint-roch\/\">C\u2019est le 8 juin, \u00e0 l\u2019issue d\u2019un forum-citoyen tr\u00e8s couru et couronn\u00e9 par un lancement des plus r\u00e9ussis \u00e0 l\u2019espace Sherpa (Pech), qu\u2019\u00e9tait officialis\u00e9 le parcours-exposition Illumina, un projet d\u2019art social men\u00e9 avec la collaboration de plusieurs centaines&nbsp;d\u2019artistes\u2026.lire +<\/a><\/p>\n\n\n\n<p class=\"wp-block-paragraph\">Vous \u00eates cordialement invit\u00e9.e au lancement officiel du parcours d&rsquo;art<strong><em> ILLUMINA<\/em><\/strong>, organis\u00e9 par le Centre de recherche <strong>CERVO<\/strong> et l&rsquo;organisme communautaire <strong>PECH-SHERPA ! Une soir\u00e9e festive se tiendra le 8 juin prochain, de 17h \u00e0 20h,<\/strong> au caf\u00e9 Sherpa ( 130 Boul. Charest E.) en compagnie des artistes, ainsi que des acteurs sociaux et communautaires associ\u00e9.es au projet. <\/p>\n\n\n\n<p class=\"wp-block-paragraph\"><strong>Rock Solid-Art<\/strong> est un collectif d&rsquo;artistes d\u00e9di\u00e9 \u00e0 l&rsquo;\u00e9v\u00e9nement<em><strong> ILLUMINA<\/strong><\/em> qui aura lieu \u00e0 l&rsquo;atelier galerie B\u00e9cot du 10 juin au 9 juillet 2023. Samedi le 10 juin, pr\u00e9sentation du film Appraitre de Francine Saillant dans le cadre du cin\u00e9-club &#8211; Art &amp; Cie , pr\u00e9sentation \u00e0 14 h, en projection unique,  ( <em><a href=\"https:\/\/www.be-video.info\">collaboratrice R\u00e9jeanne <strong>Lamothe<\/strong><\/a><\/em>) (<a href=\"https:\/\/www.galeriebecot.com\/?p=16416\"> Art et cie<\/a> ) ouverture des portes de la Galerie B\u00e9cot \u00e0 12 h. Le vendredi 9 juin ( vernissage formule 5@7 )  et dimanche 11 juin d\u00e8s 13 h auront lieu les vernissages de Rock Solid-Art.<\/p>\n\n\n\n<p class=\"wp-block-paragraph\">Bienvenue \u00e0 tous !<\/p>\n\n\n\n<p class=\"wp-block-paragraph\">Ouverture de la Galerie B\u00e9cot: le jeudi, vendredi et samedi  de 14h \u00e0 16 et sur rendez-vous !<\/p>\n\n\n\n<figure class=\"wp-block-image size-large\"><a href=\"https:\/\/www.facebook.com\/profile.php?id=100089310793155\"><img loading=\"lazy\" decoding=\"async\" width=\"780\" height=\"1024\" src=\"https:\/\/www.galeriebecot.com\/wp-content\/uploads\/2023\/05\/Illumina-Lancement-Site-780x1024.jpg\" alt=\"\" class=\"wp-image-17468\" srcset=\"https:\/\/galeriebecot.com\/wp-content\/uploads\/2023\/05\/Illumina-Lancement-Site-780x1024.jpg 780w, https:\/\/galeriebecot.com\/wp-content\/uploads\/2023\/05\/Illumina-Lancement-Site-229x300.jpg 229w, https:\/\/galeriebecot.com\/wp-content\/uploads\/2023\/05\/Illumina-Lancement-Site-768x1008.jpg 768w, https:\/\/galeriebecot.com\/wp-content\/uploads\/2023\/05\/Illumina-Lancement-Site-1170x1536.jpg 1170w, https:\/\/galeriebecot.com\/wp-content\/uploads\/2023\/05\/Illumina-Lancement-Site.jpg 1224w\" sizes=\"auto, (max-width: 780px) 100vw, 780px\" \/><\/a><\/figure>\n\n\n\n<figure class=\"wp-block-image size-full is-resized\"><a href=\"https:\/\/www.galeriebecot.com\/wp-content\/uploads\/2023\/05\/Collectif-Rock-solid-art.jpg\"><img loading=\"lazy\" decoding=\"async\" src=\"https:\/\/www.galeriebecot.com\/wp-content\/uploads\/2023\/05\/Collectif-Rock-solid-art.jpg\" alt=\"\" class=\"wp-image-17474\" width=\"278\" height=\"112\" srcset=\"https:\/\/galeriebecot.com\/wp-content\/uploads\/2023\/05\/Collectif-Rock-solid-art.jpg 576w, https:\/\/galeriebecot.com\/wp-content\/uploads\/2023\/05\/Collectif-Rock-solid-art-300x120.jpg 300w\" sizes=\"auto, (max-width: 278px) 100vw, 278px\" \/><\/a><\/figure>\n\n\n\n<p class=\"wp-block-paragraph\"><em><strong>Ce collectif d&rsquo;artistes est d\u00e9di\u00e9 \u00e0 l&rsquo;\u00e9v\u00e8nement<\/strong><\/em><strong> ILLUMINA<\/strong><\/p>\n\n\n\n<p class=\"wp-block-paragraph\">Jean-Yves <strong>Richard ,<\/strong>Carole <strong>Turgeon<\/strong><\/p>\n\n\n\n<p class=\"wp-block-paragraph\">Lyse <strong>Marsan<\/strong>, Marthe <strong>Thiboutot<\/strong><\/p>\n\n\n\n<p class=\"wp-block-paragraph\">Pierette <strong>Comeau<\/strong>, Guy <strong>Royer<\/strong><\/p>\n\n\n\n<p class=\"wp-block-paragraph\">Gilbert <strong>Sevigny<\/strong>. Annou <strong>Th\u00e9berge<\/strong>, Peter <strong>Gnass<\/strong><\/p>\n\n\n\n<p class=\"wp-block-paragraph\">Suzette <strong>Patry<\/strong>, R\u00e9jeanne <strong>Lamothe<\/strong><\/p>\n\n\n\n<p class=\"wp-block-paragraph\">Pierre <strong>Lanoie<\/strong>, Renald <strong>Brisebois<\/strong><\/p>\n\n\n\n<p class=\"wp-block-paragraph\">Colette <strong>Matte<\/strong>,Jean-Pierre <strong>Morin<\/strong><\/p>\n\n\n\n<p class=\"wp-block-paragraph\">J\u00e9rome <strong>Morissette<\/strong>, Aristide <strong>Gagnon<\/strong><\/p>\n\n\n\n<p class=\"wp-block-paragraph\"> Serge Philippe<strong> Tremblay<\/strong>, Marie<strong> \u00c9mond<\/strong><\/p>\n\n\n\n<p class=\"wp-block-paragraph\">Jean <strong>Gauthier<\/strong> ,Michel <strong>Saint-Onge<\/strong><\/p>\n\n\n\n<p class=\"wp-block-paragraph\">Gilles <strong>B\u00e9rub\u00e9<\/strong>, Francine <strong>Saillant<\/strong><\/p>\n\n\n\n<p class=\"wp-block-paragraph\">Martin <strong>Bouchard<\/strong>, Jocelyn<strong> Gasse<\/strong><\/p>\n\n\n\n<p class=\"wp-block-paragraph\">Kl\u00f4dy <strong>Tremblay<\/strong>, Roger <strong>Fournier<\/strong><\/p>\n\n\n\n<p class=\"wp-block-paragraph\">Alain <strong>LeBlond<\/strong>, Don <strong>Darby<\/strong><\/p>\n\n\n\n<p class=\"wp-block-paragraph\">Anne-Yvonne <strong>Jouan<\/strong>, Philippe <strong>Pallafray<\/strong><\/p>\n\n\n\n<p class=\"wp-block-paragraph\">Andre <strong>Becot<\/strong>, Marie <strong>Plante<\/strong><\/p>\n\n\n\n<p class=\"wp-block-paragraph\">Jean <strong>Bern\u00e8che<\/strong> , Suzanne <strong>Cayer<\/strong><\/p>\n\n\n\n<p class=\"wp-block-paragraph\"><strong>PIBO<\/strong> , Carol Poulin<\/p>\n\n\n\n<p class=\"wp-block-paragraph\"><strong>VERNISSAGE LE VENDREDI 9 JUIN EN FORMULE 5@7<\/strong> ( <em>Bienvenue \u00e0 tous<\/em> ! )<\/p>\n\n\n\n<p class=\"wp-block-paragraph\">VERNISSAGE LE DIMANCHE 11 JUIN d\u00e8s 13 H ( Bienvenue \u00e0 tous ! )<\/p>\n\n\n\n<p class=\"wp-block-paragraph\"><strong>Retour vers le futur<\/strong><\/p>\n\n\n\n<figure class=\"wp-block-image size-large is-resized\"><a href=\"https:\/\/www.galeriebecot.com\/wp-content\/uploads\/2023\/06\/vernissage-Becot.jpg\"><img loading=\"lazy\" decoding=\"async\" src=\"https:\/\/www.galeriebecot.com\/wp-content\/uploads\/2023\/06\/vernissage-Becot-1024x822.jpg\" alt=\"\" class=\"wp-image-17600\" width=\"731\" height=\"587\" srcset=\"https:\/\/galeriebecot.com\/wp-content\/uploads\/2023\/06\/vernissage-Becot-1024x822.jpg 1024w, https:\/\/galeriebecot.com\/wp-content\/uploads\/2023\/06\/vernissage-Becot-300x241.jpg 300w, https:\/\/galeriebecot.com\/wp-content\/uploads\/2023\/06\/vernissage-Becot-768x616.jpg 768w, https:\/\/galeriebecot.com\/wp-content\/uploads\/2023\/06\/vernissage-Becot-1536x1233.jpg 1536w, https:\/\/galeriebecot.com\/wp-content\/uploads\/2023\/06\/vernissage-Becot.jpg 1828w\" sizes=\"auto, (max-width: 731px) 100vw, 731px\" \/><\/a><figcaption> D\u00e9cembre 1979<em> \/LeSoleil<\/em>     Reno <strong>Salvail. <\/strong> Lise <strong>Labrecque. <\/strong>           Andr\u00e9<strong> B\u00e9cot. <\/strong>  <a href=\"https:\/\/mbouchard777.wixsite.com\/martinbouchard\/l-artiste\">Martin <strong>Bouchard<\/strong><\/a><\/figcaption><\/figure>\n\n\n\n<p class=\"wp-block-paragraph\">La premi\u00e8re personne \u00e0 gauche est l&rsquo;artiste  <a href=\"https:\/\/www.mbsl.qc.ca\/fr\/confluences-michel-asselin\">Michel Asselin<\/a> et celle \u00e0 ma droite Alain Lepage.( entre Lise et Andr\u00e9 )<\/p>\n","protected":false},"excerpt":{"rendered":"<p>Ouverture le la galerie le jeudi, vendredi et samedi de 14h \u00e0 16 h et sur-rendez-vous ! Vernissage de finition le samedi 8 juillet de 14h \u00e0 16h. Bienvenue \u00e0&hellip; <\/p>\n","protected":false},"author":1,"featured_media":0,"comment_status":"open","ping_status":"open","sticky":false,"template":"","format":"standard","meta":{"_exactmetrics_skip_tracking":false,"_exactmetrics_sitenote_active":false,"_exactmetrics_sitenote_note":"","_exactmetrics_sitenote_category":0,"footnotes":""},"categories":[27,17,18,1,19],"tags":[34,735,4477,35,4334,37,40],"class_list":["post-17467","post","type-post","status-publish","format-standard","hentry","category-artistes","category-conference","category-evenement","category-non-classe","category-vernissage","tag-andre-becot","tag-artistes","tag-centre-de-recherche-cervo","tag-foire-en-arts-actuel","tag-illumina","tag-studio-becot","tag-visuals-arts"],"_links":{"self":[{"href":"https:\/\/galeriebecot.com\/index.php?rest_route=\/wp\/v2\/posts\/17467","targetHints":{"allow":["GET"]}}],"collection":[{"href":"https:\/\/galeriebecot.com\/index.php?rest_route=\/wp\/v2\/posts"}],"about":[{"href":"https:\/\/galeriebecot.com\/index.php?rest_route=\/wp\/v2\/types\/post"}],"author":[{"embeddable":true,"href":"https:\/\/galeriebecot.com\/index.php?rest_route=\/wp\/v2\/users\/1"}],"replies":[{"embeddable":true,"href":"https:\/\/galeriebecot.com\/index.php?rest_route=%2Fwp%2Fv2%2Fcomments&post=17467"}],"version-history":[{"count":59,"href":"https:\/\/galeriebecot.com\/index.php?rest_route=\/wp\/v2\/posts\/17467\/revisions"}],"predecessor-version":[{"id":18272,"href":"https:\/\/galeriebecot.com\/index.php?rest_route=\/wp\/v2\/posts\/17467\/revisions\/18272"}],"wp:attachment":[{"href":"https:\/\/galeriebecot.com\/index.php?rest_route=%2Fwp%2Fv2%2Fmedia&parent=17467"}],"wp:term":[{"taxonomy":"category","embeddable":true,"href":"https:\/\/galeriebecot.com\/index.php?rest_route=%2Fwp%2Fv2%2Fcategories&post=17467"},{"taxonomy":"post_tag","embeddable":true,"href":"https:\/\/galeriebecot.com\/index.php?rest_route=%2Fwp%2Fv2%2Ftags&post=17467"}],"curies":[{"name":"wp","href":"https:\/\/api.w.org\/{rel}","templated":true}]}}