{"id":17459,"date":"2023-05-24T13:11:19","date_gmt":"2023-05-24T17:11:19","guid":{"rendered":"https:\/\/www.clubdescollectionneursenartsvisuelsdequebec.com\/?p=17459"},"modified":"2023-05-24T13:21:04","modified_gmt":"2023-05-24T17:21:04","slug":"la-fondation-jordi-bonet-un-projet-3-evenements-_","status":"publish","type":"post","link":"https:\/\/galeriebecot.com\/?p=17459","title":{"rendered":"La fondation Jordi Bonet \/  Un projet \/ 3 \u00e9v\u00e9nements _"},"content":{"rendered":"\n<figure class=\"wp-block-image size-large\"><a href=\"https:\/\/www.galeriebecot.com\/wp-content\/uploads\/2023\/05\/Presse-1.jpg\"><img loading=\"lazy\" decoding=\"async\" width=\"828\" height=\"1024\" src=\"https:\/\/www.galeriebecot.com\/wp-content\/uploads\/2023\/05\/Presse-1-828x1024.jpg\" alt=\"\" class=\"wp-image-17460\" srcset=\"https:\/\/galeriebecot.com\/wp-content\/uploads\/2023\/05\/Presse-1-828x1024.jpg 828w, https:\/\/galeriebecot.com\/wp-content\/uploads\/2023\/05\/Presse-1-243x300.jpg 243w, https:\/\/galeriebecot.com\/wp-content\/uploads\/2023\/05\/Presse-1-768x950.jpg 768w, https:\/\/galeriebecot.com\/wp-content\/uploads\/2023\/05\/Presse-1.jpg 1224w\" sizes=\"auto, (max-width: 828px) 100vw, 828px\" \/><\/a><\/figure>\n\n\n\n<p class=\"wp-block-paragraph\"><strong>LE CONCOURS DE LAND ART URBAIN,&nbsp;<\/strong>sous la pr\u00e9sidence d\u2019honneur de&nbsp;<strong>Marc S\u00e9guin<\/strong>, artiste reconnu \u00e0 l\u2019international et impliqu\u00e9 dans l\u2019avenir de l\u2019agriculture, se d\u00e9roulera en septembre 2023. Dix professionnels en art visuel, dont&nbsp;<strong>Dominic Besner<\/strong>, seront jumel\u00e9s \u00e0 des personnes \u00e9tudiantes en am\u00e9nagement paysager, de l\u2019Institut de technologie agroalimentaire de Saint-Hyacinthe. Ils ex\u00e9cuteront dix \u0153uvres au Jardin Daniel A. S\u00e9guin, du lundi 25 au jeudi 28 septembre sous le th\u00e8me \u00ab&nbsp;<strong><em>Tout est Ga\u00efa&nbsp;<\/em><\/strong>\u00bb. Dans une perspective de surcyclage, le Land art urbain propose de d\u00e9velopper des \u0153uvres qui r\u00e9int\u00e8grent la mati\u00e8re \u00e0 la nature. Cette formation exceptionnelle qui est propos\u00e9e aux personnes \u00e9tudiantes enrichira leur parcours scolaire tout en mettant en avant-plan le processus cr\u00e9atif. Le d\u00e9voilement des \u0153uvres se fera durant les Journ\u00e9es de la culture du 29 septembre au 1er&nbsp;octobre. En compl\u00e9ment au Land art, des kiosques de produits agroalimentaires tels que microbrasserie, fromagerie et autres, seront am\u00e9nag\u00e9s sous un chapiteau afin d\u2019encourager l\u2019achat local et aussi souligner l\u2019expertise d\u2019anciens finissants de l\u2019ITAQ qui sont devenus des entrepreneurs d\u2019importance.<\/p>\n\n\n\n<figure class=\"wp-block-image size-large\"><a href=\"https:\/\/www.fondationjordibonet.info\"><img loading=\"lazy\" decoding=\"async\" width=\"788\" height=\"1024\" src=\"https:\/\/www.galeriebecot.com\/wp-content\/uploads\/2023\/05\/Presse2-788x1024.jpg\" alt=\"\" class=\"wp-image-17461\" srcset=\"https:\/\/galeriebecot.com\/wp-content\/uploads\/2023\/05\/Presse2-788x1024.jpg 788w, https:\/\/galeriebecot.com\/wp-content\/uploads\/2023\/05\/Presse2-231x300.jpg 231w, https:\/\/galeriebecot.com\/wp-content\/uploads\/2023\/05\/Presse2-768x998.jpg 768w, https:\/\/galeriebecot.com\/wp-content\/uploads\/2023\/05\/Presse2-1182x1536.jpg 1182w, https:\/\/galeriebecot.com\/wp-content\/uploads\/2023\/05\/Presse2.jpg 1224w\" sizes=\"auto, (max-width: 788px) 100vw, 788px\" \/><\/a><\/figure>\n","protected":false},"excerpt":{"rendered":"<p>LE CONCOURS DE LAND ART URBAIN,&nbsp;sous la pr\u00e9sidence d\u2019honneur de&nbsp;Marc S\u00e9guin, artiste reconnu \u00e0 l\u2019international et impliqu\u00e9 dans l\u2019avenir de l\u2019agriculture, se d\u00e9roulera en septembre 2023. Dix professionnels en art&hellip; <\/p>\n","protected":false},"author":1,"featured_media":0,"comment_status":"open","ping_status":"open","sticky":false,"template":"","format":"standard","meta":{"_exactmetrics_skip_tracking":false,"_exactmetrics_sitenote_active":false,"_exactmetrics_sitenote_note":"","_exactmetrics_sitenote_category":0,"footnotes":""},"categories":[27,18,21],"tags":[4435,4432,4436,34,4434,4437,4433,4439,1327,6,67,4443,4440,4441,4442,4445,4444,4438,264,2969,991,4447,4446,984,4452,4451,4455,4454,4450,4453,4448,4449,4456,4460,1022,2916,4458,4469,4461,58,51,4465,4459,268,4457,543,4470,4464,4474,2463,4088,4468,3552,4467,4472,4463,4466,455,4462,4476,4473,180,37,4471,4475],"class_list":["post-17459","post","type-post","status-publish","format-standard","hentry","category-artistes","category-evenement","category-vente-aux-encheres-doeuvres-dart","tag-alain-stanke","tag-amelie-pomerleau","tag-amer-rust","tag-andre-becot","tag-bob-desautels","tag-bobby-smith","tag-brigitte-normandin","tag-cedric-loth","tag-claude-millette","tag-club-des-collectionneurs-en-arts-visuels-de-quebec","tag-club-des-collectionneurs-en-arts-visuels-de-quebec-marc-bellemare","tag-daniel-racine-berthiaume","tag-daniel-vincent-bernard","tag-david-lafrance","tag-dominic-besner","tag-dominique-gaucher","tag-elaine-despins","tag-eric-godin","tag-france-malo","tag-francine-metthe","tag-francine-vernac","tag-francois-rene-despatis-lecuyer","tag-frederic-metthe","tag-gabriel-lalonde","tag-genevieve-lebel","tag-gilbert-poissant","tag-graham-noble-norwell","tag-huguette-bouchard-bonet-2","tag-jean-paul-riopelle-2","tag-jean-marc-phaneuf","tag-jerome-poirier","tag-jibe-laurin","tag-joann-cote","tag-johanne-blaquiere","tag-jordi-bonet","tag-laurent-bonet","tag-laurie-marois","tag-line-st-jean","tag-lise-leroux","tag-marc-bellemare-collectionneur","tag-marc-seguin","tag-marie-claire-plante","tag-marie-france-cournoyer","tag-marie-josee-roy","tag-marie-josee-thomas","tag-mathieu-laca","tag-matthew-belval","tag-melsa-montagne","tag-mercedes-font","tag-michel-tremblay","tag-micheline-bourque","tag-montserrat-duran-muntadas","tag-nathalie-racicot","tag-noel-thibault","tag-pascal-normand","tag-philippe-merizzi","tag-pierre-dury","tag-pierre-leblanc","tag-renee-durocher","tag-samuel-jacques-charbonneau","tag-sebastien-gaudette","tag-serge-lemoyne","tag-studio-becot","tag-sylvie-racine","tag-tanya-lebedeff"],"_links":{"self":[{"href":"https:\/\/galeriebecot.com\/index.php?rest_route=\/wp\/v2\/posts\/17459","targetHints":{"allow":["GET"]}}],"collection":[{"href":"https:\/\/galeriebecot.com\/index.php?rest_route=\/wp\/v2\/posts"}],"about":[{"href":"https:\/\/galeriebecot.com\/index.php?rest_route=\/wp\/v2\/types\/post"}],"author":[{"embeddable":true,"href":"https:\/\/galeriebecot.com\/index.php?rest_route=\/wp\/v2\/users\/1"}],"replies":[{"embeddable":true,"href":"https:\/\/galeriebecot.com\/index.php?rest_route=%2Fwp%2Fv2%2Fcomments&post=17459"}],"version-history":[{"count":3,"href":"https:\/\/galeriebecot.com\/index.php?rest_route=\/wp\/v2\/posts\/17459\/revisions"}],"predecessor-version":[{"id":17466,"href":"https:\/\/galeriebecot.com\/index.php?rest_route=\/wp\/v2\/posts\/17459\/revisions\/17466"}],"wp:attachment":[{"href":"https:\/\/galeriebecot.com\/index.php?rest_route=%2Fwp%2Fv2%2Fmedia&parent=17459"}],"wp:term":[{"taxonomy":"category","embeddable":true,"href":"https:\/\/galeriebecot.com\/index.php?rest_route=%2Fwp%2Fv2%2Fcategories&post=17459"},{"taxonomy":"post_tag","embeddable":true,"href":"https:\/\/galeriebecot.com\/index.php?rest_route=%2Fwp%2Fv2%2Ftags&post=17459"}],"curies":[{"name":"wp","href":"https:\/\/api.w.org\/{rel}","templated":true}]}}