{"id":17395,"date":"2023-04-21T18:24:00","date_gmt":"2023-04-21T22:24:00","guid":{"rendered":"https:\/\/www.clubdescollectionneursenartsvisuelsdequebec.com\/?p=17395"},"modified":"2023-04-28T22:19:02","modified_gmt":"2023-04-29T02:19:02","slug":"galerie-a-presente-peio-eliceiry","status":"publish","type":"post","link":"https:\/\/galeriebecot.com\/?p=17395","title":{"rendered":"Galerie A pr\u00e9sente P\u00e9io Eliceiry"},"content":{"rendered":"\n<p class=\"wp-block-paragraph\"><strong>Vernissage le vendredi 5 mai de 17 \u00e0 21 h.<\/strong><\/p>\n\n\n\n<p class=\"wp-block-paragraph\"><strong>La Galerie A<\/strong>, est heureuse de pr\u00e9senter le travail r\u00e9cent de P\u00e9io Eliceiry&#8230;.<\/p>\n\n\n\n<figure class=\"wp-block-image size-large\"><a href=\"https:\/\/www.galeriebecot.com\/wp-content\/uploads\/2023\/04\/Peio-1.jpg\"><img loading=\"lazy\" decoding=\"async\" width=\"1024\" height=\"1007\" src=\"https:\/\/www.galeriebecot.com\/wp-content\/uploads\/2023\/04\/Peio-1-1024x1007.jpg\" alt=\"\" class=\"wp-image-17396\" srcset=\"https:\/\/galeriebecot.com\/wp-content\/uploads\/2023\/04\/Peio-1-1024x1007.jpg 1024w, https:\/\/galeriebecot.com\/wp-content\/uploads\/2023\/04\/Peio-1-300x295.jpg 300w, https:\/\/galeriebecot.com\/wp-content\/uploads\/2023\/04\/Peio-1-768x755.jpg 768w, https:\/\/galeriebecot.com\/wp-content\/uploads\/2023\/04\/Peio-1.jpg 1224w\" sizes=\"auto, (max-width: 1024px) 100vw, 1024px\" \/><\/a><\/figure>\n\n\n\n<figure class=\"wp-block-image size-large\"><a href=\"https:\/\/www.galeriea.ca\/peio-eliceiry-positions\/\"><img loading=\"lazy\" decoding=\"async\" width=\"886\" height=\"1024\" src=\"https:\/\/www.galeriebecot.com\/wp-content\/uploads\/2023\/04\/peio-2-886x1024.jpg\" alt=\"\" class=\"wp-image-17397\" srcset=\"https:\/\/galeriebecot.com\/wp-content\/uploads\/2023\/04\/peio-2-886x1024.jpg 886w, https:\/\/galeriebecot.com\/wp-content\/uploads\/2023\/04\/peio-2-260x300.jpg 260w, https:\/\/galeriebecot.com\/wp-content\/uploads\/2023\/04\/peio-2-768x888.jpg 768w, https:\/\/galeriebecot.com\/wp-content\/uploads\/2023\/04\/peio-2.jpg 1224w\" sizes=\"auto, (max-width: 886px) 100vw, 886px\" \/><\/a><\/figure>\n","protected":false},"excerpt":{"rendered":"<p>Vernissage le vendredi 5 mai de 17 \u00e0 21 h. La Galerie A, est heureuse de pr\u00e9senter le travail r\u00e9cent de P\u00e9io Eliceiry&#8230;.<\/p>\n","protected":false},"author":1,"featured_media":0,"comment_status":"open","ping_status":"open","sticky":false,"template":"","format":"standard","meta":{"_exactmetrics_skip_tracking":false,"_exactmetrics_sitenote_active":false,"_exactmetrics_sitenote_note":"","_exactmetrics_sitenote_category":0,"footnotes":""},"categories":[27,19],"tags":[4428,43,6,66,35,2873,58,2021,37,40],"class_list":["post-17395","post","type-post","status-publish","format-standard","hentry","category-artistes","category-vernissage","tag-anne-damours-2","tag-arts-visuels","tag-club-des-collectionneurs-en-arts-visuels-de-quebec","tag-club-des-collectionneurs-en-arts-visuels-de-quebec-studio-becot","tag-foire-en-arts-actuel","tag-galerie-a","tag-marc-bellemare-collectionneur","tag-peio-eliceiry","tag-studio-becot","tag-visuals-arts"],"_links":{"self":[{"href":"https:\/\/galeriebecot.com\/index.php?rest_route=\/wp\/v2\/posts\/17395","targetHints":{"allow":["GET"]}}],"collection":[{"href":"https:\/\/galeriebecot.com\/index.php?rest_route=\/wp\/v2\/posts"}],"about":[{"href":"https:\/\/galeriebecot.com\/index.php?rest_route=\/wp\/v2\/types\/post"}],"author":[{"embeddable":true,"href":"https:\/\/galeriebecot.com\/index.php?rest_route=\/wp\/v2\/users\/1"}],"replies":[{"embeddable":true,"href":"https:\/\/galeriebecot.com\/index.php?rest_route=%2Fwp%2Fv2%2Fcomments&post=17395"}],"version-history":[{"count":4,"href":"https:\/\/galeriebecot.com\/index.php?rest_route=\/wp\/v2\/posts\/17395\/revisions"}],"predecessor-version":[{"id":17402,"href":"https:\/\/galeriebecot.com\/index.php?rest_route=\/wp\/v2\/posts\/17395\/revisions\/17402"}],"wp:attachment":[{"href":"https:\/\/galeriebecot.com\/index.php?rest_route=%2Fwp%2Fv2%2Fmedia&parent=17395"}],"wp:term":[{"taxonomy":"category","embeddable":true,"href":"https:\/\/galeriebecot.com\/index.php?rest_route=%2Fwp%2Fv2%2Fcategories&post=17395"},{"taxonomy":"post_tag","embeddable":true,"href":"https:\/\/galeriebecot.com\/index.php?rest_route=%2Fwp%2Fv2%2Ftags&post=17395"}],"curies":[{"name":"wp","href":"https:\/\/api.w.org\/{rel}","templated":true}]}}