{"id":1730,"date":"2014-03-03T12:04:22","date_gmt":"2014-03-03T17:04:22","guid":{"rendered":"http:\/\/www.clubdescollectionneursenartsvisuelsdequebec.com\/?p=1730"},"modified":"2014-03-15T11:23:21","modified_gmt":"2014-03-15T15:23:21","slug":"bazzart","status":"publish","type":"post","link":"https:\/\/galeriebecot.com\/?p=1730","title":{"rendered":"Bazzart et Le club des collectionneurs en arts visuels de Qu\u00e9bec"},"content":{"rendered":"<p><a title=\"Bazzart\" href=\"http:\/\/www.bazzart.qc.ca\/news.php\"><img loading=\"lazy\" decoding=\"async\" class=\"alignnone size-full wp-image-1733\" alt=\"Bazzart\" src=\"https:\/\/www.galeriebecot.com\/wp-content\/uploads\/2014\/03\/Bazzart.jpg\" width=\"709\" height=\"340\" srcset=\"https:\/\/galeriebecot.com\/wp-content\/uploads\/2014\/03\/Bazzart.jpg 709w, https:\/\/galeriebecot.com\/wp-content\/uploads\/2014\/03\/Bazzart-300x143.jpg 300w\" sizes=\"auto, (max-width: 709px) 100vw, 709px\" \/><\/a><\/p>\n<div><strong>BAZZART pr\u00e9sente un nouveau num\u00e9ro<\/strong> consacr\u00e9 aux arts visuels qu\u00e9b\u00e9cois. D\u00e8s le 28 f\u00e9vrier, vous pourrez ramasser gratuitement un exemplaire disponible chez un de nos 250 partenaires et en apprendre davantage sur le march\u00e9 de l\u2019art actuel\u00a0!<\/div>\n<div>Pour en arriver \u00e0 ce num\u00e9ro largement illustr\u00e9, nous nous sommes entretenus avec des personnalit\u00e9s qui baignent dans le milieu\u00a0: des artistes, \u00e9videmment, mais aussi des collectionneurs, des galeries et des sp\u00e9cialistes de l\u2019art. Aristide Gagnon, Alain Lacoursi\u00e8re, Bernard Lamarche, Joseph-Richard Veilleux, Marc Bellemare et plusieurs autres.\u00a0BAZZART partage ses pages avec plusieurs partenaires du milieu, des organismes, des institutions et des entreprises, qui s\u2019impliquent et qui se d\u00e9passent pour soutenir et pr\u00e9senter le talent actuel.<\/div>\n<div>Merci \u00e0 tous nos partenaires\u00a0!<\/div>\n<p>&nbsp;<\/p>\n<p><strong>Le club des collectionneurs en arts visuels de Qu\u00e9bec<\/strong><\/p>\n<p>Pas besoin d\u2019\u00eatre collectionneur ni m\u00eame membre pour participer aux activit\u00e9s gratuites organis\u00e9es par le Club.<\/p>\n<p>Fond\u00e9 en 2004 par Marc Bellemare, avocat bien connu dans la r\u00e9gion de Qu\u00e9bec, et Jean Gaudreau, artiste- peintre, le regroupement organise des soir\u00e9es-conf\u00e9rences et des visites d\u2019atelier \u00e0 quelques reprises pendant l\u2019ann\u00e9e. Il souhaite ainsi provoquer la rencontre entre les artistes, les collectionneurs et les amateurs d\u2019art de tout horizon.<\/p>\n<p><a href=\"https:\/\/www.galeriebecot.com\/wp-content\/uploads\/2014\/03\/Beck.jpg\"><img loading=\"lazy\" decoding=\"async\" class=\"alignnone size-full wp-image-1764\" alt=\"Beck\" src=\"https:\/\/www.galeriebecot.com\/wp-content\/uploads\/2014\/03\/Beck.jpg\" width=\"144\" height=\"110\" \/><\/a><\/p>\n<p>Selon Andr\u00e9 B\u00e9cot, membre du comit\u00e9 de programmation du Club, il \u00e9tait imp\u00e9ratif de stimuler autrement la diffusion des arts visuels dans une ville o\u00f9, s\u2019il y a beaucoup d\u2019artistes, la vitrine consacr\u00e9e aux arts n\u2019en demeure pas moins r\u00e9duite. Avoir ainsi un acc\u00e8s privil\u00e9gi\u00e9 \u00e0 l\u2019univers des artistes en vedette lors de ces soir\u00e9es est une fa\u00e7on originale de se familiariser avec l\u2019art de fa\u00e7on plus directe.<\/p>\n<p>Anecdotes passionnantes, discussions anim\u00e9es et plaisirs partag\u00e9s sont toujours au menu. Pour rester \u00e0 l\u2019aff\u00fbt des activit\u00e9s \u00e0 venir en 2014, inscrivez-vous \u00e0 l\u2019infolettre ou visitez r\u00e9guli\u00e8rement la page du Club. (GV)<\/p>\n<p>clubdescollectionneursenarts visuelsdequebec.com<\/p>\n<p>__________________________________<\/p>\n<p><strong>Dans le milieu des arts visuels, l\u2019avocat Marc bellemare est connu comme un des grands collectionneurs qu\u00e9b\u00e9cois.<\/strong><\/p>\n<p><a href=\"https:\/\/www.galeriebecot.com\/wp-content\/uploads\/2014\/03\/Marc.jpg\"><img loading=\"lazy\" decoding=\"async\" class=\"alignnone size-full wp-image-1748\" alt=\"Marc\" src=\"https:\/\/www.galeriebecot.com\/wp-content\/uploads\/2014\/03\/Marc.jpg\" width=\"580\" height=\"208\" srcset=\"https:\/\/galeriebecot.com\/wp-content\/uploads\/2014\/03\/Marc.jpg 580w, https:\/\/galeriebecot.com\/wp-content\/uploads\/2014\/03\/Marc-300x107.jpg 300w\" sizes=\"auto, (max-width: 580px) 100vw, 580px\" \/><\/a><\/p>\n<p><em>Photo: Renaud Philippe<\/em><\/p>\n<p>Marc Bellemare \u00ab UN PENCHANT POUR LES ARTISTES ENGAG\u00c9S \u00bb\/ <em>par Caroline HOUDE<\/em><\/p>\n<p>Celui qui m\u00e8ne, depuis 1978, un inlassable combat contre le r\u00e9gime d\u2019indemnisation no fault admet avoir de l\u2019estime pour les artistes qui, comme lui, ne craignent pas de remettre en cause les r\u00e8gles \u00e9tablies.<\/p>\n<p>\u00ab C\u2019est important pour moi, la pens\u00e9e de l\u2019artiste. C\u2019est pour \u00e7a que je voue un grand respect aux automatistes et aux plasticiens. Depuis la fin de ces mouvements, je reste sur mon app\u00e9tit. \u00bb Selon ma\u00eetre Bellemare, dont la collection comporte de nombreuses pi\u00e8ces des ann\u00e9es 40 et 50 issues de ces mouvements, les artistes \u00e9taient plus engag\u00e9s \u00e0 cette \u00e9poque. Cet engagement lui semble plus rare depuis le d\u00e9part de Serge Lemoyne, un artiste dont le travail le plus connu provient de sa p\u00e9riode Bleu Blanc Rouge en lien avec l\u2019\u00e9quipe de hockey les Canadiens de Montr\u00e9al.<\/p>\n<p>\u00ab Il y en a des jeunes qui sont significatifs en ce moment. Je pense \u00e0 Martin Bureau et \u00e0 St\u00e9phane La Rue, dont j\u2019ai aussi des \u0153uvres. Ils ont des id\u00e9es au sujet<\/p>\n<p>de l\u2019art, de leur r\u00f4le dans la soci\u00e9t\u00e9 et ils cherchent \u00e0 faire avancer la pens\u00e9e<\/p>\n<p>des gens par rapport \u00e0 l\u2019art. \u00bb Avec tous les moyens dont disposent les artistes aujourd\u2019hui, monsieur Bellemare se dit surpris de ne pas les voir utiliser leur pouvoir en s\u2019impliquant davantage dans les grands d\u00e9bats sociaux. \u00ab Si<\/p>\n<p>t\u2019es un artiste et que tu te consacres uniquement \u00e0 cr\u00e9er des \u0153uvres pour r\u00e9pondre \u00e0 un march\u00e9 de consommation, alors l\u00e0, tu risques de te perdre. C\u2019est certain qu\u2019il faut vivre aussi, mais si tu cr\u00e9es sans te soucier de ce que les gens vont penser de tes \u0153uvres, tu as une libert\u00e9 plus grande. \u00bb<\/p>\n<p>Il poursuit en mentionnant que la beaut\u00e9 plastique d\u2019une \u0153uvre n\u2019est pas primordiale. Ce qui compte vraiment pour lui, c\u2019est la place qu\u2019occupe cette \u0153uvre dans le cycle de l\u2019artiste. Est-ce<\/p>\n<p>une \u0153uvre marquante? Provient-elle d\u2019une p\u00e9riode importante dans le parcours du cr\u00e9ateur? \u00ab Moi, j\u2019ai besoin de \u00e7a dans ma collection. \u00bb<\/p>\n<p>Il d\u00e9plore le besoin qu\u2019ont plusieurs Qu\u00e9b\u00e9cois de toujours vouloir faire ce qui va plaire aux autres pour \u00e9viter de d\u00e9ranger. \u00ab On n\u2019a pas un caract\u00e8re tr\u00e8s fort au Qu\u00e9bec. On ach\u00e8te des \u0153uvres et on est un peu g\u00ean\u00e9 de nos acquisitions. On ach\u00e8te un char pour aller avec la couleur des briques de la maison. Quand on arrive dans les arts, c\u2019est cens\u00e9 \u00eatre l\u2019\u00e9clatement, mais non, on est pogn\u00e9s dans nos patterns. Il faut que tu assumes que les gens peuvent dire que t\u2019es un capot\u00e9, un fou. Dans le pass\u00e9, ce sont ces artistes-l\u00e0 qui ont fait avancer la soci\u00e9t\u00e9. \u00bb<\/p>\n<p>&#8212;&#8212;&#8212;&#8212;&#8212;&#8212;&#8212;&#8212;&#8212;&#8212;&#8212;&#8212;&#8212;&#8212;&#8212;&#8212;&#8212;&#8212;&#8211;<\/p>\n<p><strong>Aristide Gagnon<\/strong><\/p>\n<p align=\"LEFT\"><strong>Le grand-p\u00e8re du bronze<\/strong><\/p>\n<p>\/ <em>par Caroline HOUDE<\/em><\/p>\n<p align=\"LEFT\">Dehors, le temps est lourd et gris, mais en ouvrant la porte de son atelierfonderie,le peintre et sculpteur Aristide Gagnon nous accueille avec le regard<\/p>\n<p>lumineux d\u2019un jeune enfant, bien qu\u2019il vienne de c\u00e9l\u00e9brer ses 83 ans.<\/p>\n<p><a href=\"https:\/\/www.galeriebecot.com\/wp-content\/uploads\/2014\/03\/Aristide.jpg\"><img loading=\"lazy\" decoding=\"async\" class=\"alignnone size-full wp-image-1746\" alt=\"Aristide\" src=\"https:\/\/www.galeriebecot.com\/wp-content\/uploads\/2014\/03\/Aristide.jpg\" width=\"854\" height=\"722\" srcset=\"https:\/\/galeriebecot.com\/wp-content\/uploads\/2014\/03\/Aristide.jpg 854w, https:\/\/galeriebecot.com\/wp-content\/uploads\/2014\/03\/Aristide-300x253.jpg 300w\" sizes=\"auto, (max-width: 854px) 100vw, 854px\" \/><\/a><\/p>\n<p><em>Photo:Isabelle Houde<\/em><\/p>\n<p align=\"LEFT\">\u00c0 l\u2019int\u00e9rieur, il fait soleil. De grands tableaux abstraits habillent les vieux murs<\/p>\n<p align=\"LEFT\">de brique de la fonderie. D\u2019intrigantes sph\u00e8res de bronze sculpt\u00e9es par l\u2019artiste<\/p>\n<p align=\"LEFT\">arborent des reliefs vari\u00e9s dont plusieurs \u00e9voquent des \u00e9l\u00e9ments organiques.<\/p>\n<p align=\"LEFT\">De magnifiques cloches, toujours en bronze, sont suspendues au centre de<\/p>\n<p align=\"LEFT\">la pi\u00e8ce du rez-de-chauss\u00e9e tandis que la riche fenestration des lieux jette une<\/p>\n<p align=\"LEFT\">lumi\u00e8re mettant parfaitement en valeur les patines et les textures des oeuvres de<\/p>\n<p align=\"LEFT\">l\u2019artiste. L\u2019ensemble conf\u00e8re \u00e0 l\u2019atelier charg\u00e9 d\u2019histoire une atmosph\u00e8re qui se<\/p>\n<p align=\"LEFT\">rapproche du sacr\u00e9.<\/p>\n<p align=\"LEFT\">Originaire de la vall\u00e9e de la Matap\u00e9dia, Aristide Gagnon vient s\u2019\u00e9tablir dans la<\/p>\n<p align=\"LEFT\">ville de Qu\u00e9bec en 1948 et commence \u00e0 peindre. De 1952 \u00e0 1956, il fr\u00e9quente<\/p>\n<p align=\"LEFT\">l\u2019\u00c9cole des beaux-arts de Qu\u00e9bec. \u00ab C\u2019est pendant mes \u00e9tudes que j\u2019ai vraiment<\/p>\n<p align=\"LEFT\">commenc\u00e9 \u00e0 vivre de mon art. Je faisais des petites illustrations avec des vues<\/p>\n<p align=\"LEFT\">de la ville et je vendais \u00e7a 10 $ chez des marchands de mat\u00e9riel artistique, car il<\/p>\n<p align=\"LEFT\">n\u2019y avait pas encore de galeries d\u2019art \u00e0 Qu\u00e9bec, dans ce temps-l\u00e0. Aujourd\u2019hui,<\/p>\n<p align=\"LEFT\">\u00e7a peut para\u00eetre bizarre de dire que je vendais des aquarelles \u00e0 10 $, mais<\/p>\n<p align=\"LEFT\">comme je payais mon loyer chauff\u00e9 35 $ par mois, je vendais assez dans un \u00e9t\u00e9<\/p>\n<p align=\"LEFT\">pour passer mon hiver. \u00bb<\/p>\n<p align=\"LEFT\">D\u00e8s la fin des ann\u00e9es 40, l\u2019acad\u00e9misme dans l\u2019art qu\u00e9b\u00e9cois est bouscul\u00e9, \u00e0 la<\/p>\n<p align=\"LEFT\">suite de la publication du Refus global par les automatistes et, au milieu des<\/p>\n<p align=\"LEFT\">ann\u00e9es 50, du manifeste des Plasticiens.\u00ab Curieusement, ces mouvements ne<\/p>\n<p align=\"LEFT\">touchaient pas beaucoup les peintres de Qu\u00e9bec. \u00bb En riant, Aristide Gagnon<\/p>\n<p align=\"LEFT\">raconte avoir demand\u00e9 \u00e0 Jean Paul Lemieux, qui \u00e9tait son professeur aux<\/p>\n<p align=\"LEFT\">beaux-arts, s\u2019il consid\u00e9rait le Refus global comme important. Ce dernier<\/p>\n<p align=\"LEFT\">aurait r\u00e9pondu : \u00ab Bah! non \u00bb. Amusant, quand nous savons aujourd\u2019hui la place<\/p>\n<p align=\"LEFT\">qu\u2019occupent ces mouvements dans l\u2019histoire de l\u2019art au Qu\u00e9bec.<\/p>\n<p align=\"LEFT\">En 1958, Aristide Gagnon remporte le plus prestigieux prix pour l\u2019\u00e9poque, le<\/p>\n<p align=\"LEFT\">premier prix en peinture au Concours national du Qu\u00e9bec. \u00ab Il fallait qu\u2019on<\/p>\n<p align=\"LEFT\">pr\u00e9sente des oeuvres non sign\u00e9es, car le jury ne devait pas \u00eatre influenc\u00e9 par le<\/p>\n<p align=\"LEFT\">nom de l\u2019artiste, ce qui n\u2019est pas toujours le cas aujourd\u2019hui, selon moi. \u00c7a se<\/p>\n<p align=\"LEFT\">passait au Mus\u00e9e du Qu\u00e9bec (aujourd\u2019hui le Mus\u00e9e national des beaux-arts du<\/p>\n<p align=\"LEFT\">Qu\u00e9bec) et l\u00e0, devant tout le monde, nous signions nos tableaux. C\u2019\u00e9tait<\/p>\n<p align=\"LEFT\">m\u00e9diatis\u00e9 \u00e0 travers tout le Canada. Trois mois apr\u00e8s, j\u2019avais encore une couverture<\/p>\n<p align=\"LEFT\">m\u00e9diatique. Les galeries de Montr\u00e9al, de Toronto et d\u2019ailleurs me contactaient pour<\/p>\n<p align=\"LEFT\">m\u2019offrir des expositions. \u00bb L\u2019artiste re\u00e7oit alors tant de demandes qu\u2019il doit en<\/p>\n<p align=\"LEFT\">refuser plusieurs. \u00ab \u00c7a me faisait peur, car je me disais : je commence et je n\u2019ai rien,<\/p>\n<p align=\"LEFT\">je ne suis pas pour montrer ce que j\u2019ai fait aux beaux-arts, mes dessins de nus, etc.,<\/p>\n<p align=\"LEFT\">c\u2019\u00e9tait beaucoup trop acad\u00e9mique. \u00bb<\/p>\n<p align=\"LEFT\">\u00c0 partir de 1960, c\u2019est la galerie Zanettin de Qu\u00e9bec qui repr\u00e9sente l\u2019artiste aux<\/p>\n<p align=\"LEFT\">c\u00f4t\u00e9s d\u2019autres peintres tels qu\u2019Edmund Alleyn, Jean Paul Lemieux et Albert<\/p>\n<p align=\"LEFT\">Rousseau, et ce, jusqu\u2019au d\u00e9c\u00e8s de son propri\u00e9taire, en 1989. \u00ab Mes oeuvres se<\/p>\n<p align=\"LEFT\">vendaient tr\u00e8s bien. G\u00e9rard Zanettin me conseillait sur les bonnes pi\u00e8ces \u00e0<\/p>\n<p>pr\u00e9senter \u00e0 la galerie. Il \u00e9tait autodidacte, mais avait une vision et beaucoup de<\/p>\n<p align=\"LEFT\">cr\u00e9dibilit\u00e9 aupr\u00e8s des collectionneurs.<\/p>\n<p align=\"LEFT\">Au premier vernissage, 800 personnes s\u2019\u00e9taient d\u00e9plac\u00e9es pour l\u2019\u00e9v\u00e9nement.<\/p>\n<p align=\"LEFT\">J\u2019avais tout vendu! En plus, les critiques avaient \u00e9t\u00e9 tr\u00e8s bonnes. Je r\u00e9servais mes<\/p>\n<p align=\"LEFT\">oeuvres \u00e0 monsieur Zanettin, mais il ne m\u2019emp\u00eachait pas d\u2019exposer \u00e0 Montr\u00e9al, \u00e0<\/p>\n<p align=\"LEFT\">Toronto et ailleurs, car il savait que c\u2019\u00e9tait bon pour moi et pour lui de le faire. J\u2019avais<\/p>\n<p align=\"LEFT\">la libert\u00e9 d\u2019apporter des changements au niveau de ma production et parfois, c\u2019\u00e9tait<\/p>\n<p align=\"LEFT\">radical. Par exemple, en 1967, j\u2019avais pris un virage vers l\u2019abstraction et il y a des gens<\/p>\n<p align=\"LEFT\">qui m\u2019ont \u201cdisput\u00e9\u201d. Y\u2019a une femme qui collectionnait mes oeuvres et qui m\u2019a dit :<\/p>\n<p align=\"LEFT\">vous l\u00e0, je ne vous aime plus! J\u2019ai r\u00e9pondu : moi j\u2019vous aime encore. Et j\u2019ai tout vendu ce<\/p>\n<p align=\"LEFT\">que j\u2019avais expos\u00e9 quand m\u00eame. Apr\u00e8s la mort de Zanettin, je suis all\u00e9<\/p>\n<p align=\"LEFT\">dans d\u2019autres galeries, mais \u00e7a n\u2019a pas bien \u00e9t\u00e9. Y\u2019en a qui ont essay\u00e9 de<\/p>\n<p align=\"LEFT\">m\u2019exploiter. Y\u2019en a plusieurs, des artistes, qui se font exploiter\u2026 \u00bb<\/p>\n<p align=\"LEFT\">En 1970, Aristide Gagnon fait la d\u00e9couverte de la sculpture, ce qui<\/p>\n<p align=\"LEFT\">l\u2019am\u00e8ne \u00e0 acqu\u00e9rir sa fonderie actuelle. \u00ab Mon fils voulait faire de la sculpture<\/p>\n<p align=\"LEFT\">en p\u00e2te \u00e0 modeler\u2026 Il devait avoir cinq ou six ans. Je me souviens, il avait<\/p>\n<p align=\"LEFT\">fait un petit pingouin et moi, un petit phoque. Je lui ai dit : veux-tu que papa<\/p>\n<p align=\"LEFT\">te le coule en pl\u00e2tre? Il m\u2019a r\u00e9pondu oui. J\u2019ai dit : ok, quand tu vas revenir<\/p>\n<p align=\"LEFT\">de l\u2019\u00e9cole, tu vas l\u2019avoir en pl\u00e2tre. J\u2019ai fabriqu\u00e9 un petit moule et je lui ai<\/p>\n<p align=\"LEFT\">coul\u00e9 \u00e7a en pl\u00e2tre. Ensuite, j\u2019ai pass\u00e9 deux ans \u00e0 faire des tests avec divers<\/p>\n<p align=\"LEFT\">m\u00e9taux sur des petites pi\u00e8ces. Puis, j\u2019ai utilis\u00e9 des moules plus r\u00e9sistants<\/p>\n<p align=\"LEFT\">qui pouvaient prendre le bronze. J\u2019ai fait des recherches et l\u00e0, je suis venu<\/p>\n<p align=\"LEFT\">ici pour les faire remplir\u2026 C\u2019\u00e9tait une fonderie. Les employ\u00e9s travaillaient<\/p>\n<p align=\"LEFT\">pour une grosse compagnie de papier; ils coulaient d\u2019immenses pi\u00e8ces<\/p>\n<p align=\"LEFT\">d\u2019engrenages pour de la m\u00e9canique industrielle. Ils trouvaient \u00e7a bien dr\u00f4le<\/p>\n<p align=\"LEFT\">de me voir arriver avec mes \u201cb\u00e9belles\u201d.<\/p>\n<p align=\"LEFT\">Au bout de deux ans \u00e0 faire \u00e7a, ils m\u2019ont dit : vous devrez maintenant aller \u00e0 L\u00e9vis<\/p>\n<p align=\"LEFT\">parce qu\u2019ici, nous fermons et \u00e7a va \u00eatre d\u00e9mantel\u00e9. J\u2019ai d\u00e9cid\u00e9 d\u2019aller voir les<\/p>\n<p align=\"LEFT\">propri\u00e9taires et ils m\u2019ont fait un prix. J\u2019ai donc achet\u00e9 tout le mat\u00e9riel sur place,<\/p>\n<p align=\"LEFT\">mais \u00e0 ce moment, j\u2019\u00e9tais toujours un locataire. Un an plus tard, je suis retourn\u00e9<\/p>\n<p align=\"LEFT\">les voir et, avec un autre partenaire, nous avons achet\u00e9 la b\u00e2tisse. Apr\u00e8s quelques<\/p>\n<p align=\"LEFT\">ann\u00e9es, l\u2019autre a d\u00e9cid\u00e9 de quitter et il m\u2019a finalement vendu sa part. \u00bb<\/p>\n<p align=\"LEFT\">En 2013, lors d\u2019un vernissage au Mus\u00e9e du bronze d\u2019Inverness, Aristide Gagnon<\/p>\n<p align=\"LEFT\">a publiquement \u00e9t\u00e9 pr\u00e9sent\u00e9 comme \u00e9tant le grand-p\u00e8re du bronze au<\/p>\n<p align=\"LEFT\">Qu\u00e9bec. \u00ab Oui, c\u2019est parce que G\u00e9rard B\u00e9langer est venu travailler ici, \u00e0 la<\/p>\n<p align=\"LEFT\">fonderie, avec moi. Je lui avais dit : \u201cje ne ferai pas tes pi\u00e8ces, mais si tu veux,<\/p>\n<p align=\"LEFT\">je te montrerai comment\u201d. Il voulait lancer une fonderie d\u2019art \u00e0 Inverness et,<\/p>\n<p align=\"LEFT\">au bout de six ou sept ans, il s\u2019est senti m\u00fbr pour d\u00e9marrer son projet. Pendant<\/p>\n<p align=\"LEFT\">deux ans, j\u2019ai \u00e9galement particip\u00e9 \u00e0 la mise sur pied du mus\u00e9e. Je trouvais<\/p>\n<p align=\"LEFT\">que G\u00e9rard avait du talent. Si \u00e7a avait \u00e9t\u00e9 un empot\u00e9, je n\u2019aurais jamais voulu<\/p>\n<p align=\"LEFT\">travailler avec (rires). Et, puisque lui c\u2019est le p\u00e8re du bronze, alors moi, je dois \u00eatre<\/p>\n<p align=\"LEFT\">le grand-p\u00e8re (rires). \u00bb<\/p>\n<p align=\"LEFT\">En 2010, le Centre culturel Yvonne- Bombardier, situ\u00e9 \u00e0 Valcourt en Estrie,<\/p>\n<p align=\"LEFT\">a pr\u00e9sent\u00e9 au public une r\u00e9trospective de la carri\u00e8re d\u2019Aristide Gagnon incluant<\/p>\n<p align=\"LEFT\">une cinquantaine de ses tableaux et une cinquantaine de ses sculptures de bronze.<\/p>\n<p align=\"LEFT\">Aux dires de l\u2019artiste, il s\u2019agit de sa plus remarquable exposition \u00e0 ce jour.<\/p>\n<p align=\"LEFT\">\u00ab Ce f\u00fbt extraordinaire et toute leur \u00e9quipe a \u00e9t\u00e9 d\u2019un accueil des plus<\/p>\n<p align=\"LEFT\">chaleureux \u00bb, ajoute monsieur Gagnon. Aujourd\u2019hui, nous retrouvons plusieurs<\/p>\n<p align=\"LEFT\">des oeuvres du peintre et sculpteur dans diff\u00e9rentes collections publiques et<\/p>\n<p align=\"LEFT\">priv\u00e9es \u00e0 travers le Qu\u00e9bec, le Canada,<\/p>\n<p align=\"LEFT\">les \u00c9tats-Unis et l\u2019Europe. Les int\u00e9ress\u00e9s peuvent admirer certaines<\/p>\n<p align=\"LEFT\">de ses sculptures publiques devant l\u2019h\u00f4tel Belley, au parc Durocher et au<\/p>\n<p align=\"LEFT\">Parlement de Qu\u00e9bec, mais aussi au parc Lavigerie, \u00e0 Sainte-Foy, et \u00e0 la place<\/p>\n<p align=\"LEFT\">Mercantile de Montr\u00e9al, pour ne citer que ces quelques lieux.<\/p>\n<p align=\"LEFT\">En parlant de l\u2019\u00e9volution de sa d\u00e9marche de cr\u00e9ation, l\u2019artiste explique qu\u2019apr\u00e8s<\/p>\n<p align=\"LEFT\">avoir peint de l\u2019abstraction pure pendant de nombreuses ann\u00e9es, sa derni\u00e8re s\u00e9rie<\/p>\n<p align=\"LEFT\">de tableaux laisse \u00e9merger de son univers abstrait des \u00e9l\u00e9ments figuratifs. Inspir\u00e9<\/p>\n<p align=\"LEFT\">par la citation de D\u00e9mocrite \u00ab Tout ce qui existe dans l\u2019univers est le fruit du hasard<\/p>\n<p align=\"LEFT\">et de la n\u00e9cessit\u00e9 \u00bb, Aristide Gagnon raconte que le point de d\u00e9part de cette<\/p>\n<p align=\"LEFT\">nouvelle figuration est, bien souvent, une tache de couleur appliqu\u00e9e d\u2019un geste<\/p>\n<p align=\"LEFT\">libre qui lui sugg\u00e8re les images qu\u2019il devra ensuite faire ressortir du tableau.<\/p>\n<p align=\"LEFT\">\u00ab J\u2019aime produire et m\u2019exprimer, c\u2019est toujours tr\u00e8s pr\u00e9sent en moi. Mon travail<\/p>\n<p align=\"LEFT\">est tr\u00e8s spontan\u00e9 et intuitif. Pour moi, il y a toujours une part de myst\u00e8re dans la<\/p>\n<p align=\"LEFT\">cr\u00e9ation. On ne peut pas tout saisir dans un tableau et dire pourquoi il nous parle<\/p>\n<p align=\"LEFT\">ou nous \u00e9meut \u00e0 ce point. Si nous le savions, nous pourrions faire une recette<\/p>\n<p align=\"LEFT\">pour que \u00e7a se produise chaque fois. \u00bb<\/p>\n<p align=\"LEFT\">Apr\u00e8s 60 ans de carri\u00e8re \u00e0 vivre de son art, Aristide Gagnon a-t-il encore des<\/p>\n<p align=\"LEFT\">r\u00eaves \u00e0 r\u00e9aliser? Il semble peser ses mots pour r\u00e9pondre, sur un ton rempli<\/p>\n<p align=\"LEFT\">d\u2019humilit\u00e9 :<\/p>\n<p align=\"LEFT\">\u00ab C\u2019est certain que si on m\u2019offrait une exposition dans un grand mus\u00e9e, \u00e7a<\/p>\n<p align=\"LEFT\">serait agr\u00e9able pour moi, mais je n\u2019ai jamais travaill\u00e9 pour la gloire, \u00e7a, c\u2019est<\/p>\n<p align=\"LEFT\">d\u00e9finitif. Le bonheur, il faut que tu l\u2019aies en toi. Moi, je suis tr\u00e8s content d\u2019avoir cet<\/p>\n<p align=\"LEFT\">immense atelier-l\u00e0. \u00bb<\/p>\n<p>aristidegagnon.com<\/p>\n<p>&nbsp;<\/p>\n<p align=\"LEFT\">\n","protected":false},"excerpt":{"rendered":"<p>BAZZART pr\u00e9sente un nouveau num\u00e9ro consacr\u00e9 aux arts visuels qu\u00e9b\u00e9cois. D\u00e8s le 28 f\u00e9vrier, vous pourrez ramasser gratuitement un exemplaire disponible chez un de nos 250 partenaires et en apprendre&hellip; <\/p>\n","protected":false},"author":1,"featured_media":0,"comment_status":"open","ping_status":"open","sticky":false,"template":"","format":"standard","meta":{"_exactmetrics_skip_tracking":false,"_exactmetrics_sitenote_active":false,"_exactmetrics_sitenote_note":"","_exactmetrics_sitenote_category":0,"footnotes":""},"categories":[20],"tags":[206,34,53,10,205,47,207,67,66,208,58,60,40],"class_list":["post-1730","post","type-post","status-publish","format-standard","hentry","category-article-descriptif","tag-alain-lacoursiere","tag-andre-becot","tag-aristide-gagnon","tag-artsites","tag-bazzart","tag-becot-artiste","tag-bernard-lamarche","tag-club-des-collectionneurs-en-arts-visuels-de-quebec-marc-bellemare","tag-club-des-collectionneurs-en-arts-visuels-de-quebec-studio-becot","tag-joseph-richard-veilleux","tag-marc-bellemare-collectionneur","tag-marcia-lorenzato-artistes-studio-becot","tag-visuals-arts"],"_links":{"self":[{"href":"https:\/\/galeriebecot.com\/index.php?rest_route=\/wp\/v2\/posts\/1730","targetHints":{"allow":["GET"]}}],"collection":[{"href":"https:\/\/galeriebecot.com\/index.php?rest_route=\/wp\/v2\/posts"}],"about":[{"href":"https:\/\/galeriebecot.com\/index.php?rest_route=\/wp\/v2\/types\/post"}],"author":[{"embeddable":true,"href":"https:\/\/galeriebecot.com\/index.php?rest_route=\/wp\/v2\/users\/1"}],"replies":[{"embeddable":true,"href":"https:\/\/galeriebecot.com\/index.php?rest_route=%2Fwp%2Fv2%2Fcomments&post=1730"}],"version-history":[{"count":21,"href":"https:\/\/galeriebecot.com\/index.php?rest_route=\/wp\/v2\/posts\/1730\/revisions"}],"predecessor-version":[{"id":1765,"href":"https:\/\/galeriebecot.com\/index.php?rest_route=\/wp\/v2\/posts\/1730\/revisions\/1765"}],"wp:attachment":[{"href":"https:\/\/galeriebecot.com\/index.php?rest_route=%2Fwp%2Fv2%2Fmedia&parent=1730"}],"wp:term":[{"taxonomy":"category","embeddable":true,"href":"https:\/\/galeriebecot.com\/index.php?rest_route=%2Fwp%2Fv2%2Fcategories&post=1730"},{"taxonomy":"post_tag","embeddable":true,"href":"https:\/\/galeriebecot.com\/index.php?rest_route=%2Fwp%2Fv2%2Ftags&post=1730"}],"curies":[{"name":"wp","href":"https:\/\/api.w.org\/{rel}","templated":true}]}}