{"id":1719,"date":"2014-02-25T18:11:22","date_gmt":"2014-02-25T23:11:22","guid":{"rendered":"http:\/\/www.clubdescollectionneursenartsvisuelsdequebec.com\/?p=1719"},"modified":"2014-03-15T11:42:18","modified_gmt":"2014-03-15T15:42:18","slug":"100-minutes-avec-fernand-leduc","status":"publish","type":"post","link":"https:\/\/galeriebecot.com\/?p=1719","title":{"rendered":"100 minutes avec Fernand Leduc"},"content":{"rendered":"<p><a href=\"https:\/\/www.galeriebecot.com\/wp-content\/uploads\/2014\/02\/club_leduc_last-1.jpg\"><img loading=\"lazy\" decoding=\"async\" class=\"alignnone size-large wp-image-1720\" alt=\"Sans titre\" src=\"https:\/\/www.galeriebecot.com\/wp-content\/uploads\/2014\/02\/club_leduc_last-1-1024x372.jpg\" width=\"700\" height=\"254\" srcset=\"https:\/\/galeriebecot.com\/wp-content\/uploads\/2014\/02\/club_leduc_last-1-1024x372.jpg 1024w, https:\/\/galeriebecot.com\/wp-content\/uploads\/2014\/02\/club_leduc_last-1-300x109.jpg 300w, https:\/\/galeriebecot.com\/wp-content\/uploads\/2014\/02\/club_leduc_last-1.jpg 1198w\" sizes=\"auto, (max-width: 700px) 100vw, 700px\" \/><\/a><\/p>\n<p>&nbsp;<\/p>\n<p><a href=\"https:\/\/www.galeriebecot.com\/wp-content\/uploads\/2014\/02\/club_leduc_last-2.jpg\"><img loading=\"lazy\" decoding=\"async\" class=\"alignnone size-large wp-image-1721\" alt=\"Sans titre\" src=\"https:\/\/www.galeriebecot.com\/wp-content\/uploads\/2014\/02\/club_leduc_last-2-862x1024.jpg\" width=\"700\" height=\"831\" srcset=\"https:\/\/galeriebecot.com\/wp-content\/uploads\/2014\/02\/club_leduc_last-2-862x1024.jpg 862w, https:\/\/galeriebecot.com\/wp-content\/uploads\/2014\/02\/club_leduc_last-2-252x300.jpg 252w, https:\/\/galeriebecot.com\/wp-content\/uploads\/2014\/02\/club_leduc_last-2.jpg 1200w\" sizes=\"auto, (max-width: 700px) 100vw, 700px\" \/><\/a><\/p>\n<p><a href=\"https:\/\/www.galeriebecot.com\/wp-content\/uploads\/2014\/02\/Leduc-SOLEIL-PUB.jpg\"><img loading=\"lazy\" decoding=\"async\" class=\"alignnone size-large wp-image-1768\" alt=\"3454137.pdf\" src=\"https:\/\/www.galeriebecot.com\/wp-content\/uploads\/2014\/02\/Leduc-SOLEIL-PUB-1024x684.jpg\" width=\"700\" height=\"467\" srcset=\"https:\/\/galeriebecot.com\/wp-content\/uploads\/2014\/02\/Leduc-SOLEIL-PUB-1024x684.jpg 1024w, https:\/\/galeriebecot.com\/wp-content\/uploads\/2014\/02\/Leduc-SOLEIL-PUB-300x200.jpg 300w, https:\/\/galeriebecot.com\/wp-content\/uploads\/2014\/02\/Leduc-SOLEIL-PUB.jpg 1527w\" sizes=\"auto, (max-width: 700px) 100vw, 700px\" \/><\/a><\/p>\n<p>&nbsp;<\/p>\n<p><a href=\"https:\/\/www.galeriebecot.com\/wp-content\/uploads\/2014\/02\/Leduc-Ferd.jpg\"><img loading=\"lazy\" decoding=\"async\" class=\"alignnone size-full wp-image-1759\" alt=\"Leduc Ferd\" src=\"https:\/\/www.galeriebecot.com\/wp-content\/uploads\/2014\/02\/Leduc-Ferd.jpg\" width=\"810\" height=\"982\" srcset=\"https:\/\/galeriebecot.com\/wp-content\/uploads\/2014\/02\/Leduc-Ferd.jpg 810w, https:\/\/galeriebecot.com\/wp-content\/uploads\/2014\/02\/Leduc-Ferd-247x300.jpg 247w\" sizes=\"auto, (max-width: 810px) 100vw, 810px\" \/><\/a><\/p>\n<p><b>L\u2019artiste Fernand Leduc s\u2019est \u00e9teint \u00e0 Montr\u00e9al le 28 Janvier<\/b><\/p>\n<p><b> dernier \u00e0 l\u2019\u00e2ge de 97 ans. <\/b><\/p>\n<p><b>En collaboration avec le Mus\u00e9e national des beaux-arts du Qu\u00e9bec, <\/b><\/p>\n<p><b>le Club des collectionneurs en arts visuels <\/b><\/p>\n<p><b>tient \u00e0 souligner le parcours unique de ce g\u00e9ant de l\u2019art qu\u00e9b\u00e9cois <\/b><\/p>\n<p><b>et de l\u2019art international.<\/b><\/p>\n<p><b>\u00a0<\/b><\/p>\n<p><b>L\u2019\u00e9v\u00e9nement <i>100 minutes avec Fernand Leduc<\/i><\/b><b> permettra <\/b><\/p>\n<p><b>au public de Qu\u00e9bec d\u2019entendre les t\u00e9moignages <\/b><\/p>\n<p><b>d\u2019artistes et de proches de cet artiste exceptionnel. <\/b><\/p>\n<p><b>Ils relateront les \u00e9pisodes marquants de sa vie<\/b><\/p>\n<p><b>et de sa carri\u00e8re, \u00e0 partir de son inscription \u00e0<\/b><\/p>\n<p><b> l\u2019\u00c9cole des beaux-arts de Montr\u00e9al jusqu\u2019aux microchromies,<\/b><\/p>\n<p><b> en passant par les mouvements automatiste <\/b><\/p>\n<p><b>et plasticien auxquels il a contribu\u00e9 de fa\u00e7on significative.<\/b><\/p>\n<p><b>\u00a0<\/b><\/p>\n<p><b>Seront entendu(e)s\u00a0:<\/b><\/p>\n<p><b>\u00a0<\/b><\/p>\n<p><b>. Madame Isabelle Leduc, artiste en arts visuels et fille de Fernand Leduc;<\/b><\/p>\n<p><b>. Madame Jeanne Renaud, chor\u00e9graphe;<\/b><\/p>\n<p><b>. Madame Line Ouellet, directrice g\u00e9n\u00e9rale du MNBA;<\/b><\/p>\n<p><b>. Monsieur Ren\u00e9 Viau, critique d\u2019art et commissaire d\u2019expositions;<\/b><\/p>\n<p><b>. Monsieur Roger Bellemare, artiste et galeriste.<\/b><\/p>\n<p><b>. Monsieur Mario C\u00f4t\u00e9, artiste multidisciplinaire et documentariste.<\/b><\/p>\n<p><b>\u00a0<\/b><\/p>\n<p><b>Une p\u00e9riode de questions et une d\u00e9gustation suivront. <\/b><\/p>\n<p><b>Fid\u00e8le \u00e0 la tradition depuis sa fondation en 2004,<\/b><\/p>\n<p><b> Le Club offre cette soir\u00e9e gratuitement aux amateurs d\u2019art de Qu\u00e9bec. <\/b><\/p>\n<p><b>Aucune r\u00e9servation possible. Les portes du Mus\u00e9e ouvriront \u00e0 18h30.<\/b><\/p>\n<p><b>\u00a0<\/b><\/p>\n","protected":false},"excerpt":{"rendered":"<p>&nbsp; &nbsp; L\u2019artiste Fernand Leduc s\u2019est \u00e9teint \u00e0 Montr\u00e9al le 28 Janvier dernier \u00e0 l\u2019\u00e2ge de 97 ans. En collaboration avec le Mus\u00e9e national des beaux-arts du Qu\u00e9bec, le Club&hellip; <\/p>\n","protected":false},"author":1,"featured_media":0,"comment_status":"open","ping_status":"open","sticky":false,"template":"","format":"standard","meta":{"_exactmetrics_skip_tracking":false,"_exactmetrics_sitenote_active":false,"_exactmetrics_sitenote_note":"","_exactmetrics_sitenote_category":0,"footnotes":""},"categories":[17],"tags":[34,43,6,67,161,164,202,168,58,204,166,203,37,45,40],"class_list":["post-1719","post","type-post","status-publish","format-standard","hentry","category-conference","tag-andre-becot","tag-arts-visuels","tag-club-des-collectionneurs-en-arts-visuels-de-quebec","tag-club-des-collectionneurs-en-arts-visuels-de-quebec-marc-bellemare","tag-fernand-leduc","tag-isabelle-leduc","tag-jeanne-renaud","tag-line-ouellet","tag-marc-bellemare-collectionneur","tag-mario-cote","tag-rene-viau","tag-roger-bellemare","tag-studio-becot","tag-visual-art","tag-visuals-arts"],"_links":{"self":[{"href":"https:\/\/galeriebecot.com\/index.php?rest_route=\/wp\/v2\/posts\/1719","targetHints":{"allow":["GET"]}}],"collection":[{"href":"https:\/\/galeriebecot.com\/index.php?rest_route=\/wp\/v2\/posts"}],"about":[{"href":"https:\/\/galeriebecot.com\/index.php?rest_route=\/wp\/v2\/types\/post"}],"author":[{"embeddable":true,"href":"https:\/\/galeriebecot.com\/index.php?rest_route=\/wp\/v2\/users\/1"}],"replies":[{"embeddable":true,"href":"https:\/\/galeriebecot.com\/index.php?rest_route=%2Fwp%2Fv2%2Fcomments&post=1719"}],"version-history":[{"count":10,"href":"https:\/\/galeriebecot.com\/index.php?rest_route=\/wp\/v2\/posts\/1719\/revisions"}],"predecessor-version":[{"id":1769,"href":"https:\/\/galeriebecot.com\/index.php?rest_route=\/wp\/v2\/posts\/1719\/revisions\/1769"}],"wp:attachment":[{"href":"https:\/\/galeriebecot.com\/index.php?rest_route=%2Fwp%2Fv2%2Fmedia&parent=1719"}],"wp:term":[{"taxonomy":"category","embeddable":true,"href":"https:\/\/galeriebecot.com\/index.php?rest_route=%2Fwp%2Fv2%2Fcategories&post=1719"},{"taxonomy":"post_tag","embeddable":true,"href":"https:\/\/galeriebecot.com\/index.php?rest_route=%2Fwp%2Fv2%2Ftags&post=1719"}],"curies":[{"name":"wp","href":"https:\/\/api.w.org\/{rel}","templated":true}]}}