{"id":1707,"date":"2021-08-30T00:24:00","date_gmt":"2021-08-30T04:24:00","guid":{"rendered":"http:\/\/www.clubdescollectionneursenartsvisuelsdequebec.com\/?p=1707"},"modified":"2021-09-01T13:19:33","modified_gmt":"2021-09-01T17:19:33","slug":"deux-femmes-artistes-exceptionnelles-en-action-au-moulin-la-lorraine","status":"publish","type":"post","link":"https:\/\/galeriebecot.com\/?p=1707","title":{"rendered":"B\u00e9cot, Cornet, Gruais, Lagueux, Lalonde, Th\u00e9berge, Vernac, en exposition au Moulin La Lorraine&#8230;.Alain LeBlond (vid\u00e9o)"},"content":{"rendered":"\n<p class=\"wp-block-paragraph\">Vivre est la chose la plus rare du monde. La plupart des gens ne font qu\u2019exister \u00bb ~ Oscar Wilde~<\/p>\n\n\n\n<figure><iframe loading=\"lazy\" src=\"https:\/\/www.facebook.com\/plugins\/video.php?height=308&amp;href=https%3A%2F%2Fwww.facebook.com%2FMoulinLaLorraine%2Fvideos%2F213588274019068%2F&amp;show_text=false&amp;width=560&amp;t=0\" width=\"560\" height=\"308\" allowfullscreen=\"true\"><\/iframe><\/figure>\n\n\n\n<figure class=\"wp-block-video\"><video controls src=\"https:\/\/www.galeriebecot.com\/wp-content\/uploads\/2021\/07\/Passages-et-traces-1.mp4\"><\/video><\/figure>\n\n\n\n<p class=\"wp-block-paragraph\">PASSAGES et TRACES du 23 juin au 12 septembre 2021<\/p>\n\n\n\n<p class=\"wp-block-paragraph\">Invitation pour deux personnes. Ouverture en visite libre le 19 et 20 juin 2021 de 12h \u00e0 16h. Bienvenue \u00e0 tous !<\/p>\n\n\n\n<figure class=\"wp-block-image size-large\"><a href=\"http:\/\/www.moulinlalorraine.ca\"><img loading=\"lazy\" decoding=\"async\" width=\"1024\" height=\"964\" src=\"https:\/\/www.galeriebecot.com\/wp-content\/uploads\/2021\/05\/Moulin-1024x964.jpg\" alt=\"\" class=\"wp-image-14415\" srcset=\"https:\/\/galeriebecot.com\/wp-content\/uploads\/2021\/05\/Moulin-1024x964.jpg 1024w, https:\/\/galeriebecot.com\/wp-content\/uploads\/2021\/05\/Moulin-300x282.jpg 300w, https:\/\/galeriebecot.com\/wp-content\/uploads\/2021\/05\/Moulin-768x723.jpg 768w, https:\/\/galeriebecot.com\/wp-content\/uploads\/2021\/05\/Moulin.jpg 1275w\" sizes=\"auto, (max-width: 1024px) 100vw, 1024px\" \/><\/a><figcaption>B\u00e9cot, Cornet, Gruais, Lagueux, Lalonde, Th\u00e9berge, Vernac<\/figcaption><\/figure>\n\n\n\n<figure class=\"wp-block-image size-large\"><img loading=\"lazy\" decoding=\"async\" width=\"864\" height=\"543\" src=\"https:\/\/www.galeriebecot.com\/wp-content\/uploads\/2021\/06\/VERNISSAGE.jpg\" alt=\"\" class=\"wp-image-14477\" srcset=\"https:\/\/galeriebecot.com\/wp-content\/uploads\/2021\/06\/VERNISSAGE.jpg 864w, https:\/\/galeriebecot.com\/wp-content\/uploads\/2021\/06\/VERNISSAGE-300x189.jpg 300w, https:\/\/galeriebecot.com\/wp-content\/uploads\/2021\/06\/VERNISSAGE-768x483.jpg 768w\" sizes=\"auto, (max-width: 864px) 100vw, 864px\" \/><figcaption>Vernissage du samedi 19 juin 2021<br><br>Alain LeBlond,               Gabriel Lalonde,                Andr\u00e9 B\u00e9cot,              Francine Vernac<\/figcaption><\/figure>\n\n\n\n<figure class=\"wp-block-image size-large\"><img loading=\"lazy\" decoding=\"async\" width=\"1024\" height=\"955\" src=\"https:\/\/www.galeriebecot.com\/wp-content\/uploads\/2021\/06\/Becot-Quid-11-1024x955.jpg\" alt=\"\" class=\"wp-image-14481\" srcset=\"https:\/\/galeriebecot.com\/wp-content\/uploads\/2021\/06\/Becot-Quid-11-1024x955.jpg 1024w, https:\/\/galeriebecot.com\/wp-content\/uploads\/2021\/06\/Becot-Quid-11-300x280.jpg 300w, https:\/\/galeriebecot.com\/wp-content\/uploads\/2021\/06\/Becot-Quid-11-768x717.jpg 768w, https:\/\/galeriebecot.com\/wp-content\/uploads\/2021\/06\/Becot-Quid-11.jpg 1149w\" sizes=\"auto, (max-width: 1024px) 100vw, 1024px\" \/><\/figure>\n\n\n\n<p class=\"wp-block-paragraph\">1\/5   USA Quid !  <em>par <strong>B\u00e9cot<\/strong><\/em>  <em>Quid ; Qu&rsquo;en est-il (de&#8230;) ?<\/em><\/p>\n\n\n\n<p class=\"wp-block-paragraph\">Impression num\u00e9rique \u00e0 jet d&rsquo;encre pigment\u00e9 sur papier aquarelle de qualit\u00e9 archive, sans acide de la meilleure qualit\u00e9.Impressions limit\u00e9es \u00e0 5 copies . Chacune est sign\u00e9e \u00e0 la main, num\u00e9rot\u00e9e et livr\u00e9e avec un certificat d&rsquo;authenticit\u00e9.<\/p>\n\n\n\n<p class=\"wp-block-paragraph\">Dimensions 24 x 18 pouces ( 61 x 46 cm).      encadrement mus\u00e9e : 695.00$<\/p>\n\n\n\n<figure class=\"wp-block-image size-large\"><img loading=\"lazy\" decoding=\"async\" width=\"528\" height=\"397\" src=\"https:\/\/www.galeriebecot.com\/wp-content\/uploads\/2021\/05\/Moulin-1.jpg\" alt=\"\" class=\"wp-image-14419\" srcset=\"https:\/\/galeriebecot.com\/wp-content\/uploads\/2021\/05\/Moulin-1.jpg 528w, https:\/\/galeriebecot.com\/wp-content\/uploads\/2021\/05\/Moulin-1-300x226.jpg 300w\" sizes=\"auto, (max-width: 528px) 100vw, 528px\" \/><figcaption>Don Darby, Alain LeBlond, Andr\u00e9 B\u00e9cot le vendredi 28 mai 2021<\/figcaption><\/figure>\n\n\n\n<figure class=\"wp-block-image size-large\"><a href=\"http:\/\/www.moulinlalorraine.ca\"><img loading=\"lazy\" decoding=\"async\" width=\"1024\" height=\"549\" src=\"https:\/\/www.galeriebecot.com\/wp-content\/uploads\/2021\/03\/LeBlond-Alain-1-1-1-1024x549.jpg\" alt=\"\" class=\"wp-image-14272\" srcset=\"https:\/\/galeriebecot.com\/wp-content\/uploads\/2021\/03\/LeBlond-Alain-1-1-1-1024x549.jpg 1024w, https:\/\/galeriebecot.com\/wp-content\/uploads\/2021\/03\/LeBlond-Alain-1-1-1-300x161.jpg 300w, https:\/\/galeriebecot.com\/wp-content\/uploads\/2021\/03\/LeBlond-Alain-1-1-1-768x412.jpg 768w, https:\/\/galeriebecot.com\/wp-content\/uploads\/2021\/03\/LeBlond-Alain-1-1-1-1536x824.jpg 1536w, https:\/\/galeriebecot.com\/wp-content\/uploads\/2021\/03\/LeBlond-Alain-1-1-1-2048x1099.jpg 2048w\" sizes=\"auto, (max-width: 1024px) 100vw, 1024px\" \/><\/a><\/figure>\n\n\n\n<figure class=\"wp-block-embed-youtube wp-block-embed is-type-video is-provider-youtube wp-embed-aspect-16-9 wp-has-aspect-ratio\"><div class=\"wp-block-embed__wrapper\">\n<iframe loading=\"lazy\" title=\"\ud835\uddd4\ud835\udddf\ud835\uddd4\ud835\udddc\ud835\udde1 \ud835\udddf\ud835\uddd8\ud835\uddd5\ud835\udddf\ud835\udde2\ud835\udde1\ud835\uddd7 \u2013 \ud835\udde0\ud835\udde2\ud835\udde1\ud835\uddd7\ud835\uddd8 \ud835\udde6\ud835\uddd4\ud835\udde1\ud835\udde6 \ud835\udde5\ud835\uddd8\ud835\udde3\ud835\uddd8\u0300\ud835\udde5\ud835\uddd8 (\ud835\udfee)\" width=\"700\" height=\"394\" src=\"https:\/\/www.youtube.com\/embed\/be6x4eQKLM4?feature=oembed\" frameborder=\"0\" allow=\"accelerometer; autoplay; clipboard-write; encrypted-media; gyroscope; picture-in-picture\" allowfullscreen><\/iframe>\n<\/div><\/figure>\n\n\n\n<p class=\"wp-block-paragraph\"><\/p>\n\n\n\n<p class=\"wp-block-paragraph\">Alain LeBlond : Oeuvres de Lumi\u00e8re.<\/p>\n\n\n\n<p class=\"wp-block-paragraph\">Que la lumi\u00e8re soit&nbsp;et la lumi\u00e8re fut. Essentielle \u00e0 l\u2019exp\u00e9rience esth\u00e9tique, la lumi\u00e8re occupe, au sein des arts visuels, une place silencieuse mais n\u00e9anmoins primordiale depuis ses origines.&nbsp;<\/p>\n\n\n\n<p class=\"wp-block-paragraph\">La lumi\u00e8re est un mat\u00e9riau \u00e0 part enti\u00e8re, dans la r\u00e9alisation des \u0153uvres de Alain LeBlond<\/p>\n\n\n\n<p class=\"wp-block-paragraph\">La lumi\u00e8re est utilis\u00e9e dans l\u2019espace en vue de provoquer de nouvelles exp\u00e9riences sensorielles chez le spectateur.<\/p>\n\n\n\n<p class=\"wp-block-paragraph\">Au c\u0153ur de ces espaces, c\u2019est la lumi\u00e8re qui reconfigure la trajectoire et les interactions des spectateurs, et les incite \u00e0 se recentrer sur l\u2019essence de l\u2019exp\u00e9rience in situ. De l\u2019immersion \u00e0 la contemplation.<\/p>\n\n\n\n<p class=\"wp-block-paragraph\">Depuis plus de 20 ans, Alain LeBlond transcende les fronti\u00e8res art et design, en repensant les diff\u00e9rents \u00e9l\u00e9ments qui composent des environnements&nbsp;: objets, espaces, lumi\u00e8res.<\/p>\n\n\n\n<p class=\"wp-block-paragraph\">La diversit\u00e9 de sa production lui permet donc d\u2019insuffler son regard et sa philosophie dans des espaces \u00e9minemment uniques, o\u00f9 l\u2019exp\u00e9rience esth\u00e9tique appara\u00eet comme seul objectif.&nbsp;<br><\/p>\n\n\n\n<p class=\"wp-block-paragraph\">Andr\u00e9 B\u00e9cot, mars 2021<\/p>\n\n\n<p><a href=\"https:\/\/www.galeriebecot.com\/wp-content\/uploads\/2014\/02\/Brisebois1.jpg\"><img loading=\"lazy\" decoding=\"async\" class=\"alignnone size-large wp-image-11709\" src=\"https:\/\/www.galeriebecot.com\/wp-content\/uploads\/2014\/02\/Brisebois1-1024x350.jpg\" alt=\"\" width=\"700\" height=\"239\" srcset=\"https:\/\/galeriebecot.com\/wp-content\/uploads\/2014\/02\/Brisebois1-1024x350.jpg 1024w, https:\/\/galeriebecot.com\/wp-content\/uploads\/2014\/02\/Brisebois1-300x102.jpg 300w, https:\/\/galeriebecot.com\/wp-content\/uploads\/2014\/02\/Brisebois1-768x262.jpg 768w, https:\/\/galeriebecot.com\/wp-content\/uploads\/2014\/02\/Brisebois1.jpg 1748w\" sizes=\"auto, (max-width: 700px) 100vw, 700px\" \/><\/a><\/p>\n<p>R\u00e9nald Brisebois<\/p>\n<p>Instant de Vie.<\/p>\n<p>du 21 septembre au 8 d\u00e9cembre 2019.<\/p>\n<p>Bienvenue \u00e0 tous !<\/p>\n<p><a href=\"https:\/\/www.galeriebecot.com\/wp-content\/uploads\/2014\/02\/Brisebois2.jpg\"><img loading=\"lazy\" decoding=\"async\" class=\"alignnone size-large wp-image-11710\" src=\"https:\/\/www.galeriebecot.com\/wp-content\/uploads\/2014\/02\/Brisebois2-1024x729.jpg\" alt=\"\" width=\"700\" height=\"498\" srcset=\"https:\/\/galeriebecot.com\/wp-content\/uploads\/2014\/02\/Brisebois2-1024x729.jpg 1024w, https:\/\/galeriebecot.com\/wp-content\/uploads\/2014\/02\/Brisebois2-300x213.jpg 300w, https:\/\/galeriebecot.com\/wp-content\/uploads\/2014\/02\/Brisebois2-768x546.jpg 768w, https:\/\/galeriebecot.com\/wp-content\/uploads\/2014\/02\/Brisebois2.jpg 1529w\" sizes=\"auto, (max-width: 700px) 100vw, 700px\" \/><\/a><\/p>\n<p><a href=\"https:\/\/www.galeriebecot.com\/wp-content\/uploads\/2014\/02\/Brisebois3.jpg\"><img loading=\"lazy\" decoding=\"async\" class=\"alignnone size-large wp-image-11711\" src=\"https:\/\/www.galeriebecot.com\/wp-content\/uploads\/2014\/02\/Brisebois3-1024x396.jpg\" alt=\"\" width=\"700\" height=\"271\" srcset=\"https:\/\/galeriebecot.com\/wp-content\/uploads\/2014\/02\/Brisebois3-1024x396.jpg 1024w, https:\/\/galeriebecot.com\/wp-content\/uploads\/2014\/02\/Brisebois3-300x116.jpg 300w, https:\/\/galeriebecot.com\/wp-content\/uploads\/2014\/02\/Brisebois3-768x297.jpg 768w, https:\/\/galeriebecot.com\/wp-content\/uploads\/2014\/02\/Brisebois3.jpg 1743w\" sizes=\"auto, (max-width: 700px) 100vw, 700px\" \/><\/a><\/p>\n<p><a href=\"https:\/\/www.galeriebecot.com\/wp-content\/uploads\/2014\/02\/Communiqu\u00e9-2-femmes-artistes-au-Moulin-1-1.jpg\"><img loading=\"lazy\" decoding=\"async\" class=\"alignnone size-large wp-image-1708\" src=\"https:\/\/www.galeriebecot.com\/wp-content\/uploads\/2014\/02\/Communiqu\u00e9-2-femmes-artistes-au-Moulin-1-1-705x1024.jpg\" alt=\"Communiqu\u008e 2 femmes artistes au Moulin-1\" width=\"700\" height=\"1016\" srcset=\"https:\/\/galeriebecot.com\/wp-content\/uploads\/2014\/02\/Communiqu\u00e9-2-femmes-artistes-au-Moulin-1-1-705x1024.jpg 705w, https:\/\/galeriebecot.com\/wp-content\/uploads\/2014\/02\/Communiqu\u00e9-2-femmes-artistes-au-Moulin-1-1-206x300.jpg 206w\" sizes=\"auto, (max-width: 700px) 100vw, 700px\" \/><\/a><\/p>\n<p>color\u00e9s et souriant \u00e0 la vie.&nbsp; L&rsquo;artiste a d\u00e9velopp\u00e9&nbsp;une maitrise remarquable et une fa\u00e7on bien distinctive de repr\u00e9senter les visages<\/p>\n<p><a href=\"https:\/\/www.galeriebecot.com\/wp-content\/uploads\/2014\/02\/Communiqu\u00e9-2-femmes-.jpg\"><img loading=\"lazy\" decoding=\"async\" class=\"alignnone size-large wp-image-1709\" src=\"https:\/\/www.galeriebecot.com\/wp-content\/uploads\/2014\/02\/Communiqu\u00e9-2-femmes--785x1024.jpg\" alt=\"Communiqu\u008e 2 femmes artistes au Moulin-1\" width=\"700\" height=\"913\" srcset=\"https:\/\/galeriebecot.com\/wp-content\/uploads\/2014\/02\/Communiqu\u00e9-2-femmes--785x1024.jpg 785w, https:\/\/galeriebecot.com\/wp-content\/uploads\/2014\/02\/Communiqu\u00e9-2-femmes--230x300.jpg 230w\" sizes=\"auto, (max-width: 700px) 100vw, 700px\" \/><\/a><\/p>","protected":false},"excerpt":{"rendered":"<p>Vivre est la chose la plus rare du monde. La plupart des gens ne font qu\u2019exister \u00bb ~ Oscar Wilde~ PASSAGES et TRACES du 23 juin au 12 septembre 2021&hellip; <\/p>\n","protected":false},"author":1,"featured_media":0,"comment_status":"open","ping_status":"open","sticky":false,"template":"","format":"standard","meta":{"_exactmetrics_skip_tracking":false,"_exactmetrics_sitenote_active":false,"_exactmetrics_sitenote_note":"","_exactmetrics_sitenote_category":0,"footnotes":""},"categories":[27,18,19],"tags":[34,735,6,67,197,38,198,33,58,199,158,37,40],"class_list":["post-1707","post","type-post","status-publish","format-standard","hentry","category-artistes","category-evenement","category-vernissage","tag-andre-becot","tag-artistes","tag-club-des-collectionneurs-en-arts-visuels-de-quebec","tag-club-des-collectionneurs-en-arts-visuels-de-quebec-marc-bellemare","tag-francine-noel","tag-galerie-becot","tag-linda-coulombe","tag-marc-bellemare","tag-marc-bellemare-collectionneur","tag-moulin-la-loraine","tag-renald-brisebois","tag-studio-becot","tag-visuals-arts"],"_links":{"self":[{"href":"https:\/\/galeriebecot.com\/index.php?rest_route=\/wp\/v2\/posts\/1707","targetHints":{"allow":["GET"]}}],"collection":[{"href":"https:\/\/galeriebecot.com\/index.php?rest_route=\/wp\/v2\/posts"}],"about":[{"href":"https:\/\/galeriebecot.com\/index.php?rest_route=\/wp\/v2\/types\/post"}],"author":[{"embeddable":true,"href":"https:\/\/galeriebecot.com\/index.php?rest_route=\/wp\/v2\/users\/1"}],"replies":[{"embeddable":true,"href":"https:\/\/galeriebecot.com\/index.php?rest_route=%2Fwp%2Fv2%2Fcomments&post=1707"}],"version-history":[{"count":35,"href":"https:\/\/galeriebecot.com\/index.php?rest_route=\/wp\/v2\/posts\/1707\/revisions"}],"predecessor-version":[{"id":14581,"href":"https:\/\/galeriebecot.com\/index.php?rest_route=\/wp\/v2\/posts\/1707\/revisions\/14581"}],"wp:attachment":[{"href":"https:\/\/galeriebecot.com\/index.php?rest_route=%2Fwp%2Fv2%2Fmedia&parent=1707"}],"wp:term":[{"taxonomy":"category","embeddable":true,"href":"https:\/\/galeriebecot.com\/index.php?rest_route=%2Fwp%2Fv2%2Fcategories&post=1707"},{"taxonomy":"post_tag","embeddable":true,"href":"https:\/\/galeriebecot.com\/index.php?rest_route=%2Fwp%2Fv2%2Ftags&post=1707"}],"curies":[{"name":"wp","href":"https:\/\/api.w.org\/{rel}","templated":true}]}}