{"id":17057,"date":"2023-04-15T11:37:00","date_gmt":"2023-04-15T15:37:00","guid":{"rendered":"https:\/\/www.clubdescollectionneursenartsvisuelsdequebec.com\/?p=17057"},"modified":"2023-06-12T11:43:49","modified_gmt":"2023-06-12T15:43:49","slug":"leblond-alain-decouverte","status":"publish","type":"post","link":"https:\/\/galeriebecot.com\/?p=17057","title":{"rendered":"Monde sans rep\u00e8re. Un exposition de Alain Leblond !"},"content":{"rendered":"\n<p class=\"wp-block-paragraph\">Vernissage le samedi 6 mai 2023 \u00e0 14 h. Bienvenue \u00e0 tous !<\/p>\n\n\n\n<figure class=\"wp-block-image size-large\"><a href=\"https:\/\/culturepapineau.org\/event\/exposition-monde-sans-repere-de-lartiste-alain-leblond\/\"><img loading=\"lazy\" decoding=\"async\" width=\"641\" height=\"1024\" src=\"https:\/\/www.galeriebecot.com\/wp-content\/uploads\/2023\/04\/LeBlond1-641x1024.jpg\" alt=\"\" class=\"wp-image-17322\" srcset=\"https:\/\/galeriebecot.com\/wp-content\/uploads\/2023\/04\/LeBlond1-641x1024.jpg 641w, https:\/\/galeriebecot.com\/wp-content\/uploads\/2023\/04\/LeBlond1-188x300.jpg 188w, https:\/\/galeriebecot.com\/wp-content\/uploads\/2023\/04\/LeBlond1-768x1228.jpg 768w, https:\/\/galeriebecot.com\/wp-content\/uploads\/2023\/04\/LeBlond1-961x1536.jpg 961w, https:\/\/galeriebecot.com\/wp-content\/uploads\/2023\/04\/LeBlond1.jpg 1196w\" sizes=\"auto, (max-width: 641px) 100vw, 641px\" \/><\/a><\/figure>\n\n\n\n<figure class=\"wp-block-image size-large\"><a href=\"https:\/\/culturepapineau.org\/event\/exposition-monde-sans-repere-de-lartiste-alain-leblond\/\"><img loading=\"lazy\" decoding=\"async\" width=\"650\" height=\"1024\" src=\"https:\/\/www.galeriebecot.com\/wp-content\/uploads\/2023\/04\/LeBlond2-650x1024.jpg\" alt=\"\" class=\"wp-image-17323\" srcset=\"https:\/\/galeriebecot.com\/wp-content\/uploads\/2023\/04\/LeBlond2-650x1024.jpg 650w, https:\/\/galeriebecot.com\/wp-content\/uploads\/2023\/04\/LeBlond2-190x300.jpg 190w, https:\/\/galeriebecot.com\/wp-content\/uploads\/2023\/04\/LeBlond2-768x1210.jpg 768w, https:\/\/galeriebecot.com\/wp-content\/uploads\/2023\/04\/LeBlond2-975x1536.jpg 975w, https:\/\/galeriebecot.com\/wp-content\/uploads\/2023\/04\/LeBlond2.jpg 1186w\" sizes=\"auto, (max-width: 650px) 100vw, 650px\" \/><\/a><\/figure>\n\n\n\n<figure class=\"wp-block-image size-large\"><a href=\"https:\/\/www.facebook.com\/alainleblondartiste\"><img loading=\"lazy\" decoding=\"async\" width=\"1024\" height=\"118\" src=\"https:\/\/www.galeriebecot.com\/wp-content\/uploads\/2023\/04\/LeBlond3-1024x118.jpg\" alt=\"\" class=\"wp-image-17325\" srcset=\"https:\/\/galeriebecot.com\/wp-content\/uploads\/2023\/04\/LeBlond3-1024x118.jpg 1024w, https:\/\/galeriebecot.com\/wp-content\/uploads\/2023\/04\/LeBlond3-300x35.jpg 300w, https:\/\/galeriebecot.com\/wp-content\/uploads\/2023\/04\/LeBlond3-768x89.jpg 768w, https:\/\/galeriebecot.com\/wp-content\/uploads\/2023\/04\/LeBlond3.jpg 1194w\" sizes=\"auto, (max-width: 1024px) 100vw, 1024px\" \/><\/a><\/figure>\n\n\n\n<p class=\"wp-block-paragraph\">Libre d&rsquo;exprimer ses fantasmes visuels et de cr\u00e9er des oeuvres tant imaginaires que r\u00e9alistes d&rsquo;une qualit\u00e9 et d&rsquo;une finesse exceptionnelle.<\/p>\n\n\n\n<figure class=\"wp-block-embed is-type-rich is-provider-prise-en-charge-des-contenus-embarques wp-block-embed-prise-en-charge-des-contenus-embarques wp-embed-aspect-16-9 wp-has-aspect-ratio\"><div class=\"wp-block-embed__wrapper\">\n<iframe loading=\"lazy\" title=\"\ud835\uddd4\ud835\udddf\ud835\uddd4\ud835\udddc\ud835\udde1 \ud835\udddf\ud835\uddd8\ud835\uddd5\ud835\udddf\ud835\udde2\ud835\udde1\ud835\uddd7 \u2013 \ud835\udde0\ud835\udde2\ud835\udde1\ud835\uddd7\ud835\uddd8 \ud835\udde6\ud835\uddd4\ud835\udde1\ud835\udde6 \ud835\udde5\ud835\uddd8\ud835\udde3\ud835\uddd8\u0300\ud835\udde5\ud835\uddd8 (\ud835\udfee)\" width=\"700\" height=\"394\" src=\"https:\/\/www.youtube.com\/embed\/be6x4eQKLM4?feature=oembed\" frameborder=\"0\" allow=\"accelerometer; autoplay; clipboard-write; encrypted-media; gyroscope; picture-in-picture; web-share\" allowfullscreen><\/iframe>\n<\/div><\/figure>\n\n\n\n<figure class=\"wp-block-image size-large is-resized\"><a href=\"https:\/\/www.galeriebecot.com\/wp-content\/uploads\/2023\/02\/LeBlond-dossier22.jpg\"><img loading=\"lazy\" decoding=\"async\" src=\"https:\/\/www.galeriebecot.com\/wp-content\/uploads\/2023\/02\/LeBlond-dossier22-1024x455.jpg\" alt=\"\" class=\"wp-image-17062\" width=\"903\" height=\"401\" srcset=\"https:\/\/galeriebecot.com\/wp-content\/uploads\/2023\/02\/LeBlond-dossier22-1024x455.jpg 1024w, https:\/\/galeriebecot.com\/wp-content\/uploads\/2023\/02\/LeBlond-dossier22-300x133.jpg 300w, https:\/\/galeriebecot.com\/wp-content\/uploads\/2023\/02\/LeBlond-dossier22-768x341.jpg 768w, https:\/\/galeriebecot.com\/wp-content\/uploads\/2023\/02\/LeBlond-dossier22-1536x683.jpg 1536w, https:\/\/galeriebecot.com\/wp-content\/uploads\/2023\/02\/LeBlond-dossier22.jpg 1584w\" sizes=\"auto, (max-width: 903px) 100vw, 903px\" \/><\/a><\/figure>\n\n\n\n<figure class=\"wp-block-image size-full is-resized\"><a href=\"https:\/\/www.galerielebourget.com\/fr\/artistes\/alainleblond\/\"><img loading=\"lazy\" decoding=\"async\" src=\"https:\/\/www.galeriebecot.com\/wp-content\/uploads\/2023\/02\/LeBlond-Bouton11.jpg\" alt=\"\" class=\"wp-image-17066\" width=\"516\" height=\"146\" srcset=\"https:\/\/galeriebecot.com\/wp-content\/uploads\/2023\/02\/LeBlond-Bouton11.jpg 576w, https:\/\/galeriebecot.com\/wp-content\/uploads\/2023\/02\/LeBlond-Bouton11-300x85.jpg 300w\" sizes=\"auto, (max-width: 516px) 100vw, 516px\" \/><\/a><\/figure>\n\n\n\n<figure class=\"wp-block-image size-full is-resized\"><a href=\"https:\/\/www.blurb.com\/b\/10543728-alain-leblond\"><img loading=\"lazy\" decoding=\"async\" src=\"https:\/\/www.galeriebecot.com\/wp-content\/uploads\/2023\/02\/LeBlond-dossier22222.jpg\" alt=\"\" class=\"wp-image-17067\" width=\"565\" height=\"66\" srcset=\"https:\/\/galeriebecot.com\/wp-content\/uploads\/2023\/02\/LeBlond-dossier22222.jpg 864w, https:\/\/galeriebecot.com\/wp-content\/uploads\/2023\/02\/LeBlond-dossier22222-300x35.jpg 300w, https:\/\/galeriebecot.com\/wp-content\/uploads\/2023\/02\/LeBlond-dossier22222-768x89.jpg 768w\" sizes=\"auto, (max-width: 565px) 100vw, 565px\" \/><\/a><\/figure>\n","protected":false},"excerpt":{"rendered":"<p>Vernissage le samedi 6 mai 2023 \u00e0 14 h. Bienvenue \u00e0 tous ! Libre d&rsquo;exprimer ses fantasmes visuels et de cr\u00e9er des oeuvres tant imaginaires que r\u00e9alistes d&rsquo;une qualit\u00e9 et&hellip; <\/p>\n","protected":false},"author":1,"featured_media":0,"comment_status":"open","ping_status":"open","sticky":false,"template":"","format":"standard","meta":{"_exactmetrics_skip_tracking":false,"_exactmetrics_sitenote_active":false,"_exactmetrics_sitenote_note":"","_exactmetrics_sitenote_category":0,"footnotes":""},"categories":[27],"tags":[],"class_list":["post-17057","post","type-post","status-publish","format-standard","hentry","category-artistes"],"_links":{"self":[{"href":"https:\/\/galeriebecot.com\/index.php?rest_route=\/wp\/v2\/posts\/17057","targetHints":{"allow":["GET"]}}],"collection":[{"href":"https:\/\/galeriebecot.com\/index.php?rest_route=\/wp\/v2\/posts"}],"about":[{"href":"https:\/\/galeriebecot.com\/index.php?rest_route=\/wp\/v2\/types\/post"}],"author":[{"embeddable":true,"href":"https:\/\/galeriebecot.com\/index.php?rest_route=\/wp\/v2\/users\/1"}],"replies":[{"embeddable":true,"href":"https:\/\/galeriebecot.com\/index.php?rest_route=%2Fwp%2Fv2%2Fcomments&post=17057"}],"version-history":[{"count":11,"href":"https:\/\/galeriebecot.com\/index.php?rest_route=\/wp\/v2\/posts\/17057\/revisions"}],"predecessor-version":[{"id":17589,"href":"https:\/\/galeriebecot.com\/index.php?rest_route=\/wp\/v2\/posts\/17057\/revisions\/17589"}],"wp:attachment":[{"href":"https:\/\/galeriebecot.com\/index.php?rest_route=%2Fwp%2Fv2%2Fmedia&parent=17057"}],"wp:term":[{"taxonomy":"category","embeddable":true,"href":"https:\/\/galeriebecot.com\/index.php?rest_route=%2Fwp%2Fv2%2Fcategories&post=17057"},{"taxonomy":"post_tag","embeddable":true,"href":"https:\/\/galeriebecot.com\/index.php?rest_route=%2Fwp%2Fv2%2Ftags&post=17057"}],"curies":[{"name":"wp","href":"https:\/\/api.w.org\/{rel}","templated":true}]}}