{"id":1685,"date":"2014-02-22T10:49:31","date_gmt":"2014-02-22T15:49:31","guid":{"rendered":"http:\/\/www.clubdescollectionneursenartsvisuelsdequebec.com\/?p=1685"},"modified":"2014-02-22T11:25:30","modified_gmt":"2014-02-22T16:25:30","slug":"1685","status":"publish","type":"post","link":"https:\/\/galeriebecot.com\/?p=1685","title":{"rendered":"Pellan,Riopelle,Leduc,Lemieux sous un m\u00eame toit."},"content":{"rendered":"<p><a href=\"https:\/\/www.galeriebecot.com\/wp-content\/uploads\/2014\/02\/mus\u00e9e-1.jpg\"><img loading=\"lazy\" decoding=\"async\" class=\"alignnone size-large wp-image-1686\" alt=\"mus\u00e9e 1\" src=\"https:\/\/www.galeriebecot.com\/wp-content\/uploads\/2014\/02\/mus\u00e9e-1-742x1024.jpg\" width=\"700\" height=\"966\" srcset=\"https:\/\/galeriebecot.com\/wp-content\/uploads\/2014\/02\/mus\u00e9e-1-742x1024.jpg 742w, https:\/\/galeriebecot.com\/wp-content\/uploads\/2014\/02\/mus\u00e9e-1-217x300.jpg 217w, https:\/\/galeriebecot.com\/wp-content\/uploads\/2014\/02\/mus\u00e9e-1.jpg 1248w\" sizes=\"auto, (max-width: 700px) 100vw, 700px\" \/><\/a><\/p>\n<p>Lemieux,Leduc,Pellan ,Riopelle sous un m\u00eame toit.&lt;&lt; C&rsquo;est l&rsquo;art du Qu\u00e9bec \u00e0 son meilleur&gt;&gt;a soulign\u00e9 Line Ouellet,directrice g\u00e9n\u00e9rale du MNBAQ.<\/p>\n<p><a href=\"https:\/\/www.galeriebecot.com\/wp-content\/uploads\/2014\/02\/mus\u00e9e-2_0002.jpg\"><img loading=\"lazy\" decoding=\"async\" class=\"alignnone size-large wp-image-1687\" alt=\"mus\u00e9e 2_0002\" src=\"https:\/\/www.galeriebecot.com\/wp-content\/uploads\/2014\/02\/mus\u00e9e-2_0002-201x1024.jpg\" width=\"201\" height=\"1024\" srcset=\"https:\/\/galeriebecot.com\/wp-content\/uploads\/2014\/02\/mus\u00e9e-2_0002-201x1024.jpg 201w, https:\/\/galeriebecot.com\/wp-content\/uploads\/2014\/02\/mus\u00e9e-2_0002.jpg 321w\" sizes=\"auto, (max-width: 201px) 100vw, 201px\" \/><\/a><\/p>\n<p>&nbsp;<\/p>\n<p><a href=\"https:\/\/www.galeriebecot.com\/wp-content\/uploads\/2014\/02\/mus\u00e9e-3.jpg\"><img loading=\"lazy\" decoding=\"async\" class=\"alignnone size-full wp-image-1688\" alt=\"mus\u00e9e 3\" src=\"https:\/\/www.galeriebecot.com\/wp-content\/uploads\/2014\/02\/mus\u00e9e-3.jpg\" width=\"825\" height=\"993\" srcset=\"https:\/\/galeriebecot.com\/wp-content\/uploads\/2014\/02\/mus\u00e9e-3.jpg 825w, https:\/\/galeriebecot.com\/wp-content\/uploads\/2014\/02\/mus\u00e9e-3-249x300.jpg 249w\" sizes=\"auto, (max-width: 825px) 100vw, 825px\" \/><\/a><\/p>\n<p>&nbsp;<\/p>\n<p><a href=\"https:\/\/www.galeriebecot.com\/wp-content\/uploads\/2014\/02\/mus\u00e9e-4.jpg\"><img loading=\"lazy\" decoding=\"async\" class=\"alignnone size-full wp-image-1689\" alt=\"mus\u00e9e 4\" src=\"https:\/\/www.galeriebecot.com\/wp-content\/uploads\/2014\/02\/mus\u00e9e-4.jpg\" width=\"804\" height=\"981\" srcset=\"https:\/\/galeriebecot.com\/wp-content\/uploads\/2014\/02\/mus\u00e9e-4.jpg 804w, https:\/\/galeriebecot.com\/wp-content\/uploads\/2014\/02\/mus\u00e9e-4-245x300.jpg 245w\" sizes=\"auto, (max-width: 804px) 100vw, 804px\" \/><\/a><\/p>\n<p><a href=\"https:\/\/www.galeriebecot.com\/wp-content\/uploads\/2014\/02\/mus\u00e9e-5.jpg\"><img loading=\"lazy\" decoding=\"async\" class=\"alignnone size-large wp-image-1690\" alt=\"mus\u00e9e 5\" src=\"https:\/\/www.galeriebecot.com\/wp-content\/uploads\/2014\/02\/mus\u00e9e-5-768x1024.jpg\" width=\"700\" height=\"933\" srcset=\"https:\/\/galeriebecot.com\/wp-content\/uploads\/2014\/02\/mus\u00e9e-5-768x1024.jpg 768w, https:\/\/galeriebecot.com\/wp-content\/uploads\/2014\/02\/mus\u00e9e-5-225x300.jpg 225w, https:\/\/galeriebecot.com\/wp-content\/uploads\/2014\/02\/mus\u00e9e-5.jpg 858w\" sizes=\"auto, (max-width: 700px) 100vw, 700px\" \/><\/a><\/p>\n<p><a href=\"https:\/\/www.galeriebecot.com\/wp-content\/uploads\/2014\/02\/mus\u00e9e-6.jpg\"><img loading=\"lazy\" decoding=\"async\" class=\"alignnone size-large wp-image-1691\" alt=\"mus\u00e9e 6\" src=\"https:\/\/www.galeriebecot.com\/wp-content\/uploads\/2014\/02\/mus\u00e9e-6-822x1024.jpg\" width=\"700\" height=\"872\" srcset=\"https:\/\/galeriebecot.com\/wp-content\/uploads\/2014\/02\/mus\u00e9e-6-822x1024.jpg 822w, https:\/\/galeriebecot.com\/wp-content\/uploads\/2014\/02\/mus\u00e9e-6-241x300.jpg 241w, https:\/\/galeriebecot.com\/wp-content\/uploads\/2014\/02\/mus\u00e9e-6.jpg 858w\" sizes=\"auto, (max-width: 700px) 100vw, 700px\" \/><\/a><\/p>\n","protected":false},"excerpt":{"rendered":"<p>Lemieux,Leduc,Pellan ,Riopelle sous un m\u00eame toit.&lt;&lt; C&rsquo;est l&rsquo;art du Qu\u00e9bec \u00e0 son meilleur&gt;&gt;a soulign\u00e9 Line Ouellet,directrice g\u00e9n\u00e9rale du MNBAQ. &nbsp; &nbsp;<\/p>\n","protected":false},"author":1,"featured_media":0,"comment_status":"open","ping_status":"open","sticky":false,"template":"","format":"standard","meta":{"_exactmetrics_skip_tracking":false,"_exactmetrics_sitenote_active":false,"_exactmetrics_sitenote_note":"","_exactmetrics_sitenote_category":0,"footnotes":""},"categories":[20,30],"tags":[34,43,6,66,192,191,190,136,168,33,60,188,189,45,40],"class_list":["post-1685","post","type-post","status-publish","format-standard","hentry","category-article-descriptif","category-le-soleil","tag-andre-becot","tag-arts-visuels","tag-club-des-collectionneurs-en-arts-visuels-de-quebec","tag-club-des-collectionneurs-en-arts-visuels-de-quebec-studio-becot","tag-directrice-generale-du-mnbaq","tag-isabelle-houde","tag-leduc","tag-lemieux","tag-line-ouellet","tag-marc-bellemare","tag-marcia-lorenzato-artistes-studio-becot","tag-pellan","tag-riopelle","tag-visual-art","tag-visuals-arts"],"_links":{"self":[{"href":"https:\/\/galeriebecot.com\/index.php?rest_route=\/wp\/v2\/posts\/1685","targetHints":{"allow":["GET"]}}],"collection":[{"href":"https:\/\/galeriebecot.com\/index.php?rest_route=\/wp\/v2\/posts"}],"about":[{"href":"https:\/\/galeriebecot.com\/index.php?rest_route=\/wp\/v2\/types\/post"}],"author":[{"embeddable":true,"href":"https:\/\/galeriebecot.com\/index.php?rest_route=\/wp\/v2\/users\/1"}],"replies":[{"embeddable":true,"href":"https:\/\/galeriebecot.com\/index.php?rest_route=%2Fwp%2Fv2%2Fcomments&post=1685"}],"version-history":[{"count":4,"href":"https:\/\/galeriebecot.com\/index.php?rest_route=\/wp\/v2\/posts\/1685\/revisions"}],"predecessor-version":[{"id":1695,"href":"https:\/\/galeriebecot.com\/index.php?rest_route=\/wp\/v2\/posts\/1685\/revisions\/1695"}],"wp:attachment":[{"href":"https:\/\/galeriebecot.com\/index.php?rest_route=%2Fwp%2Fv2%2Fmedia&parent=1685"}],"wp:term":[{"taxonomy":"category","embeddable":true,"href":"https:\/\/galeriebecot.com\/index.php?rest_route=%2Fwp%2Fv2%2Fcategories&post=1685"},{"taxonomy":"post_tag","embeddable":true,"href":"https:\/\/galeriebecot.com\/index.php?rest_route=%2Fwp%2Fv2%2Ftags&post=1685"}],"curies":[{"name":"wp","href":"https:\/\/api.w.org\/{rel}","templated":true}]}}