{"id":16832,"date":"2022-11-19T10:48:00","date_gmt":"2022-11-19T15:48:00","guid":{"rendered":"https:\/\/www.clubdescollectionneursenartsvisuelsdequebec.com\/?p=16832"},"modified":"2022-11-20T09:57:40","modified_gmt":"2022-11-20T14:57:40","slug":"exposition-laisse-la-fenetre-ouverte-incursions-dans-limaginaire-domer-parent","status":"publish","type":"post","link":"https:\/\/galeriebecot.com\/?p=16832","title":{"rendered":"Exposition \u00abLaisse la fen\u00eatre ouverte, incursions dans l\u2019imaginaire d\u2019Omer Parent\u00bb"},"content":{"rendered":"\n<figure class=\"wp-block-image size-large\"><a href=\"https:\/\/www.galeriebecot.com\/wp-content\/uploads\/2022\/11\/Parent-1.jpg\"><img loading=\"lazy\" decoding=\"async\" width=\"1024\" height=\"853\" src=\"https:\/\/www.galeriebecot.com\/wp-content\/uploads\/2022\/11\/Parent-1-1024x853.jpg\" alt=\"\" class=\"wp-image-16833\" srcset=\"https:\/\/galeriebecot.com\/wp-content\/uploads\/2022\/11\/Parent-1-1024x853.jpg 1024w, https:\/\/galeriebecot.com\/wp-content\/uploads\/2022\/11\/Parent-1-300x250.jpg 300w, https:\/\/galeriebecot.com\/wp-content\/uploads\/2022\/11\/Parent-1-768x640.jpg 768w, https:\/\/galeriebecot.com\/wp-content\/uploads\/2022\/11\/Parent-1.jpg 1152w\" sizes=\"auto, (max-width: 1024px) 100vw, 1024px\" \/><\/a><\/figure>\n\n\n\n<figure class=\"wp-block-image size-full is-resized\"><a href=\"https:\/\/www.art.ulaval.ca\/agenda\/exposition-laisse-la-fenetre-ouverte-incursions-dans-limaginaire-domer-parent\"><img loading=\"lazy\" decoding=\"async\" src=\"https:\/\/www.galeriebecot.com\/wp-content\/uploads\/2022\/11\/Psrent-Lien-1.jpg\" alt=\"\" class=\"wp-image-16838\" width=\"331\" height=\"426\" srcset=\"https:\/\/galeriebecot.com\/wp-content\/uploads\/2022\/11\/Psrent-Lien-1.jpg 755w, https:\/\/galeriebecot.com\/wp-content\/uploads\/2022\/11\/Psrent-Lien-1-233x300.jpg 233w\" sizes=\"auto, (max-width: 331px) 100vw, 331px\" \/><\/a><\/figure>\n\n\n\n<p class=\"wp-block-paragraph\">N\u00e9 \u00e0 Qu\u00e9bec en 1907, Omer Parent est un peintre, cin\u00e9aste, photographe et illustrateur qu\u00e9b\u00e9cois. Il fut directeur fondateur de l&rsquo;\u00e9cole des Arts visuels de l&rsquo;universit\u00e9 Laval.<\/p>\n\n\n\n<figure class=\"wp-block-image size-large is-resized\"><a href=\"https:\/\/www.galeriebecot.com\/wp-content\/uploads\/2022\/11\/Parent2.jpg\"><img loading=\"lazy\" decoding=\"async\" src=\"https:\/\/www.galeriebecot.com\/wp-content\/uploads\/2022\/11\/Parent2-1024x549.jpg\" alt=\"\" class=\"wp-image-16834\" width=\"808\" height=\"433\" srcset=\"https:\/\/galeriebecot.com\/wp-content\/uploads\/2022\/11\/Parent2-1024x549.jpg 1024w, https:\/\/galeriebecot.com\/wp-content\/uploads\/2022\/11\/Parent2-300x161.jpg 300w, https:\/\/galeriebecot.com\/wp-content\/uploads\/2022\/11\/Parent2-768x412.jpg 768w, https:\/\/galeriebecot.com\/wp-content\/uploads\/2022\/11\/Parent2.jpg 1296w\" sizes=\"auto, (max-width: 808px) 100vw, 808px\" \/><\/a><\/figure>\n","protected":false},"excerpt":{"rendered":"<p>N\u00e9 \u00e0 Qu\u00e9bec en 1907, Omer Parent est un peintre, cin\u00e9aste, photographe et illustrateur qu\u00e9b\u00e9cois. Il fut directeur fondateur de l&rsquo;\u00e9cole des Arts visuels de l&rsquo;universit\u00e9 Laval.<\/p>\n","protected":false},"author":1,"featured_media":0,"comment_status":"open","ping_status":"open","sticky":false,"template":"","format":"standard","meta":{"_exactmetrics_skip_tracking":false,"_exactmetrics_sitenote_active":false,"_exactmetrics_sitenote_note":"","_exactmetrics_sitenote_category":0,"footnotes":""},"categories":[27,17],"tags":[34,6,66,4283,555,58,2274,4284,37,40],"class_list":["post-16832","post","type-post","status-publish","format-standard","hentry","category-artistes","category-conference","tag-andre-becot","tag-club-des-collectionneurs-en-arts-visuels-de-quebec","tag-club-des-collectionneurs-en-arts-visuels-de-quebec-studio-becot","tag-ecole-des-arts-visuels-de-luniversite-laval","tag-maison-hamel-bruneau","tag-marc-bellemare-collectionneur","tag-omer-parent","tag-se-bastien-hudon","tag-studio-becot","tag-visuals-arts"],"_links":{"self":[{"href":"https:\/\/galeriebecot.com\/index.php?rest_route=\/wp\/v2\/posts\/16832","targetHints":{"allow":["GET"]}}],"collection":[{"href":"https:\/\/galeriebecot.com\/index.php?rest_route=\/wp\/v2\/posts"}],"about":[{"href":"https:\/\/galeriebecot.com\/index.php?rest_route=\/wp\/v2\/types\/post"}],"author":[{"embeddable":true,"href":"https:\/\/galeriebecot.com\/index.php?rest_route=\/wp\/v2\/users\/1"}],"replies":[{"embeddable":true,"href":"https:\/\/galeriebecot.com\/index.php?rest_route=%2Fwp%2Fv2%2Fcomments&post=16832"}],"version-history":[{"count":5,"href":"https:\/\/galeriebecot.com\/index.php?rest_route=\/wp\/v2\/posts\/16832\/revisions"}],"predecessor-version":[{"id":16843,"href":"https:\/\/galeriebecot.com\/index.php?rest_route=\/wp\/v2\/posts\/16832\/revisions\/16843"}],"wp:attachment":[{"href":"https:\/\/galeriebecot.com\/index.php?rest_route=%2Fwp%2Fv2%2Fmedia&parent=16832"}],"wp:term":[{"taxonomy":"category","embeddable":true,"href":"https:\/\/galeriebecot.com\/index.php?rest_route=%2Fwp%2Fv2%2Fcategories&post=16832"},{"taxonomy":"post_tag","embeddable":true,"href":"https:\/\/galeriebecot.com\/index.php?rest_route=%2Fwp%2Fv2%2Ftags&post=16832"}],"curies":[{"name":"wp","href":"https:\/\/api.w.org\/{rel}","templated":true}]}}