{"id":16696,"date":"2022-11-01T16:19:00","date_gmt":"2022-11-01T20:19:00","guid":{"rendered":"https:\/\/www.clubdescollectionneursenartsvisuelsdequebec.com\/?p=16696"},"modified":"2022-11-16T13:33:33","modified_gmt":"2022-11-16T18:33:33","slug":"proust-retrouve-autour-de-la-sonate-de-vinteuil","status":"publish","type":"post","link":"https:\/\/galeriebecot.com\/?p=16696","title":{"rendered":"Proust Retrouv\u00e9 \/ Autour de la sonate de Vinteuil \/ Programme"},"content":{"rendered":"\n<figure class=\"wp-block-image size-large\"><a href=\"https:\/\/youtu.be\/u-F98knpuRQ\"><img loading=\"lazy\" decoding=\"async\" width=\"667\" height=\"1024\" src=\"https:\/\/www.galeriebecot.com\/wp-content\/uploads\/2022\/11\/Proust1-667x1024.jpg\" alt=\"\" class=\"wp-image-16697\" srcset=\"https:\/\/galeriebecot.com\/wp-content\/uploads\/2022\/11\/Proust1-667x1024.jpg 667w, https:\/\/galeriebecot.com\/wp-content\/uploads\/2022\/11\/Proust1-195x300.jpg 195w, https:\/\/galeriebecot.com\/wp-content\/uploads\/2022\/11\/Proust1-768x1179.jpg 768w, https:\/\/galeriebecot.com\/wp-content\/uploads\/2022\/11\/Proust1-1001x1536.jpg 1001w, https:\/\/galeriebecot.com\/wp-content\/uploads\/2022\/11\/Proust1.jpg 1152w\" sizes=\"auto, (max-width: 667px) 100vw, 667px\" \/><\/a><figcaption>.<\/figcaption><\/figure>\n\n\n\n<figure class=\"wp-block-image size-large\"><a href=\"https:\/\/www.galeriebecot.com\/wp-content\/uploads\/2022\/11\/Proust-Concert.jpg\"><img loading=\"lazy\" decoding=\"async\" width=\"698\" height=\"1024\" src=\"https:\/\/www.galeriebecot.com\/wp-content\/uploads\/2022\/11\/Proust-Concert-698x1024.jpg\" alt=\"\" class=\"wp-image-16825\" srcset=\"https:\/\/galeriebecot.com\/wp-content\/uploads\/2022\/11\/Proust-Concert-698x1024.jpg 698w, https:\/\/galeriebecot.com\/wp-content\/uploads\/2022\/11\/Proust-Concert-204x300.jpg 204w, https:\/\/galeriebecot.com\/wp-content\/uploads\/2022\/11\/Proust-Concert-768x1127.jpg 768w, https:\/\/galeriebecot.com\/wp-content\/uploads\/2022\/11\/Proust-Concert-1047x1536.jpg 1047w, https:\/\/galeriebecot.com\/wp-content\/uploads\/2022\/11\/Proust-Concert.jpg 1224w\" sizes=\"auto, (max-width: 698px) 100vw, 698px\" \/><\/a><\/figure>\n\n\n\n<figure class=\"wp-block-image size-large is-resized\"><a href=\"https:\/\/www.galeriebecot.com\/wp-content\/uploads\/2022\/11\/Proust-concet-1.jpg\"><img loading=\"lazy\" decoding=\"async\" src=\"https:\/\/www.galeriebecot.com\/wp-content\/uploads\/2022\/11\/Proust-concet-1-559x1024.jpg\" alt=\"\" class=\"wp-image-16826\" width=\"502\" height=\"920\" srcset=\"https:\/\/galeriebecot.com\/wp-content\/uploads\/2022\/11\/Proust-concet-1-559x1024.jpg 559w, https:\/\/galeriebecot.com\/wp-content\/uploads\/2022\/11\/Proust-concet-1-164x300.jpg 164w, https:\/\/galeriebecot.com\/wp-content\/uploads\/2022\/11\/Proust-concet-1-768x1407.jpg 768w, https:\/\/galeriebecot.com\/wp-content\/uploads\/2022\/11\/Proust-concet-1-839x1536.jpg 839w, https:\/\/galeriebecot.com\/wp-content\/uploads\/2022\/11\/Proust-concet-1-1118x2048.jpg 1118w, https:\/\/galeriebecot.com\/wp-content\/uploads\/2022\/11\/Proust-concet-1.jpg 1152w\" sizes=\"auto, (max-width: 502px) 100vw, 502px\" \/><\/a><\/figure>\n\n\n\n<figure class=\"wp-block-image size-large is-resized\"><a href=\"https:\/\/www.galeriebecot.com\/wp-content\/uploads\/2022\/11\/Proust-concert2.jpg\"><img loading=\"lazy\" decoding=\"async\" src=\"https:\/\/www.galeriebecot.com\/wp-content\/uploads\/2022\/11\/Proust-concert2-728x1024.jpg\" alt=\"\" class=\"wp-image-16828\" width=\"578\" height=\"813\" srcset=\"https:\/\/galeriebecot.com\/wp-content\/uploads\/2022\/11\/Proust-concert2-728x1024.jpg 728w, https:\/\/galeriebecot.com\/wp-content\/uploads\/2022\/11\/Proust-concert2-213x300.jpg 213w, https:\/\/galeriebecot.com\/wp-content\/uploads\/2022\/11\/Proust-concert2-768x1081.jpg 768w, https:\/\/galeriebecot.com\/wp-content\/uploads\/2022\/11\/Proust-concert2-1092x1536.jpg 1092w, https:\/\/galeriebecot.com\/wp-content\/uploads\/2022\/11\/Proust-concert2.jpg 1152w\" sizes=\"auto, (max-width: 578px) 100vw, 578px\" \/><\/a><\/figure>\n\n\n\n<p class=\"wp-block-paragraph\"><a href=\"https:\/\/youtu.be\/u-F98knpuRQ\">Sonate de Vinteuil &#8211; extrait &#8211; Proust<\/a><\/p>\n\n\n\n<p class=\"wp-block-paragraph\">Concert des violons du Roy le Dimanche 13 novembre 2022 \u00e0 13h. Une pr\u00e9sentation de Ma\u00eetre Marc Bellemare \/ Palais Montcalm<\/p>\n\n\n\n<figure class=\"wp-block-image size-large is-resized\"><a href=\"https:\/\/youtu.be\/EdH5kDKfgGY\"><img loading=\"lazy\" decoding=\"async\" src=\"https:\/\/www.galeriebecot.com\/wp-content\/uploads\/2022\/11\/Proust22-876x1024.jpg\" alt=\"\" class=\"wp-image-16698\" width=\"670\" height=\"783\" srcset=\"https:\/\/galeriebecot.com\/wp-content\/uploads\/2022\/11\/Proust22-876x1024.jpg 876w, https:\/\/galeriebecot.com\/wp-content\/uploads\/2022\/11\/Proust22-257x300.jpg 257w, https:\/\/galeriebecot.com\/wp-content\/uploads\/2022\/11\/Proust22-768x898.jpg 768w, https:\/\/galeriebecot.com\/wp-content\/uploads\/2022\/11\/Proust22.jpg 1213w\" sizes=\"auto, (max-width: 670px) 100vw, 670px\" \/><\/a><\/figure>\n\n\n\n<p class=\"wp-block-paragraph\"><a href=\"https:\/\/youtu.be\/EdH5kDKfgGY\">Qu\u2019entend Proust par le temps retrouv\u00e9 ? Conf\u00e9rence rencontre, avec Antoine Compagnon.<\/a><\/p>\n\n\n\n<figure class=\"wp-block-image size-large\"><a href=\"https:\/\/www.galeriebecot.com\/wp-content\/uploads\/2022\/11\/Proust33.jpg\"><img loading=\"lazy\" decoding=\"async\" width=\"648\" height=\"1024\" src=\"https:\/\/www.galeriebecot.com\/wp-content\/uploads\/2022\/11\/Proust33-648x1024.jpg\" alt=\"\" class=\"wp-image-16699\" srcset=\"https:\/\/galeriebecot.com\/wp-content\/uploads\/2022\/11\/Proust33-648x1024.jpg 648w, https:\/\/galeriebecot.com\/wp-content\/uploads\/2022\/11\/Proust33-190x300.jpg 190w, https:\/\/galeriebecot.com\/wp-content\/uploads\/2022\/11\/Proust33-768x1214.jpg 768w, https:\/\/galeriebecot.com\/wp-content\/uploads\/2022\/11\/Proust33-972x1536.jpg 972w, https:\/\/galeriebecot.com\/wp-content\/uploads\/2022\/11\/Proust33.jpg 1181w\" sizes=\"auto, (max-width: 648px) 100vw, 648px\" \/><\/a><\/figure>\n\n\n\n<figure class=\"wp-block-image size-large\"><a href=\"https:\/\/youtu.be\/eBQaWYRnZwQ\"><img loading=\"lazy\" decoding=\"async\" width=\"668\" height=\"1024\" src=\"https:\/\/www.galeriebecot.com\/wp-content\/uploads\/2022\/11\/Proust4-668x1024.jpg\" alt=\"\" class=\"wp-image-16700\" srcset=\"https:\/\/galeriebecot.com\/wp-content\/uploads\/2022\/11\/Proust4-668x1024.jpg 668w, https:\/\/galeriebecot.com\/wp-content\/uploads\/2022\/11\/Proust4-196x300.jpg 196w, https:\/\/galeriebecot.com\/wp-content\/uploads\/2022\/11\/Proust4-768x1177.jpg 768w, https:\/\/galeriebecot.com\/wp-content\/uploads\/2022\/11\/Proust4-1002x1536.jpg 1002w, https:\/\/galeriebecot.com\/wp-content\/uploads\/2022\/11\/Proust4.jpg 1199w\" sizes=\"auto, (max-width: 668px) 100vw, 668px\" \/><\/a><\/figure>\n\n\n\n<figure class=\"wp-block-image size-large\"><a href=\"https:\/\/www.galeriebecot.com\/wp-content\/uploads\/2022\/11\/Proust5.jpg\"><img loading=\"lazy\" decoding=\"async\" width=\"691\" height=\"1024\" src=\"https:\/\/www.galeriebecot.com\/wp-content\/uploads\/2022\/11\/Proust5-691x1024.jpg\" alt=\"\" class=\"wp-image-16701\" srcset=\"https:\/\/galeriebecot.com\/wp-content\/uploads\/2022\/11\/Proust5-691x1024.jpg 691w, https:\/\/galeriebecot.com\/wp-content\/uploads\/2022\/11\/Proust5-203x300.jpg 203w, https:\/\/galeriebecot.com\/wp-content\/uploads\/2022\/11\/Proust5-768x1137.jpg 768w, https:\/\/galeriebecot.com\/wp-content\/uploads\/2022\/11\/Proust5-1037x1536.jpg 1037w, https:\/\/galeriebecot.com\/wp-content\/uploads\/2022\/11\/Proust5.jpg 1191w\" sizes=\"auto, (max-width: 691px) 100vw, 691px\" \/><\/a><\/figure>\n\n\n\n<figure class=\"wp-block-image size-large\"><a href=\"https:\/\/www.galeriebecot.com\/wp-content\/uploads\/2022\/11\/Proust6.jpg\"><img loading=\"lazy\" decoding=\"async\" width=\"677\" height=\"1024\" src=\"https:\/\/www.galeriebecot.com\/wp-content\/uploads\/2022\/11\/Proust6-677x1024.jpg\" alt=\"\" class=\"wp-image-16702\" srcset=\"https:\/\/galeriebecot.com\/wp-content\/uploads\/2022\/11\/Proust6-677x1024.jpg 677w, https:\/\/galeriebecot.com\/wp-content\/uploads\/2022\/11\/Proust6-198x300.jpg 198w, https:\/\/galeriebecot.com\/wp-content\/uploads\/2022\/11\/Proust6-768x1161.jpg 768w, https:\/\/galeriebecot.com\/wp-content\/uploads\/2022\/11\/Proust6-1016x1536.jpg 1016w, https:\/\/galeriebecot.com\/wp-content\/uploads\/2022\/11\/Proust6.jpg 1194w\" sizes=\"auto, (max-width: 677px) 100vw, 677px\" \/><\/a><\/figure>\n\n\n\n<figure class=\"wp-block-image size-large\"><a href=\"https:\/\/www.galeriebecot.com\/wp-content\/uploads\/2022\/11\/Proust7.jpg\"><img loading=\"lazy\" decoding=\"async\" width=\"680\" height=\"1024\" src=\"https:\/\/www.galeriebecot.com\/wp-content\/uploads\/2022\/11\/Proust7-680x1024.jpg\" alt=\"\" class=\"wp-image-16703\" srcset=\"https:\/\/galeriebecot.com\/wp-content\/uploads\/2022\/11\/Proust7-680x1024.jpg 680w, https:\/\/galeriebecot.com\/wp-content\/uploads\/2022\/11\/Proust7-199x300.jpg 199w, https:\/\/galeriebecot.com\/wp-content\/uploads\/2022\/11\/Proust7-768x1156.jpg 768w, https:\/\/galeriebecot.com\/wp-content\/uploads\/2022\/11\/Proust7-1021x1536.jpg 1021w, https:\/\/galeriebecot.com\/wp-content\/uploads\/2022\/11\/Proust7.jpg 1200w\" sizes=\"auto, (max-width: 680px) 100vw, 680px\" \/><\/a><\/figure>\n\n\n\n<figure class=\"wp-block-image size-large is-resized\"><a href=\"https:\/\/www.galeriebecot.com\/?p=16092\"><img loading=\"lazy\" decoding=\"async\" src=\"https:\/\/www.galeriebecot.com\/wp-content\/uploads\/2022\/11\/Site-1024x325.jpg\" alt=\"\" class=\"wp-image-16710\" width=\"749\" height=\"237\" srcset=\"https:\/\/galeriebecot.com\/wp-content\/uploads\/2022\/11\/Site-1024x325.jpg 1024w, https:\/\/galeriebecot.com\/wp-content\/uploads\/2022\/11\/Site-300x95.jpg 300w, https:\/\/galeriebecot.com\/wp-content\/uploads\/2022\/11\/Site-768x244.jpg 768w, https:\/\/galeriebecot.com\/wp-content\/uploads\/2022\/11\/Site.jpg 1327w\" sizes=\"auto, (max-width: 749px) 100vw, 749px\" \/><\/a><\/figure>\n","protected":false},"excerpt":{"rendered":"<p>Sonate de Vinteuil &#8211; extrait &#8211; Proust Concert des violons du Roy le Dimanche 13 novembre 2022 \u00e0 13h. Une pr\u00e9sentation de Ma\u00eetre Marc Bellemare \/ Palais Montcalm Qu\u2019entend Proust&hellip; <\/p>\n","protected":false},"author":1,"featured_media":0,"comment_status":"open","ping_status":"open","sticky":false,"template":"","format":"standard","meta":{"_exactmetrics_skip_tracking":false,"_exactmetrics_sitenote_active":false,"_exactmetrics_sitenote_note":"","_exactmetrics_sitenote_category":0,"footnotes":""},"categories":[20,27,17,18,39],"tags":[34,4257,4256,6,66,4281,4152,4255,4154,4263,4156,4282,3652,33,58,4259,4262,4167,4261,4258,4260,4264,4265,4254,360,203,37,40],"class_list":["post-16696","post","type-post","status-publish","format-standard","hentry","category-article-descriptif","category-artistes","category-conference","category-evenement","category-musiquejazz","tag-andre-becot","tag-camille-saint-saens","tag-cesar-franck","tag-club-des-collectionneurs-en-arts-visuels-de-quebec","tag-club-des-collectionneurs-en-arts-visuels-de-quebec-studio-becot","tag-emmanuel-bernier","tag-gabriel-faure","tag-gabriel-pierne","tag-henri-duparc","tag-isaac-chalk","tag-la-sonate-de-vinteuil","tag-laurent-patenaude","tag-lucien-bouchard","tag-marc-bellemare","tag-marc-bellemare-collectionneur","tag-mariane-patenaude","tag-michele-seto","tag-myriam-leblanc","tag-pascale-gagnon","tag-pascale-giguere","tag-philip-chiu","tag-raphael-dube","tag-raphael-mcnabney","tag-reynaldo-hahn","tag-robert-lepage","tag-roger-bellemare","tag-studio-becot","tag-visuals-arts"],"_links":{"self":[{"href":"https:\/\/galeriebecot.com\/index.php?rest_route=\/wp\/v2\/posts\/16696","targetHints":{"allow":["GET"]}}],"collection":[{"href":"https:\/\/galeriebecot.com\/index.php?rest_route=\/wp\/v2\/posts"}],"about":[{"href":"https:\/\/galeriebecot.com\/index.php?rest_route=\/wp\/v2\/types\/post"}],"author":[{"embeddable":true,"href":"https:\/\/galeriebecot.com\/index.php?rest_route=\/wp\/v2\/users\/1"}],"replies":[{"embeddable":true,"href":"https:\/\/galeriebecot.com\/index.php?rest_route=%2Fwp%2Fv2%2Fcomments&post=16696"}],"version-history":[{"count":16,"href":"https:\/\/galeriebecot.com\/index.php?rest_route=\/wp\/v2\/posts\/16696\/revisions"}],"predecessor-version":[{"id":16829,"href":"https:\/\/galeriebecot.com\/index.php?rest_route=\/wp\/v2\/posts\/16696\/revisions\/16829"}],"wp:attachment":[{"href":"https:\/\/galeriebecot.com\/index.php?rest_route=%2Fwp%2Fv2%2Fmedia&parent=16696"}],"wp:term":[{"taxonomy":"category","embeddable":true,"href":"https:\/\/galeriebecot.com\/index.php?rest_route=%2Fwp%2Fv2%2Fcategories&post=16696"},{"taxonomy":"post_tag","embeddable":true,"href":"https:\/\/galeriebecot.com\/index.php?rest_route=%2Fwp%2Fv2%2Ftags&post=16696"}],"curies":[{"name":"wp","href":"https:\/\/api.w.org\/{rel}","templated":true}]}}