{"id":16424,"date":"2022-10-04T14:12:00","date_gmt":"2022-10-04T18:12:00","guid":{"rendered":"https:\/\/www.clubdescollectionneursenartsvisuelsdequebec.com\/?p=16424"},"modified":"2022-10-14T19:29:02","modified_gmt":"2022-10-14T23:29:02","slug":"vernissage-de-lexposition-parcours-et-de-les-tournesols-de-vincent","status":"publish","type":"post","link":"https:\/\/galeriebecot.com\/?p=16424","title":{"rendered":"Vernissage de deux expositions : \u00c0 visage humain &#038; Les tournesols de Vincent."},"content":{"rendered":"\n<p class=\"wp-block-paragraph\">Vernissage de l&rsquo;exposition : <em><strong>\u00c0 visage humain<\/strong><\/em><\/p>\n\n\n\n<p class=\"wp-block-paragraph\"><a href=\"https:\/\/fb.watch\/f-cfxGZmfx\/\">Commissariat :<em> Francine <\/em>Saillant<\/a> ( voir l\u2019interview en ligne )<\/p>\n\n\n\n<figure class=\"wp-block-embed is-type-video is-provider-youtube wp-block-embed-youtube wp-embed-aspect-16-9 wp-has-aspect-ratio\"><div class=\"wp-block-embed__wrapper\">\n<iframe loading=\"lazy\" title=\"\u00c0 visage humain\" width=\"700\" height=\"394\" src=\"https:\/\/www.youtube.com\/embed\/V7ucHR883KY?feature=oembed\" frameborder=\"0\" allow=\"accelerometer; autoplay; clipboard-write; encrypted-media; gyroscope; picture-in-picture\" allowfullscreen><\/iframe>\n<\/div><\/figure>\n\n\n\n<p class=\"wp-block-paragraph\">Le 6 octobre 2022 \u00e0 partir de 18 h au centre de recherche <strong>Cervo<\/strong><\/p>\n\n\n\n<p class=\"wp-block-paragraph\">2601 chemin de la Canardi\u00e8re, <strong>pavillon E<\/strong><\/p>\n\n\n\n<p class=\"wp-block-paragraph\">en pr\u00e9sence des chercheurs, des artistes et des collaborateurs.<\/p>\n\n\n\n<p class=\"wp-block-paragraph\">Vernissage : <em><strong>Les tournesols de Vincent<\/strong><\/em><\/p>\n\n\n\n<p class=\"wp-block-paragraph\">Le 6 octobre 2022 \u00e0 partir de 16h30<\/p>\n\n\n\n<p class=\"wp-block-paragraph\">2601 chemin de la Canardi\u00e8re,<strong> local G &#8211; 1343<\/strong><\/p>\n\n\n\n<p class=\"wp-block-paragraph\">en pr\u00e9sence des artistes et des nouvelles Oeuvres de la collection.<\/p>\n\n\n\n<p class=\"wp-block-paragraph\">Lien sur le mus\u00e9e Gugging de Vienne<\/p>\n\n\n\n<p class=\"wp-block-paragraph\"><a href=\"https:\/\/www.museumgugging.at\/en\/gugging-art\/gugging-artists?set_language=en\">Johann Hauser, August Walla et Oswald Tschirtner ne sont que trois des artistes de Gugging qui ont \u00e9t\u00e9 acclam\u00e9s \u00e0 l&rsquo;\u00e9chelle internationale. Leurs \u0153uvres se trouvent dans la Collection de l&rsquo;Art Brut de Lausanne et dans de nombreux mus\u00e9es d&rsquo;art contemporain, tels que des institutions autrichiennes comme le mus\u00e9e mumok d&rsquo;art moderne de Vienne ou le mus\u00e9e Lentos de Linz. Au niveau international, les \u0153uvres de Gugging sont collect\u00e9es et expos\u00e9es dans des institutions renomm\u00e9es telles que le Philadelphia Museum of Art, le Milwaukee Art Museum ou le Setagaya Museum \u00e0 Tokyo. Art by the Artists from Gugging est d\u00e9sign\u00e9 comme Art Brut depuis les ann\u00e9es 1970.<\/a><\/p>\n\n\n\n<figure class=\"wp-block-image size-large\"><a href=\"https:\/\/cervo.ulaval.ca\/fr\/visage-humain\"><img loading=\"lazy\" decoding=\"async\" width=\"1024\" height=\"640\" src=\"https:\/\/www.galeriebecot.com\/wp-content\/uploads\/2022\/10\/A-visage-humain-Dessin--1024x640.jpg\" alt=\"\" class=\"wp-image-16425\" srcset=\"https:\/\/galeriebecot.com\/wp-content\/uploads\/2022\/10\/A-visage-humain-Dessin--1024x640.jpg 1024w, https:\/\/galeriebecot.com\/wp-content\/uploads\/2022\/10\/A-visage-humain-Dessin--300x188.jpg 300w, https:\/\/galeriebecot.com\/wp-content\/uploads\/2022\/10\/A-visage-humain-Dessin--768x480.jpg 768w, https:\/\/galeriebecot.com\/wp-content\/uploads\/2022\/10\/A-visage-humain-Dessin-.jpg 1152w\" sizes=\"auto, (max-width: 1024px) 100vw, 1024px\" \/><\/a><\/figure>\n\n\n\n<figure class=\"wp-block-image size-large\"><a href=\"https:\/\/cervo.ulaval.ca\/fr\/visage-humain\"><img loading=\"lazy\" decoding=\"async\" width=\"1024\" height=\"151\" src=\"https:\/\/www.galeriebecot.com\/wp-content\/uploads\/2022\/10\/Saillant1-1024x151.jpg\" alt=\"\" class=\"wp-image-16427\" srcset=\"https:\/\/galeriebecot.com\/wp-content\/uploads\/2022\/10\/Saillant1-1024x151.jpg 1024w, https:\/\/galeriebecot.com\/wp-content\/uploads\/2022\/10\/Saillant1-300x44.jpg 300w, https:\/\/galeriebecot.com\/wp-content\/uploads\/2022\/10\/Saillant1-768x113.jpg 768w, https:\/\/galeriebecot.com\/wp-content\/uploads\/2022\/10\/Saillant1.jpg 1510w\" sizes=\"auto, (max-width: 1024px) 100vw, 1024px\" \/><\/a><\/figure>\n\n\n\n<figure class=\"wp-block-image size-large\"><a href=\"https:\/\/vincentetmoi.com\/la-collection\/\"><img loading=\"lazy\" decoding=\"async\" width=\"789\" height=\"1024\" src=\"https:\/\/www.galeriebecot.com\/wp-content\/uploads\/2022\/10\/Affiche-Vincent-et-moi-789x1024.jpg\" alt=\"\" class=\"wp-image-16426\" srcset=\"https:\/\/galeriebecot.com\/wp-content\/uploads\/2022\/10\/Affiche-Vincent-et-moi-789x1024.jpg 789w, https:\/\/galeriebecot.com\/wp-content\/uploads\/2022\/10\/Affiche-Vincent-et-moi-231x300.jpg 231w, https:\/\/galeriebecot.com\/wp-content\/uploads\/2022\/10\/Affiche-Vincent-et-moi-768x997.jpg 768w, https:\/\/galeriebecot.com\/wp-content\/uploads\/2022\/10\/Affiche-Vincent-et-moi.jpg 1152w\" sizes=\"auto, (max-width: 789px) 100vw, 789px\" \/><\/a><\/figure>\n\n\n\n<figure class=\"wp-block-image size-large\"><a href=\"https:\/\/vincentetmoi.com\/la-collection\/\"><img loading=\"lazy\" decoding=\"async\" width=\"1024\" height=\"207\" src=\"https:\/\/www.galeriebecot.com\/wp-content\/uploads\/2022\/10\/Saillant2-1024x207.jpg\" alt=\"\" class=\"wp-image-16428\" srcset=\"https:\/\/galeriebecot.com\/wp-content\/uploads\/2022\/10\/Saillant2-1024x207.jpg 1024w, https:\/\/galeriebecot.com\/wp-content\/uploads\/2022\/10\/Saillant2-300x61.jpg 300w, https:\/\/galeriebecot.com\/wp-content\/uploads\/2022\/10\/Saillant2-768x155.jpg 768w, https:\/\/galeriebecot.com\/wp-content\/uploads\/2022\/10\/Saillant2.jpg 1368w\" sizes=\"auto, (max-width: 1024px) 100vw, 1024px\" \/><\/a><\/figure>\n","protected":false},"excerpt":{"rendered":"<p>Vernissage de l&rsquo;exposition : \u00c0 visage humain Commissariat : Francine Saillant ( voir l\u2019interview en ligne ) Le 6 octobre 2022 \u00e0 partir de 18 h au centre de recherche&hellip; <\/p>\n","protected":false},"author":1,"featured_media":0,"comment_status":"open","ping_status":"open","sticky":false,"template":"","format":"standard","meta":{"_exactmetrics_skip_tracking":false,"_exactmetrics_sitenote_active":false,"_exactmetrics_sitenote_note":"","_exactmetrics_sitenote_category":0,"footnotes":""},"categories":[1],"tags":[],"class_list":["post-16424","post","type-post","status-publish","format-standard","hentry","category-non-classe"],"_links":{"self":[{"href":"https:\/\/galeriebecot.com\/index.php?rest_route=\/wp\/v2\/posts\/16424","targetHints":{"allow":["GET"]}}],"collection":[{"href":"https:\/\/galeriebecot.com\/index.php?rest_route=\/wp\/v2\/posts"}],"about":[{"href":"https:\/\/galeriebecot.com\/index.php?rest_route=\/wp\/v2\/types\/post"}],"author":[{"embeddable":true,"href":"https:\/\/galeriebecot.com\/index.php?rest_route=\/wp\/v2\/users\/1"}],"replies":[{"embeddable":true,"href":"https:\/\/galeriebecot.com\/index.php?rest_route=%2Fwp%2Fv2%2Fcomments&post=16424"}],"version-history":[{"count":18,"href":"https:\/\/galeriebecot.com\/index.php?rest_route=\/wp\/v2\/posts\/16424\/revisions"}],"predecessor-version":[{"id":16575,"href":"https:\/\/galeriebecot.com\/index.php?rest_route=\/wp\/v2\/posts\/16424\/revisions\/16575"}],"wp:attachment":[{"href":"https:\/\/galeriebecot.com\/index.php?rest_route=%2Fwp%2Fv2%2Fmedia&parent=16424"}],"wp:term":[{"taxonomy":"category","embeddable":true,"href":"https:\/\/galeriebecot.com\/index.php?rest_route=%2Fwp%2Fv2%2Fcategories&post=16424"},{"taxonomy":"post_tag","embeddable":true,"href":"https:\/\/galeriebecot.com\/index.php?rest_route=%2Fwp%2Fv2%2Ftags&post=16424"}],"curies":[{"name":"wp","href":"https:\/\/api.w.org\/{rel}","templated":true}]}}