{"id":16416,"date":"2025-06-20T10:08:00","date_gmt":"2025-06-20T14:08:00","guid":{"rendered":"https:\/\/www.clubdescollectionneursenartsvisuelsdequebec.com\/?p=16416"},"modified":"2025-06-21T11:52:30","modified_gmt":"2025-06-21T15:52:30","slug":"latelier-de-la-mezzanine-en-exposition-au-studio-galerie-becot","status":"publish","type":"post","link":"https:\/\/galeriebecot.com\/?p=16416","title":{"rendered":"Francine Saillant en exposition, Grande Chapelle Saint-Louis, Paris"},"content":{"rendered":"\n<figure class=\"wp-block-image size-large is-resized\"><a href=\"https:\/\/www.galeriebecot.com\/wp-content\/uploads\/2025\/05\/Saillant1.jpg\"><img loading=\"lazy\" decoding=\"async\" src=\"https:\/\/www.galeriebecot.com\/wp-content\/uploads\/2025\/05\/Saillant1-724x1024.jpg\" alt=\"\" class=\"wp-image-20502\" width=\"663\" height=\"938\" srcset=\"https:\/\/galeriebecot.com\/wp-content\/uploads\/2025\/05\/Saillant1-724x1024.jpg 724w, https:\/\/galeriebecot.com\/wp-content\/uploads\/2025\/05\/Saillant1-212x300.jpg 212w, https:\/\/galeriebecot.com\/wp-content\/uploads\/2025\/05\/Saillant1-768x1086.jpg 768w, https:\/\/galeriebecot.com\/wp-content\/uploads\/2025\/05\/Saillant1.jpg 864w\" sizes=\"auto, (max-width: 663px) 100vw, 663px\" \/><\/a><\/figure>\n\n\n\n<p class=\"wp-block-paragraph\">Francine <strong>Saillant<\/strong> : <\/p>\n\n\n\n<p class=\"wp-block-paragraph\"><strong>Vun\u00e9rables<\/strong>,<em> Exposition, Grande Chapelle Saint-Louis , Paris<\/em> .<\/p>\n\n\n\n<p class=\"wp-block-paragraph\">du 24 juin 2025 au 21 septembre 2025. <\/p>\n\n\n\n<p class=\"wp-block-paragraph\">Vernissage mardi le 24 juin 2025, Bienvenue \u00e0 tous !<\/p>\n\n\n\n<figure class=\"wp-block-image size-large is-resized\"><a href=\"https:\/\/www.galeriebecot.com\/wp-content\/uploads\/2025\/05\/Saillant2.jpg\"><img loading=\"lazy\" decoding=\"async\" src=\"https:\/\/www.galeriebecot.com\/wp-content\/uploads\/2025\/05\/Saillant2-739x1024.jpg\" alt=\"\" class=\"wp-image-20503\" width=\"662\" height=\"917\" srcset=\"https:\/\/galeriebecot.com\/wp-content\/uploads\/2025\/05\/Saillant2-739x1024.jpg 739w, https:\/\/galeriebecot.com\/wp-content\/uploads\/2025\/05\/Saillant2-216x300.jpg 216w, https:\/\/galeriebecot.com\/wp-content\/uploads\/2025\/05\/Saillant2-768x1065.jpg 768w, https:\/\/galeriebecot.com\/wp-content\/uploads\/2025\/05\/Saillant2.jpg 864w\" sizes=\"auto, (max-width: 662px) 100vw, 662px\" \/><\/a><\/figure>\n\n\n\n<figure class=\"wp-block-image size-large is-resized\"><a href=\"https:\/\/www.galeriebecot.com\/wp-content\/uploads\/2025\/05\/Saillant11.jpg\"><img loading=\"lazy\" decoding=\"async\" src=\"https:\/\/www.galeriebecot.com\/wp-content\/uploads\/2025\/05\/Saillant11-723x1024.jpg\" alt=\"\" class=\"wp-image-20505\" width=\"660\" height=\"935\" srcset=\"https:\/\/galeriebecot.com\/wp-content\/uploads\/2025\/05\/Saillant11-723x1024.jpg 723w, https:\/\/galeriebecot.com\/wp-content\/uploads\/2025\/05\/Saillant11-212x300.jpg 212w, https:\/\/galeriebecot.com\/wp-content\/uploads\/2025\/05\/Saillant11-768x1087.jpg 768w, https:\/\/galeriebecot.com\/wp-content\/uploads\/2025\/05\/Saillant11.jpg 864w\" sizes=\"auto, (max-width: 660px) 100vw, 660px\" \/><\/a><\/figure>\n\n\n\n<figure class=\"wp-block-image size-large is-resized\"><a href=\"https:\/\/www.galeriebecot.com\/wp-content\/uploads\/2025\/05\/Saillant12.jpg\"><img loading=\"lazy\" decoding=\"async\" src=\"https:\/\/www.galeriebecot.com\/wp-content\/uploads\/2025\/05\/Saillant12-809x1024.jpg\" alt=\"\" class=\"wp-image-20506\" width=\"680\" height=\"860\" srcset=\"https:\/\/galeriebecot.com\/wp-content\/uploads\/2025\/05\/Saillant12-809x1024.jpg 809w, https:\/\/galeriebecot.com\/wp-content\/uploads\/2025\/05\/Saillant12-237x300.jpg 237w, https:\/\/galeriebecot.com\/wp-content\/uploads\/2025\/05\/Saillant12-768x972.jpg 768w, https:\/\/galeriebecot.com\/wp-content\/uploads\/2025\/05\/Saillant12.jpg 864w\" sizes=\"auto, (max-width: 680px) 100vw, 680px\" \/><\/a><\/figure>\n\n\n\n<figure class=\"wp-block-image\"><img decoding=\"async\" src=\"https:\/\/www.galeriebecot.com\/wp-content\/uploads\/2025\/05\/Saillant-13-735x1024.jpg\" alt=\"L\u2019attribut alt de cette image est vide, son nom de fichier est Saillant-13-735x1024.jpg.\"\/><\/figure>\n\n\n\n<figure class=\"wp-block-image size-large is-resized\"><a href=\"https:\/\/www.galeriebecot.com\/wp-content\/uploads\/2025\/05\/Saillant144.jpg\"><img loading=\"lazy\" decoding=\"async\" src=\"https:\/\/www.galeriebecot.com\/wp-content\/uploads\/2025\/05\/Saillant144-749x1024.jpg\" alt=\"\" class=\"wp-image-20507\" width=\"722\" height=\"987\" srcset=\"https:\/\/galeriebecot.com\/wp-content\/uploads\/2025\/05\/Saillant144-749x1024.jpg 749w, https:\/\/galeriebecot.com\/wp-content\/uploads\/2025\/05\/Saillant144-219x300.jpg 219w, https:\/\/galeriebecot.com\/wp-content\/uploads\/2025\/05\/Saillant144-768x1050.jpg 768w, https:\/\/galeriebecot.com\/wp-content\/uploads\/2025\/05\/Saillant144.jpg 864w\" sizes=\"auto, (max-width: 722px) 100vw, 722px\" \/><\/a><\/figure>\n\n\n\n<p class=\"wp-block-paragraph\"><\/p>\n\n\n\n<p class=\"wp-block-paragraph\"><\/p>\n\n\n\n<figure class=\"wp-block-image size-large is-resized\"><a href=\"https:\/\/www.galeriebecot.com\/wp-content\/uploads\/2025\/05\/Saillant-15.jpg\"><img loading=\"lazy\" decoding=\"async\" src=\"https:\/\/www.galeriebecot.com\/wp-content\/uploads\/2025\/05\/Saillant-15-763x1024.jpg\" alt=\"\" class=\"wp-image-20509\" width=\"687\" height=\"922\" srcset=\"https:\/\/galeriebecot.com\/wp-content\/uploads\/2025\/05\/Saillant-15-763x1024.jpg 763w, https:\/\/galeriebecot.com\/wp-content\/uploads\/2025\/05\/Saillant-15-223x300.jpg 223w, https:\/\/galeriebecot.com\/wp-content\/uploads\/2025\/05\/Saillant-15-768x1031.jpg 768w, https:\/\/galeriebecot.com\/wp-content\/uploads\/2025\/05\/Saillant-15.jpg 864w\" sizes=\"auto, (max-width: 687px) 100vw, 687px\" \/><\/a><\/figure>\n\n\n\n<p class=\"wp-block-paragraph\">Lors du vernissage \u00e0 la Galerie <strong>Andr\u00e9 B\u00e9cot<\/strong>, qui aura lieu le 10 juin 2023, il y aura pr\u00e9sentation du film de <strong>Francine Saillant et de Fanny H. Levy dont le titre est _ Appara\u00eetre _&nbsp;<\/strong><\/p>\n\n\n\n<p class=\"wp-block-paragraph\"><strong>Le vernissage se d\u00e9roulera de Midi \u00e0 17 h. et la pr\u00e9sentation du film en mode *cin\u00e9-club aura lieu \u00e0 14 h.&nbsp;<\/strong><\/p>\n\n\n\n<p class=\"wp-block-paragraph\"><strong>Les dates pr\u00e9vues de l&rsquo;exposition _ Rock Solid-Art _   \u00e0 la galerie B\u00e9cot seront du 10 juin au 9 juillet 2023.&nbsp;<\/strong><\/p>\n\n\n\n<p class=\"wp-block-paragraph\">Le parcours Illumina est une initiative artistique r\u00e9unissant des acteurs culturels et communautaires du quartier Saint-Roch. Il permet de c\u00e9l\u00e9brer par diff\u00e9rentes \u0153uvres et actions le quartier Saint-Roch dans toute sa diversit\u00e9 et sa pluralit\u00e9. Ce parcours ouvrira au grand public le 8 juin 2023 et durera jusqu\u2019au 15 septembre 2023. Ce parcours, \u00e9tendu entre la promenade Langelier et le YMCA se composera en premier lieu d\u2019\u0153uvres \u00e0 caract\u00e8re participatif \u00e9labor\u00e9es avec divers artistes et des membres de divers organismes du quartier. Le parcours est soutenu par la Ville de Qu\u00e9bec, par Pech- Sherpa et par le Centre CERVO.&nbsp;<\/p>\n\n\n\n<p class=\"wp-block-paragraph\">Plusieurs \u00e9v\u00e9nements viennent se greffer \u00e0 cette initiative dont une exposition pr\u00e9vue \u00e0 la Galerie B\u00e9cot.<\/p>\n\n\n\n<p class=\"wp-block-paragraph\"> La galerie est partie de la fibre&nbsp; du quartier, elle est l\u2019un de ses poumons culturels. C\u2019est pourquoi Illumina propose aux artistes de la Galerie de se joindre \u00e0 cette initiative qui est une premi\u00e8re dans le quartier et \u00e0 Qu\u00e9bec. <\/p>\n\n\n\n<p class=\"wp-block-paragraph\"><strong>L\u2019exposition \u00e0 B\u00e9cot entrera&nbsp; dans le chemin du parcours et la publicit\u00e9 du parcours mentionnera l\u2019exposition comme une composante d\u2019Illumina.<\/strong><\/p>\n\n\n\n<figure class=\"wp-block-image size-full is-resized\"><a href=\"https:\/\/www.galeriebecot.com\/wp-content\/uploads\/2023\/04\/Collectif-Rock-solid-art-1.jpg\"><img loading=\"lazy\" decoding=\"async\" src=\"https:\/\/www.galeriebecot.com\/wp-content\/uploads\/2023\/04\/Collectif-Rock-solid-art-1.jpg\" alt=\"\" class=\"wp-image-17292\" width=\"211\" height=\"85\" srcset=\"https:\/\/galeriebecot.com\/wp-content\/uploads\/2023\/04\/Collectif-Rock-solid-art-1.jpg 576w, https:\/\/galeriebecot.com\/wp-content\/uploads\/2023\/04\/Collectif-Rock-solid-art-1-300x120.jpg 300w\" sizes=\"auto, (max-width: 211px) 100vw, 211px\" \/><\/a><\/figure>\n\n\n\n<p class=\"wp-block-paragraph\">Th\u00e9matique propos\u00e9e<\/p>\n\n\n\n<p class=\"wp-block-paragraph\">Une triple th\u00e9matique inspire les artistes et acteurs collaborateurs d\u2019Illumina: <strong>la m\u00e9moire, le r\u00eave et la cohabitation dans la pluralit\u00e9<\/strong><\/p>\n\n\n\n<p class=\"wp-block-paragraph\">Retour sur le formidable Cin\u00e9 Club Art et Cie du 15 avril 2023<\/p>\n\n\n\n<figure class=\"wp-block-image size-large is-resized\"><a href=\"https:\/\/www.galeriebecot.com\/wp-content\/uploads\/2023\/04\/Cine-Club-150423.jpg\"><img loading=\"lazy\" decoding=\"async\" src=\"https:\/\/www.galeriebecot.com\/wp-content\/uploads\/2023\/04\/Cine-Club-150423-1024x529.jpg\" alt=\"\" class=\"wp-image-17283\" width=\"598\" height=\"308\" srcset=\"https:\/\/galeriebecot.com\/wp-content\/uploads\/2023\/04\/Cine-Club-150423-1024x529.jpg 1024w, https:\/\/galeriebecot.com\/wp-content\/uploads\/2023\/04\/Cine-Club-150423-300x155.jpg 300w, https:\/\/galeriebecot.com\/wp-content\/uploads\/2023\/04\/Cine-Club-150423-768x397.jpg 768w, https:\/\/galeriebecot.com\/wp-content\/uploads\/2023\/04\/Cine-Club-150423.jpg 1410w\" sizes=\"auto, (max-width: 598px) 100vw, 598px\" \/><\/a><figcaption>Formidable Cin\u00e9 club Art et Cie du 15 avril 2023 , Francine Saillant &#8211; H\u00e9l\u00e8ne Boivin.<\/figcaption><\/figure>\n\n\n\n<p class=\"wp-block-paragraph\">Sur la photo en bas \u00e0 gauche \/ R\u00e9jeanne, Denis, H\u00e9l\u00e8ne et Andr\u00e9      <em>Cr\u00e9dit photo: Serge Philippe Tremblay<\/em>                <\/p>\n\n\n\n<figure class=\"wp-block-image size-large is-resized\"><a href=\"https:\/\/www.facebook.com\/100075252158505\/videos\/636615438501874\"><img loading=\"lazy\" decoding=\"async\" src=\"https:\/\/www.galeriebecot.com\/wp-content\/uploads\/2023\/04\/Unique-1024x578.jpg\" alt=\"\" class=\"wp-image-17279\" width=\"600\" height=\"339\" srcset=\"https:\/\/galeriebecot.com\/wp-content\/uploads\/2023\/04\/Unique-1024x578.jpg 1024w, https:\/\/galeriebecot.com\/wp-content\/uploads\/2023\/04\/Unique-300x169.jpg 300w, https:\/\/galeriebecot.com\/wp-content\/uploads\/2023\/04\/Unique-768x434.jpg 768w, https:\/\/galeriebecot.com\/wp-content\/uploads\/2023\/04\/Unique.jpg 1337w\" sizes=\"auto, (max-width: 600px) 100vw, 600px\" \/><\/a><\/figure>\n\n\n\n<p class=\"wp-block-paragraph\">Le Cin\u00e9-Club du 18 mars 2023  a connu un franc succ\u00e8s.  <strong>On se revoit pour celui du samedi <\/strong>15 avril  avec un film sur le th\u00e8me _  <strong>L&rsquo;art autochtone<\/strong>  _ Invit\u00e9e sp\u00e9ciale pour l&rsquo;animation \u00e0 la discussion _  Madame H\u00e9l\u00e8ne Boivin<\/p>\n\n\n\n<p class=\"wp-block-paragraph\"><strong>Les artistes suivants<\/strong> sont maintenant en exposition \u00e0 la galerie B\u00e9cot: <a href=\"https:\/\/www.facebook.com\/jeanyves.richard.549\/?locale=fr_CA\">Jean-Yves <strong>Richard<\/strong><\/a>, Roger <strong>Fournier<\/strong>, Don <strong>Darby,<\/strong> Andr\u00e9 <strong>B\u00e9cot<\/strong>, Aristide <strong>Gagnon<\/strong>, Jean <strong>Gauthier<\/strong>, Carol <strong>Poulin,<\/strong> Renald <strong>Brisebois<\/strong>, Kl\u00f6dy <strong>Tremblay<\/strong> , Serge Philippe <strong>Tremblay,<\/strong> Robert <strong>Delisle<\/strong>, Francine <strong>Saillant<\/strong>, Suzanne <strong>Cayer,<\/strong> Guy <strong>Royer<\/strong>, J\u00e9r\u00f4me <strong>Morissette<\/strong>, Alain <strong>LeBlond<\/strong>, Jean <strong>Bern\u00e8che<\/strong>, Philippe <strong>Pallafray<\/strong>, Gilbert <strong>S\u00e9vigny<\/strong>, Carole <strong>Turgeon,<\/strong> Suzette <strong>Patry<\/strong>, Pierette <strong>Comeau<\/strong> ,Marthe <strong>Thiboutot<\/strong> , <strong>Pibo<\/strong><\/p>\n\n\n\n<figure class=\"wp-block-image size-large\"><a href=\"https:\/\/www.galeriebecot.com\/wp-content\/uploads\/2023\/03\/Cartavage-cine-club.jpg\"><img loading=\"lazy\" decoding=\"async\" width=\"576\" height=\"1024\" src=\"https:\/\/www.galeriebecot.com\/wp-content\/uploads\/2023\/03\/Cartavage-cine-club-576x1024.jpg\" alt=\"\" class=\"wp-image-17207\" srcset=\"https:\/\/galeriebecot.com\/wp-content\/uploads\/2023\/03\/Cartavage-cine-club-576x1024.jpg 576w, https:\/\/galeriebecot.com\/wp-content\/uploads\/2023\/03\/Cartavage-cine-club-169x300.jpg 169w, https:\/\/galeriebecot.com\/wp-content\/uploads\/2023\/03\/Cartavage-cine-club-768x1365.jpg 768w, https:\/\/galeriebecot.com\/wp-content\/uploads\/2023\/03\/Cartavage-cine-club-864x1536.jpg 864w, https:\/\/galeriebecot.com\/wp-content\/uploads\/2023\/03\/Cartavage-cine-club.jpg 1148w\" sizes=\"auto, (max-width: 576px) 100vw, 576px\" \/><\/a><figcaption>Cin\u00e9-club du samedi le 18 mars 2023. <strong>L&rsquo;oeuvre <\/strong> en haut de page  est de l&rsquo;artiste<strong> Carol Poulin<\/strong><\/figcaption><\/figure>\n\n\n\n<p class=\"wp-block-paragraph\">Revoir la projection du 18 mars 2023. <\/p>\n\n\n\n<figure class=\"wp-block-embed is-type-video is-provider-dailymotion wp-block-embed-dailymotion wp-embed-aspect-16-9 wp-has-aspect-ratio\"><div class=\"wp-block-embed__wrapper\">\n<iframe loading=\"lazy\" title=\"Caravage - Le Ma\u00eetre Claire-Obscure - HD (doc 2015)\" frameborder=\"0\" width=\"700\" height=\"393\" src=\"https:\/\/geo.dailymotion.com\/player.html?video=x4g3q0g&#038;\" allowfullscreen allow=\"autoplay; fullscreen; picture-in-picture; web-share\"><\/iframe>\n<\/div><\/figure>\n\n\n\n<p class=\"wp-block-paragraph\">Le Caravage (Michelangelo Merisi da Caravaggio de son vrai nom) \u00e9tait un c\u00e9l\u00e8bre peintre italien du XVIIe si\u00e8cle ( 1571 -1610) Il est consid\u00e9r\u00e9 comme l&rsquo;un des plus grands peintres de tous les temps et un des pionniers du mouvement baroque.<\/p>\n\n\n\n<p class=\"wp-block-paragraph\">Le Caravage a r\u00e9volutionn\u00e9 l&rsquo;art de la peinture en introduisant un style naturaliste, caract\u00e9ris\u00e9 par des contrastes forts entre la lumi\u00e8re et l&rsquo;ombre et par des personnages r\u00e9alistes repr\u00e9sent\u00e9s dans des sc\u00e8nes dramatiques. Il a souvent choisi des sujets religieux ou mythologiques, mais les a repr\u00e9sent\u00e9s avec une touche de r\u00e9alisme qui \u00e9tait nouvelle \u00e0 l&rsquo;\u00e9poque.<\/p>\n\n\n\n<p class=\"wp-block-paragraph\">Le Caravage a eu une vie tumultueuse, marqu\u00e9e par des querelles et des scandales. Il a \u00e9t\u00e9 impliqu\u00e9 dans des bagarres et a m\u00eame \u00e9t\u00e9 condamn\u00e9 pour meurtre. Il a pass\u00e9 la majeure partie de sa vie \u00e0 Rome, o\u00f9 il a produit certaines de ses \u0153uvres les plus c\u00e9l\u00e8bres, telles que \u00ab\u00a0La Crucifixion de saint Pierre\u00a0\u00bb, \u00ab\u00a0Le D\u00e9pouillement du Christ\u00a0\u00bb et \u00ab\u00a0La Vocation de saint Matthieu\u00a0\u00bb.<\/p>\n\n\n\n<figure class=\"wp-block-image size-large\"><a href=\"https:\/\/www.galeriebecot.com\/wp-content\/uploads\/2023\/03\/St-Pierre.jpg\"><img loading=\"lazy\" decoding=\"async\" width=\"1024\" height=\"791\" src=\"https:\/\/www.galeriebecot.com\/wp-content\/uploads\/2023\/03\/St-Pierre-1024x791.jpg\" alt=\"\" class=\"wp-image-17214\" srcset=\"https:\/\/galeriebecot.com\/wp-content\/uploads\/2023\/03\/St-Pierre-1024x791.jpg 1024w, https:\/\/galeriebecot.com\/wp-content\/uploads\/2023\/03\/St-Pierre-300x232.jpg 300w, https:\/\/galeriebecot.com\/wp-content\/uploads\/2023\/03\/St-Pierre-768x593.jpg 768w, https:\/\/galeriebecot.com\/wp-content\/uploads\/2023\/03\/St-Pierre.jpg 1214w\" sizes=\"auto, (max-width: 1024px) 100vw, 1024px\" \/><\/a><\/figure>\n\n\n\n<p class=\"wp-block-paragraph\"><strong>Comparaison<\/strong> entre le musicien Jean-S\u00e9bastien <strong>Bac<\/strong>h et le peintre <strong>Caravage<\/strong>.<\/p>\n\n\n\n<p class=\"wp-block-paragraph\">Il est int\u00e9ressant de comparer les deux artistes Jean-S\u00e9bastien Bach et Caravage, car bien qu&rsquo;ils soient issus de domaines artistiques diff\u00e9rents &#8211; la musique pour Bach et la peinture pour Caravage -, ils ont tous deux marqu\u00e9 leur \u00e9poque par leur talent exceptionnel et leur cr\u00e9ativit\u00e9.<\/p>\n\n\n\n<p class=\"wp-block-paragraph\">En ce qui concerne la musique, Jean-S\u00e9bastien Bach est consid\u00e9r\u00e9 comme l&rsquo;un des plus grands compositeurs de l&rsquo;histoire de la musique occidentale. Il \u00e9tait connu pour sa ma\u00eetrise des formes musicales, notamment la fugue, ainsi que pour son utilisation inventive de la m\u00e9lodie, de l&rsquo;harmonie et du contrepoint. Il a \u00e9crit des \u0153uvres dans diff\u00e9rents genres, de la musique sacr\u00e9e \u00e0 la musique orchestrale et de chambre, et a exerc\u00e9 une grande influence sur les g\u00e9n\u00e9rations de musiciens qui ont suivi.<\/p>\n\n\n\n<p class=\"wp-block-paragraph\">Caravage, quant \u00e0 lui, \u00e9tait un peintre baroque italien qui a d\u00e9velopp\u00e9 un style r\u00e9aliste et naturaliste unique, caract\u00e9ris\u00e9 par un clair-obscur dramatique et des personnages tr\u00e8s expressifs. Il \u00e9tait connu pour ses repr\u00e9sentations saisissantes de sc\u00e8nes bibliques et mythologiques, ainsi que pour son utilisation de la lumi\u00e8re pour cr\u00e9er des effets dramatiques.<\/p>\n\n\n\n<p class=\"wp-block-paragraph\">Bien que Bach et Caravage aient \u00e9t\u00e9 des artistes tr\u00e8s diff\u00e9rents dans leur approche de l&rsquo;art, ils partageaient une passion pour l&rsquo;expression \u00e9motionnelle dans leur travail. Bach utilisait la musique pour exprimer des id\u00e9es et des \u00e9motions complexes, tandis que Caravage utilisait la peinture pour capturer des moments dramatiques et \u00e9mouvants. De plus, les deux artistes ont travaill\u00e9 dans des contextes religieux, cr\u00e9ant des \u0153uvres qui refl\u00e9taient souvent leur foi et leur spiritualit\u00e9.<\/p>\n\n\n\n<p class=\"wp-block-paragraph\">En fin de compte, il est difficile de comparer ces deux artistes car ils ont tous deux laiss\u00e9 une empreinte ind\u00e9l\u00e9bile sur leur domaine artistique respectif et ont influenc\u00e9 des g\u00e9n\u00e9rations d&rsquo;artistes apr\u00e8s eux. Cependant, leur passion pour l&rsquo;expression \u00e9motionnelle et leur talent exceptionnel sont des traits qu&rsquo;ils ont en commun et qui ont fait d&rsquo;eux des artistes de renomm\u00e9e mondiale.<\/p>\n\n\n\n<figure class=\"wp-block-image size-large is-resized\"><a href=\"https:\/\/www.galeriebecot.com\/wp-content\/uploads\/2023\/02\/Lamothe_Becot_Briere.jpg\"><img loading=\"lazy\" decoding=\"async\" src=\"https:\/\/www.galeriebecot.com\/wp-content\/uploads\/2023\/02\/Lamothe_Becot_Briere-1024x652.jpg\" alt=\"\" class=\"wp-image-17105\" width=\"392\" height=\"249\" srcset=\"https:\/\/galeriebecot.com\/wp-content\/uploads\/2023\/02\/Lamothe_Becot_Briere-1024x652.jpg 1024w, https:\/\/galeriebecot.com\/wp-content\/uploads\/2023\/02\/Lamothe_Becot_Briere-300x191.jpg 300w, https:\/\/galeriebecot.com\/wp-content\/uploads\/2023\/02\/Lamothe_Becot_Briere-768x489.jpg 768w, https:\/\/galeriebecot.com\/wp-content\/uploads\/2023\/02\/Lamothe_Becot_Briere.jpg 1440w\" sizes=\"auto, (max-width: 392px) 100vw, 392px\" \/><\/a><figcaption>Cin\u00e9-Club du 25 f\u00e9vrier ( <em>Cr\u00e9dit photo : Serge Philippe Tremblay<\/em> )<\/figcaption><\/figure>\n\n\n\n<p class=\"wp-block-paragraph\">R\u00e9jeanne Lamothe, Andr\u00e9 B\u00e9cot, Nicole Bri\u00e8re.<\/p>\n\n\n\n<p class=\"wp-block-paragraph\"><strong>Un gros merci <\/strong>\u00e0 Nicole Bri\u00e8re (invit\u00e9e) <strong>Magnifique<\/strong> prestation !<\/p>\n\n\n\n<figure class=\"wp-block-image size-full is-resized\"><a href=\"https:\/\/www.youtube.com\/watch?v=vhRFFuSKegc\"><img loading=\"lazy\" decoding=\"async\" src=\"https:\/\/www.galeriebecot.com\/wp-content\/uploads\/2023\/02\/Cine-Club-Oublie.jpg\" alt=\"\" class=\"wp-image-17126\" width=\"391\" height=\"263\" srcset=\"https:\/\/galeriebecot.com\/wp-content\/uploads\/2023\/02\/Cine-Club-Oublie.jpg 864w, https:\/\/galeriebecot.com\/wp-content\/uploads\/2023\/02\/Cine-Club-Oublie-300x203.jpg 300w, https:\/\/galeriebecot.com\/wp-content\/uploads\/2023\/02\/Cine-Club-Oublie-768x519.jpg 768w\" sizes=\"auto, (max-width: 391px) 100vw, 391px\" \/><\/a><figcaption><strong>Revoir<\/strong> notre dernier Cin\u00e9-Club.  Art &amp; Cie<\/figcaption><\/figure>\n\n\n\n<p class=\"wp-block-paragraph\">Il est vrai que dans l&rsquo;histoire de l&rsquo;art, les femmes artistes ont souvent \u00e9t\u00e9 n\u00e9glig\u00e9es, ignor\u00e9es et oubli\u00e9es. Les raisons de cette invisibilit\u00e9 sont multiples : le sexisme, les st\u00e9r\u00e9otypes de genre, l&rsquo;absence d&rsquo;\u00e9ducation artistique pour les femmes, les obstacles sociaux et \u00e9conomiques, etc.<\/p>\n\n\n\n<p class=\"wp-block-paragraph\">Pourtant, il y a eu de nombreuses femmes artistes talentueuses qui ont contribu\u00e9 de mani\u00e8re significative \u00e0 l&rsquo;histoire de l&rsquo;art. Malheureusement, leurs noms ont souvent \u00e9t\u00e9 effac\u00e9s ou rel\u00e9gu\u00e9s \u00e0 l&rsquo;ombre de leurs homologues masculins. Certaines de ces femmes ont \u00e9t\u00e9 red\u00e9couvertes et reconnues r\u00e9cemment, gr\u00e2ce aux efforts des historiens de l&rsquo;art et des activistes f\u00e9ministes.<\/p>\n\n\n\n<p class=\"wp-block-paragraph\">Voici quelques exemples de femmes artistes souvent oubli\u00e9es dans l&rsquo;histoire de l&rsquo;art :<\/p>\n\n\n\n<ul class=\"wp-block-list\"><li>Artemisia Gentileschi : Peintre italienne du XVIIe si\u00e8cle, elle est connue pour ses sc\u00e8nes dramatiques de femmes fortes et ind\u00e9pendantes. Elle a \u00e9t\u00e9 l&rsquo;une des premi\u00e8res femmes admises \u00e0 l&rsquo;Acad\u00e9mie royale de peinture de Florence.<\/li><li>\u00c9lisabeth Vig\u00e9e Le Brun : Peintre fran\u00e7aise du XVIIIe si\u00e8cle, elle a r\u00e9alis\u00e9 des portraits de la noblesse europ\u00e9enne, y compris de Marie-Antoinette. Elle a \u00e9t\u00e9 la premi\u00e8re femme admise \u00e0 l&rsquo;Acad\u00e9mie royale de peinture et de sculpture de Paris.<\/li><li>Mary Cassatt : Peintre am\u00e9ricaine du XIXe si\u00e8cle, elle est connue pour ses portraits et sc\u00e8nes de la vie quotidienne. Elle a \u00e9t\u00e9 une membre active du mouvement impressionniste et a travaill\u00e9 aux c\u00f4t\u00e9s de grands artistes comme Edgar Degas.<\/li><li>Frida Kahlo : Peintre mexicaine du XXe si\u00e8cle, elle est connue pour ses autoportraits embl\u00e9matiques et son exploration de la douleur, de la sexualit\u00e9 et de l&rsquo;identit\u00e9. Elle est devenue une figure importante du mouvement surr\u00e9aliste et a influenc\u00e9 de nombreux artistes contemporains.<\/li><li>Lee Krasner : Peintre am\u00e9ricaine du XXe si\u00e8cle, elle a \u00e9t\u00e9 l&rsquo;une des pionni\u00e8res de l&rsquo;expressionnisme abstrait. Elle a travaill\u00e9 aux c\u00f4t\u00e9s de son mari, Jackson Pollock, mais a \u00e9t\u00e9 souvent \u00e9clips\u00e9e par sa renomm\u00e9e.<\/li><\/ul>\n\n\n\n<p class=\"wp-block-paragraph\">Ces femmes artistes et de nombreuses autres ont enfin commenc\u00e9 \u00e0 recevoir la reconnaissance qu&rsquo;elles m\u00e9ritent, gr\u00e2ce \u00e0 l&rsquo;\u00e9largissement de l&rsquo;histoire de l&rsquo;art pour inclure des voix et des perspectives longtemps n\u00e9glig\u00e9es. Cela montre l&rsquo;importance de reconna\u00eetre et de c\u00e9l\u00e9brer la diversit\u00e9 dans tous les domaines, y compris l&rsquo;art.<\/p>\n\n\n\n<p class=\"wp-block-paragraph\">Cin\u00e9-Club   Art &amp; Cie du 25 f\u00e9vrier 2023 :<strong> Les oubli\u00e9es<\/strong><\/p>\n\n\n\n<figure class=\"wp-block-image size-large is-resized\"><a href=\"https:\/\/www.be-video.info\"><img loading=\"lazy\" decoding=\"async\" src=\"https:\/\/www.galeriebecot.com\/wp-content\/uploads\/2023\/02\/Lamothe-1024x727.jpg\" alt=\"\" class=\"wp-image-17131\" width=\"391\" height=\"277\" srcset=\"https:\/\/galeriebecot.com\/wp-content\/uploads\/2023\/02\/Lamothe-1024x727.jpg 1024w, https:\/\/galeriebecot.com\/wp-content\/uploads\/2023\/02\/Lamothe-300x213.jpg 300w, https:\/\/galeriebecot.com\/wp-content\/uploads\/2023\/02\/Lamothe-768x545.jpg 768w, https:\/\/galeriebecot.com\/wp-content\/uploads\/2023\/02\/Lamothe.jpg 1164w\" sizes=\"auto, (max-width: 391px) 100vw, 391px\" \/><\/a><figcaption><br><a href=\"http:\/\/www.maisonsdupatrimoine.com\/fr\/expositions\/villa-bagatelle\/lumiere-sur-le-verre.html\"><\/a><a href=\"http:\/\/www.maisonsdupatrimoine.com\/fr\/expositions\/villa-bagatelle\/lumiere-sur-le-verre.html\"><\/a><a href=\"http:\/\/www.maisonsdupatrimoine.com\/fr\/expositions\/villa-bagatelle\/lumiere-sur-le-verre.html\"><\/a><br><\/figcaption><\/figure>\n\n\n\n<figure class=\"wp-block-image size-large\"><a href=\"https:\/\/www.galeriebecot.com\/wp-content\/uploads\/2023\/02\/Oublie10_conference.jpg\"><img loading=\"lazy\" decoding=\"async\" width=\"1024\" height=\"894\" src=\"https:\/\/www.galeriebecot.com\/wp-content\/uploads\/2023\/02\/Oublie10_conference-1024x894.jpg\" alt=\"\" class=\"wp-image-17137\" srcset=\"https:\/\/galeriebecot.com\/wp-content\/uploads\/2023\/02\/Oublie10_conference-1024x894.jpg 1024w, https:\/\/galeriebecot.com\/wp-content\/uploads\/2023\/02\/Oublie10_conference-300x262.jpg 300w, https:\/\/galeriebecot.com\/wp-content\/uploads\/2023\/02\/Oublie10_conference-768x670.jpg 768w, https:\/\/galeriebecot.com\/wp-content\/uploads\/2023\/02\/Oublie10_conference.jpg 1440w\" sizes=\"auto, (max-width: 1024px) 100vw, 1024px\" \/><\/a><\/figure>\n\n\n\n<p class=\"wp-block-paragraph\">Art et Cie du 25 f\u00e9vrier 2023<\/p>\n\n\n\n<figure class=\"wp-block-image size-large\"><a href=\"http:\/\/www.maisonsdupatrimoine.com\/fr\/expositions\/villa-bagatelle\/lumiere-sur-le-verre.html\"><img loading=\"lazy\" decoding=\"async\" width=\"1024\" height=\"679\" src=\"https:\/\/www.galeriebecot.com\/wp-content\/uploads\/2023\/02\/Richard-Jean-Yves-1024x679.jpg\" alt=\"\" class=\"wp-image-17113\" srcset=\"https:\/\/galeriebecot.com\/wp-content\/uploads\/2023\/02\/Richard-Jean-Yves-1024x679.jpg 1024w, https:\/\/galeriebecot.com\/wp-content\/uploads\/2023\/02\/Richard-Jean-Yves-300x199.jpg 300w, https:\/\/galeriebecot.com\/wp-content\/uploads\/2023\/02\/Richard-Jean-Yves-768x509.jpg 768w, https:\/\/galeriebecot.com\/wp-content\/uploads\/2023\/02\/Richard-Jean-Yves.jpg 1440w\" sizes=\"auto, (max-width: 1024px) 100vw, 1024px\" \/><\/a><figcaption><strong>Scoop<\/strong> par Jean Yves Richard : invitation \u00e0 l&rsquo;exposition \u00e0 la villa Bagatelle  _ <strong>Lumi\u00e8re sur le verre<\/strong><br><br><strong>L\u2019Architecture<\/strong> et l\u2019art. Cin\u00e9-<strong>Club<\/strong> du 21 <strong>janvier<\/strong> 2023 Invit\u00e9 monsieur Claude <strong>B\u00e9langer<\/strong>, <strong>Architecte<\/strong>._ <\/figcaption><\/figure>\n\n\n\n<figure class=\"wp-block-image size-large\"><a href=\"https:\/\/www.galeriebecot.com\/wp-content\/uploads\/2023\/01\/Architecture-et-Art1.jpg\"><img loading=\"lazy\" decoding=\"async\" width=\"1024\" height=\"577\" src=\"https:\/\/www.galeriebecot.com\/wp-content\/uploads\/2023\/01\/Architecture-et-Art1-1024x577.jpg\" alt=\"\" class=\"wp-image-16948\" srcset=\"https:\/\/galeriebecot.com\/wp-content\/uploads\/2023\/01\/Architecture-et-Art1-1024x577.jpg 1024w, https:\/\/galeriebecot.com\/wp-content\/uploads\/2023\/01\/Architecture-et-Art1-300x169.jpg 300w, https:\/\/galeriebecot.com\/wp-content\/uploads\/2023\/01\/Architecture-et-Art1-768x433.jpg 768w, https:\/\/galeriebecot.com\/wp-content\/uploads\/2023\/01\/Architecture-et-Art1.jpg 1440w\" sizes=\"auto, (max-width: 1024px) 100vw, 1024px\" \/><\/a><figcaption>Cin\u00e9-Club Art et Cie ,du 21 janvier 2023.<\/figcaption><\/figure>\n\n\n\n<p class=\"wp-block-paragraph\">L&rsquo;architecture et l&rsquo;art sont deux domaines qui sont \u00e9troitement li\u00e9s mais qui ont \u00e9galement leurs diff\u00e9rences distinctes. L&rsquo;architecture est consid\u00e9r\u00e9e comme un type d&rsquo;art qui se concentre sur la conception et la construction de b\u00e2timents et de structures, tandis que l&rsquo;art peut prendre diff\u00e9rentes formes, telles que la peinture, la sculpture, la photographie, la musique, le cin\u00e9ma, la danse et bien plus encore.<\/p>\n\n\n\n<p class=\"wp-block-paragraph\">Bien que l&rsquo;architecture soit souvent consid\u00e9r\u00e9e comme une forme d&rsquo;art appliqu\u00e9, elle est diff\u00e9rente des autres formes d&rsquo;art en raison de son objectif fonctionnel. L&rsquo;architecture doit prendre en compte des facteurs tels que la s\u00e9curit\u00e9, la durabilit\u00e9, la fonctionnalit\u00e9 et l&rsquo;efficacit\u00e9, en plus de l&rsquo;esth\u00e9tique.<\/p>\n\n\n\n<p class=\"wp-block-paragraph\">Cela dit, l&rsquo;architecture peut \u00e9galement \u00eatre consid\u00e9r\u00e9e comme une forme d&rsquo;art dans la mesure o\u00f9 elle peut susciter des \u00e9motions et des r\u00e9actions esth\u00e9tiques chez les spectateurs. De nombreux b\u00e2timents sont con\u00e7us pour \u00eatre beaux et inspirants, et certains architectes sont consid\u00e9r\u00e9s comme des artistes en raison de leur utilisation innovante de l&rsquo;espace, de la lumi\u00e8re et de la forme.<\/p>\n\n\n\n<p class=\"wp-block-paragraph\">En fin de compte, bien que l&rsquo;architecture et l&rsquo;art soient deux domaines diff\u00e9rents, ils partagent de nombreuses similitudes et peuvent s&rsquo;influencer mutuellement. L&rsquo;architecture peut \u00eatre consid\u00e9r\u00e9e comme une forme d&rsquo;art appliqu\u00e9 qui peut avoir un impact sur notre vie quotidienne, tandis que l&rsquo;art peut inspirer les architectes et les concepteurs dans leur travail cr\u00e9atif.<\/p>\n\n\n\n<p class=\"wp-block-paragraph\">Venez visionner des films formidables au <strong>nouveau cin\u00e9-club<\/strong> de la galerie<strong> B\u00e9cot.<\/strong><\/p>\n\n\n\n<figure class=\"wp-block-image size-large\"><a href=\"https:\/\/www.galeriebecot.com\/wp-content\/uploads\/2023\/02\/Affiche-Cine-Rectifie-OK-OUPS.jpg\"><img loading=\"lazy\" decoding=\"async\" width=\"791\" height=\"1024\" src=\"https:\/\/www.galeriebecot.com\/wp-content\/uploads\/2023\/02\/Affiche-Cine-Rectifie-OK-OUPS-791x1024.jpg\" alt=\"\" class=\"wp-image-17103\" srcset=\"https:\/\/galeriebecot.com\/wp-content\/uploads\/2023\/02\/Affiche-Cine-Rectifie-OK-OUPS-791x1024.jpg 791w, https:\/\/galeriebecot.com\/wp-content\/uploads\/2023\/02\/Affiche-Cine-Rectifie-OK-OUPS-232x300.jpg 232w, https:\/\/galeriebecot.com\/wp-content\/uploads\/2023\/02\/Affiche-Cine-Rectifie-OK-OUPS-768x994.jpg 768w, https:\/\/galeriebecot.com\/wp-content\/uploads\/2023\/02\/Affiche-Cine-Rectifie-OK-OUPS-1187x1536.jpg 1187w, https:\/\/galeriebecot.com\/wp-content\/uploads\/2023\/02\/Affiche-Cine-Rectifie-OK-OUPS.jpg 1224w\" sizes=\"auto, (max-width: 791px) 100vw, 791px\" \/><\/a><\/figure>\n\n\n\n<p class=\"wp-block-paragraph\">Les artistes, Jean-Yves <strong>Richard<\/strong>, Roger <strong>Fournier<\/strong>, Don <strong>Darby,<\/strong> Andr\u00e9 <strong>B\u00e9cot<\/strong>, Aristide <strong>Gagon<\/strong>, Jean <strong>Gauthier<\/strong>, Carol <strong>Poulin,<\/strong> Renald <strong>Brisebois<\/strong>, Kl\u00f6dy <strong>Tremblay<\/strong> , Serge Philippe <strong>Tremblay,<\/strong> Robert <strong>Delisle<\/strong>, Francine <strong>Saillant<\/strong>, Suzanne <strong>Cayer,<\/strong> Guy <strong>Royer<\/strong>, J\u00e9r\u00f4me <strong>Morissette<\/strong>, Alain <strong>LeBlond<\/strong>, Jean <strong>Bern\u00e8che<\/strong>, Philippe <strong>Pallafray<\/strong>, Gilbert <strong>S\u00e9vigny<\/strong>, Carole <strong>Turgeon,<\/strong> Suzette <strong>Patry<\/strong>, Pierette <strong>Comeau<\/strong> ,Marthe <strong>Thiboutot<\/strong> seront en exposition dans le cadre du Cin\u00e9-Club.<\/p>\n\n\n\n<figure class=\"wp-block-image size-large is-resized\"><a href=\"https:\/\/journallephare.org\/2018\/08\/02\/nicole-lacroix-thibeault-gens-de-parlure-accoudes-au-vent-dest\/\"><img loading=\"lazy\" decoding=\"async\" src=\"https:\/\/www.galeriebecot.com\/wp-content\/uploads\/2023\/01\/Nicole-Lacroix-Thibault-737x1024.jpg\" alt=\"\" class=\"wp-image-16891\" width=\"474\" height=\"659\" srcset=\"https:\/\/galeriebecot.com\/wp-content\/uploads\/2023\/01\/Nicole-Lacroix-Thibault-737x1024.jpg 737w, https:\/\/galeriebecot.com\/wp-content\/uploads\/2023\/01\/Nicole-Lacroix-Thibault-216x300.jpg 216w, https:\/\/galeriebecot.com\/wp-content\/uploads\/2023\/01\/Nicole-Lacroix-Thibault-768x1067.jpg 768w, https:\/\/galeriebecot.com\/wp-content\/uploads\/2023\/01\/Nicole-Lacroix-Thibault.jpg 864w\" sizes=\"auto, (max-width: 474px) 100vw, 474px\" \/><\/a><\/figure>\n\n\n\n<figure class=\"wp-block-image size-large is-resized\"><a href=\"https:\/\/www.galeriebecot.com\/wp-content\/uploads\/2023\/01\/Soleil1.jpg\"><img loading=\"lazy\" decoding=\"async\" src=\"https:\/\/www.galeriebecot.com\/wp-content\/uploads\/2023\/01\/Soleil1-1024x949.jpg\" alt=\"\" class=\"wp-image-16898\" width=\"783\" height=\"725\" srcset=\"https:\/\/galeriebecot.com\/wp-content\/uploads\/2023\/01\/Soleil1-1024x949.jpg 1024w, https:\/\/galeriebecot.com\/wp-content\/uploads\/2023\/01\/Soleil1-300x278.jpg 300w, https:\/\/galeriebecot.com\/wp-content\/uploads\/2023\/01\/Soleil1-768x711.jpg 768w, https:\/\/galeriebecot.com\/wp-content\/uploads\/2023\/01\/Soleil1.jpg 1440w\" sizes=\"auto, (max-width: 783px) 100vw, 783px\" \/><\/a><figcaption>On reconnait souvent quelque chose de <strong>g\u00e9nial<\/strong><br>\u00e0 la fa\u00e7on qu\u2019ont les gens de l\u2019ignorer &#8211; Damien Bernard ( artiste-peintre-musicien)<\/figcaption><\/figure>\n\n\n\n<figure class=\"wp-block-image size-large\"><a href=\"https:\/\/www.galeriebecot.com\/wp-content\/uploads\/2023\/01\/Soleil-2.jpg\"><img loading=\"lazy\" decoding=\"async\" width=\"970\" height=\"1024\" src=\"https:\/\/www.galeriebecot.com\/wp-content\/uploads\/2023\/01\/Soleil-2-970x1024.jpg\" alt=\"\" class=\"wp-image-16900\" srcset=\"https:\/\/galeriebecot.com\/wp-content\/uploads\/2023\/01\/Soleil-2-970x1024.jpg 970w, https:\/\/galeriebecot.com\/wp-content\/uploads\/2023\/01\/Soleil-2-284x300.jpg 284w, https:\/\/galeriebecot.com\/wp-content\/uploads\/2023\/01\/Soleil-2-768x811.jpg 768w, https:\/\/galeriebecot.com\/wp-content\/uploads\/2023\/01\/Soleil-2.jpg 1296w\" sizes=\"auto, (max-width: 970px) 100vw, 970px\" \/><\/a><\/figure>\n\n\n\n<figure class=\"wp-block-image size-large\"><a href=\"https:\/\/www.galeriebecot.com\/wp-content\/uploads\/2023\/01\/Soleil33.jpg\"><img loading=\"lazy\" decoding=\"async\" width=\"771\" height=\"1024\" src=\"https:\/\/www.galeriebecot.com\/wp-content\/uploads\/2023\/01\/Soleil33-771x1024.jpg\" alt=\"\" class=\"wp-image-16915\" srcset=\"https:\/\/galeriebecot.com\/wp-content\/uploads\/2023\/01\/Soleil33-771x1024.jpg 771w, https:\/\/galeriebecot.com\/wp-content\/uploads\/2023\/01\/Soleil33-226x300.jpg 226w, https:\/\/galeriebecot.com\/wp-content\/uploads\/2023\/01\/Soleil33-768x1020.jpg 768w, https:\/\/galeriebecot.com\/wp-content\/uploads\/2023\/01\/Soleil33-1156x1536.jpg 1156w, https:\/\/galeriebecot.com\/wp-content\/uploads\/2023\/01\/Soleil33.jpg 1296w\" sizes=\"auto, (max-width: 771px) 100vw, 771px\" \/><\/a><\/figure>\n\n\n\n<figure class=\"wp-block-image size-large\"><a href=\"https:\/\/www.galeriebecot.com\/wp-content\/uploads\/2023\/01\/Soleil4.jpg\"><img loading=\"lazy\" decoding=\"async\" width=\"780\" height=\"1024\" src=\"https:\/\/www.galeriebecot.com\/wp-content\/uploads\/2023\/01\/Soleil4-780x1024.jpg\" alt=\"\" class=\"wp-image-16902\" srcset=\"https:\/\/galeriebecot.com\/wp-content\/uploads\/2023\/01\/Soleil4-780x1024.jpg 780w, https:\/\/galeriebecot.com\/wp-content\/uploads\/2023\/01\/Soleil4-228x300.jpg 228w, https:\/\/galeriebecot.com\/wp-content\/uploads\/2023\/01\/Soleil4-768x1009.jpg 768w, https:\/\/galeriebecot.com\/wp-content\/uploads\/2023\/01\/Soleil4-1170x1536.jpg 1170w, https:\/\/galeriebecot.com\/wp-content\/uploads\/2023\/01\/Soleil4.jpg 1296w\" sizes=\"auto, (max-width: 780px) 100vw, 780px\" \/><\/a><\/figure>\n\n\n\n<figure class=\"wp-block-image size-large\"><a href=\"https:\/\/www.galeriebecot.com\/wp-content\/uploads\/2023\/01\/Soleil-555.jpg\"><img loading=\"lazy\" decoding=\"async\" width=\"788\" height=\"1024\" src=\"https:\/\/www.galeriebecot.com\/wp-content\/uploads\/2023\/01\/Soleil-555-788x1024.jpg\" alt=\"\" class=\"wp-image-16918\" srcset=\"https:\/\/galeriebecot.com\/wp-content\/uploads\/2023\/01\/Soleil-555-788x1024.jpg 788w, https:\/\/galeriebecot.com\/wp-content\/uploads\/2023\/01\/Soleil-555-231x300.jpg 231w, https:\/\/galeriebecot.com\/wp-content\/uploads\/2023\/01\/Soleil-555-768x998.jpg 768w, https:\/\/galeriebecot.com\/wp-content\/uploads\/2023\/01\/Soleil-555-1182x1536.jpg 1182w, https:\/\/galeriebecot.com\/wp-content\/uploads\/2023\/01\/Soleil-555.jpg 1296w\" sizes=\"auto, (max-width: 788px) 100vw, 788px\" \/><\/a><\/figure>\n\n\n\n<figure class=\"wp-block-image size-large\"><a href=\"https:\/\/www.galeriebecot.com\/wp-content\/uploads\/2023\/01\/Soleil6.jpg\"><img loading=\"lazy\" decoding=\"async\" width=\"776\" height=\"1024\" src=\"https:\/\/www.galeriebecot.com\/wp-content\/uploads\/2023\/01\/Soleil6-776x1024.jpg\" alt=\"\" class=\"wp-image-16904\" srcset=\"https:\/\/galeriebecot.com\/wp-content\/uploads\/2023\/01\/Soleil6-776x1024.jpg 776w, https:\/\/galeriebecot.com\/wp-content\/uploads\/2023\/01\/Soleil6-227x300.jpg 227w, https:\/\/galeriebecot.com\/wp-content\/uploads\/2023\/01\/Soleil6-768x1014.jpg 768w, https:\/\/galeriebecot.com\/wp-content\/uploads\/2023\/01\/Soleil6-1163x1536.jpg 1163w, https:\/\/galeriebecot.com\/wp-content\/uploads\/2023\/01\/Soleil6.jpg 1296w\" sizes=\"auto, (max-width: 776px) 100vw, 776px\" \/><\/a><\/figure>\n\n\n\n<figure class=\"wp-block-image size-large is-resized\"><a href=\"https:\/\/www.galeriebecot.com\/wp-content\/uploads\/2023\/01\/Soleil7.jpg\"><img loading=\"lazy\" decoding=\"async\" src=\"https:\/\/www.galeriebecot.com\/wp-content\/uploads\/2023\/01\/Soleil7-1024x781.jpg\" alt=\"\" class=\"wp-image-16905\" width=\"780\" height=\"594\" srcset=\"https:\/\/galeriebecot.com\/wp-content\/uploads\/2023\/01\/Soleil7-1024x781.jpg 1024w, https:\/\/galeriebecot.com\/wp-content\/uploads\/2023\/01\/Soleil7-300x229.jpg 300w, https:\/\/galeriebecot.com\/wp-content\/uploads\/2023\/01\/Soleil7-768x586.jpg 768w, https:\/\/galeriebecot.com\/wp-content\/uploads\/2023\/01\/Soleil7.jpg 1296w\" sizes=\"auto, (max-width: 780px) 100vw, 780px\" \/><\/a><\/figure>\n\n\n\n<figure class=\"wp-block-image size-large\"><a href=\"https:\/\/www.galeriebecot.com\/wp-content\/uploads\/2023\/01\/Soleil8.jpg\"><img loading=\"lazy\" decoding=\"async\" width=\"935\" height=\"1024\" src=\"https:\/\/www.galeriebecot.com\/wp-content\/uploads\/2023\/01\/Soleil8-935x1024.jpg\" alt=\"\" class=\"wp-image-16906\" srcset=\"https:\/\/galeriebecot.com\/wp-content\/uploads\/2023\/01\/Soleil8-935x1024.jpg 935w, https:\/\/galeriebecot.com\/wp-content\/uploads\/2023\/01\/Soleil8-274x300.jpg 274w, https:\/\/galeriebecot.com\/wp-content\/uploads\/2023\/01\/Soleil8-768x841.jpg 768w, https:\/\/galeriebecot.com\/wp-content\/uploads\/2023\/01\/Soleil8.jpg 1296w\" sizes=\"auto, (max-width: 935px) 100vw, 935px\" \/><\/a><\/figure>\n\n\n\n<figure class=\"wp-block-image size-large\"><a href=\"https:\/\/www.galeriebecot.com\/wp-content\/uploads\/2023\/01\/Soleil99.jpg\"><img loading=\"lazy\" decoding=\"async\" width=\"789\" height=\"1024\" src=\"https:\/\/www.galeriebecot.com\/wp-content\/uploads\/2023\/01\/Soleil99-789x1024.jpg\" alt=\"\" class=\"wp-image-16920\" srcset=\"https:\/\/galeriebecot.com\/wp-content\/uploads\/2023\/01\/Soleil99-789x1024.jpg 789w, https:\/\/galeriebecot.com\/wp-content\/uploads\/2023\/01\/Soleil99-231x300.jpg 231w, https:\/\/galeriebecot.com\/wp-content\/uploads\/2023\/01\/Soleil99-768x997.jpg 768w, https:\/\/galeriebecot.com\/wp-content\/uploads\/2023\/01\/Soleil99-1184x1536.jpg 1184w, https:\/\/galeriebecot.com\/wp-content\/uploads\/2023\/01\/Soleil99.jpg 1296w\" sizes=\"auto, (max-width: 789px) 100vw, 789px\" \/><\/a><\/figure>\n\n\n\n<figure class=\"wp-block-image size-large\"><a href=\"https:\/\/www.galeriebecot.com\/wp-content\/uploads\/2023\/01\/Soleil10.jpg\"><img loading=\"lazy\" decoding=\"async\" width=\"1024\" height=\"977\" src=\"https:\/\/www.galeriebecot.com\/wp-content\/uploads\/2023\/01\/Soleil10-1024x977.jpg\" alt=\"\" class=\"wp-image-16908\" srcset=\"https:\/\/galeriebecot.com\/wp-content\/uploads\/2023\/01\/Soleil10-1024x977.jpg 1024w, https:\/\/galeriebecot.com\/wp-content\/uploads\/2023\/01\/Soleil10-300x286.jpg 300w, https:\/\/galeriebecot.com\/wp-content\/uploads\/2023\/01\/Soleil10-768x733.jpg 768w, https:\/\/galeriebecot.com\/wp-content\/uploads\/2023\/01\/Soleil10.jpg 1296w\" sizes=\"auto, (max-width: 1024px) 100vw, 1024px\" \/><\/a><\/figure>\n\n\n\n<figure class=\"wp-block-image size-large\"><a href=\"https:\/\/www.galeriebecot.com\/wp-content\/uploads\/2023\/01\/Soleil11.jpg\"><img loading=\"lazy\" decoding=\"async\" width=\"1024\" height=\"484\" src=\"https:\/\/www.galeriebecot.com\/wp-content\/uploads\/2023\/01\/Soleil11-1024x484.jpg\" alt=\"\" class=\"wp-image-16909\" srcset=\"https:\/\/galeriebecot.com\/wp-content\/uploads\/2023\/01\/Soleil11-1024x484.jpg 1024w, https:\/\/galeriebecot.com\/wp-content\/uploads\/2023\/01\/Soleil11-300x142.jpg 300w, https:\/\/galeriebecot.com\/wp-content\/uploads\/2023\/01\/Soleil11-768x363.jpg 768w, https:\/\/galeriebecot.com\/wp-content\/uploads\/2023\/01\/Soleil11.jpg 1296w\" sizes=\"auto, (max-width: 1024px) 100vw, 1024px\" \/><\/a><\/figure>\n\n\n\n<figure class=\"wp-block-image size-large\"><a href=\"https:\/\/www.galeriebecot.com\/wp-content\/uploads\/2023\/01\/Soleil12.jpg\"><img loading=\"lazy\" decoding=\"async\" width=\"809\" height=\"1024\" src=\"https:\/\/www.galeriebecot.com\/wp-content\/uploads\/2023\/01\/Soleil12-809x1024.jpg\" alt=\"\" class=\"wp-image-16910\" srcset=\"https:\/\/galeriebecot.com\/wp-content\/uploads\/2023\/01\/Soleil12-809x1024.jpg 809w, https:\/\/galeriebecot.com\/wp-content\/uploads\/2023\/01\/Soleil12-237x300.jpg 237w, https:\/\/galeriebecot.com\/wp-content\/uploads\/2023\/01\/Soleil12-768x972.jpg 768w, https:\/\/galeriebecot.com\/wp-content\/uploads\/2023\/01\/Soleil12-1214x1536.jpg 1214w, https:\/\/galeriebecot.com\/wp-content\/uploads\/2023\/01\/Soleil12.jpg 1296w\" sizes=\"auto, (max-width: 809px) 100vw, 809px\" \/><\/a><\/figure>\n\n\n\n<figure class=\"wp-block-image size-large\"><a href=\"https:\/\/www.galeriebecot.com\/wp-content\/uploads\/2023\/01\/Soleil13.jpg\"><img loading=\"lazy\" decoding=\"async\" width=\"778\" height=\"1024\" src=\"https:\/\/www.galeriebecot.com\/wp-content\/uploads\/2023\/01\/Soleil13-778x1024.jpg\" alt=\"\" class=\"wp-image-16911\" srcset=\"https:\/\/galeriebecot.com\/wp-content\/uploads\/2023\/01\/Soleil13-778x1024.jpg 778w, https:\/\/galeriebecot.com\/wp-content\/uploads\/2023\/01\/Soleil13-228x300.jpg 228w, https:\/\/galeriebecot.com\/wp-content\/uploads\/2023\/01\/Soleil13-768x1010.jpg 768w, https:\/\/galeriebecot.com\/wp-content\/uploads\/2023\/01\/Soleil13-1168x1536.jpg 1168w, https:\/\/galeriebecot.com\/wp-content\/uploads\/2023\/01\/Soleil13.jpg 1296w\" sizes=\"auto, (max-width: 778px) 100vw, 778px\" \/><\/a><\/figure>\n\n\n\n<figure class=\"wp-block-image size-large is-resized\"><a href=\"https:\/\/www.galeriebecot.com\/wp-content\/uploads\/2023\/01\/Soleil14.jpg\"><img loading=\"lazy\" decoding=\"async\" src=\"https:\/\/www.galeriebecot.com\/wp-content\/uploads\/2023\/01\/Soleil14-992x1024.jpg\" alt=\"\" class=\"wp-image-16912\" width=\"783\" height=\"808\" srcset=\"https:\/\/galeriebecot.com\/wp-content\/uploads\/2023\/01\/Soleil14-992x1024.jpg 992w, https:\/\/galeriebecot.com\/wp-content\/uploads\/2023\/01\/Soleil14-291x300.jpg 291w, https:\/\/galeriebecot.com\/wp-content\/uploads\/2023\/01\/Soleil14-768x793.jpg 768w, https:\/\/galeriebecot.com\/wp-content\/uploads\/2023\/01\/Soleil14.jpg 1296w\" sizes=\"auto, (max-width: 783px) 100vw, 783px\" \/><\/a><\/figure>\n\n\n\n<figure class=\"wp-block-image size-large\"><a href=\"https:\/\/www.galeriebecot.com\/wp-content\/uploads\/2023\/01\/Soleil15.jpg\"><img loading=\"lazy\" decoding=\"async\" width=\"962\" height=\"1024\" src=\"https:\/\/www.galeriebecot.com\/wp-content\/uploads\/2023\/01\/Soleil15-962x1024.jpg\" alt=\"\" class=\"wp-image-16913\" srcset=\"https:\/\/galeriebecot.com\/wp-content\/uploads\/2023\/01\/Soleil15-962x1024.jpg 962w, https:\/\/galeriebecot.com\/wp-content\/uploads\/2023\/01\/Soleil15-282x300.jpg 282w, https:\/\/galeriebecot.com\/wp-content\/uploads\/2023\/01\/Soleil15-768x817.jpg 768w, https:\/\/galeriebecot.com\/wp-content\/uploads\/2023\/01\/Soleil15.jpg 1296w\" sizes=\"auto, (max-width: 962px) 100vw, 962px\" \/><\/a><\/figure>\n\n\n\n<figure class=\"wp-block-image size-large\"><a href=\"https:\/\/www.galeriebecot.com\/wp-content\/uploads\/2022\/10\/Vernissage-Mezza1.jpg\"><img loading=\"lazy\" decoding=\"async\" width=\"1024\" height=\"631\" src=\"https:\/\/www.galeriebecot.com\/wp-content\/uploads\/2022\/10\/Vernissage-Mezza1-1024x631.jpg\" alt=\"\" class=\"wp-image-16658\" srcset=\"https:\/\/galeriebecot.com\/wp-content\/uploads\/2022\/10\/Vernissage-Mezza1-1024x631.jpg 1024w, https:\/\/galeriebecot.com\/wp-content\/uploads\/2022\/10\/Vernissage-Mezza1-300x185.jpg 300w, https:\/\/galeriebecot.com\/wp-content\/uploads\/2022\/10\/Vernissage-Mezza1-768x473.jpg 768w, https:\/\/galeriebecot.com\/wp-content\/uploads\/2022\/10\/Vernissage-Mezza1-1536x946.jpg 1536w, https:\/\/galeriebecot.com\/wp-content\/uploads\/2022\/10\/Vernissage-Mezza1.jpg 1728w\" sizes=\"auto, (max-width: 1024px) 100vw, 1024px\" \/><\/a><\/figure>\n\n\n\n<figure class=\"wp-block-image size-large\"><a href=\"https:\/\/www.atelierdelamezzanine.com\/\"><img loading=\"lazy\" decoding=\"async\" width=\"1024\" height=\"506\" src=\"https:\/\/www.galeriebecot.com\/wp-content\/uploads\/2022\/10\/Vernissage-mezza222-1024x506.jpg\" alt=\"\" class=\"wp-image-16661\" srcset=\"https:\/\/galeriebecot.com\/wp-content\/uploads\/2022\/10\/Vernissage-mezza222-1024x506.jpg 1024w, https:\/\/galeriebecot.com\/wp-content\/uploads\/2022\/10\/Vernissage-mezza222-300x148.jpg 300w, https:\/\/galeriebecot.com\/wp-content\/uploads\/2022\/10\/Vernissage-mezza222-768x379.jpg 768w, https:\/\/galeriebecot.com\/wp-content\/uploads\/2022\/10\/Vernissage-mezza222.jpg 1450w\" sizes=\"auto, (max-width: 1024px) 100vw, 1024px\" \/><\/a><figcaption>Magnifique vernissage du jeudi 20 octobre 2022<\/figcaption><\/figure>\n\n\n\n<p class=\"wp-block-paragraph\"><\/p>\n\n\n\n<p class=\"wp-block-paragraph\">Vous y verrez les oeuvres de: \u00c9ric <strong>Abel<\/strong>, Philippe <strong>Allaire<\/strong>, Denis <strong>Belleau<\/strong>, Danny <strong>Brochu<\/strong>, James A. <strong>Cameron<\/strong>, H\u00e9l\u00e8ne <strong>Cloutier<\/strong>, Yacynthe <strong>Couture<\/strong>, Isabelle <strong>Cyr<\/strong>, Caroline<strong> Dion<\/strong>, Jean-Claude<strong> Duval<\/strong>, Raymond <strong>Gari\u00e9py<\/strong>, Sylvie <strong>Lavoie<\/strong>, Dominique <strong>Mainguy<\/strong>, Dominik <strong>Maltais<\/strong>, Pier-<strong>Frank<\/strong>, Marie-Dominique <strong>Rouleau<\/strong>, Martin <strong>Roy<\/strong>, Denyse <strong>Toussaint<\/strong>.<\/p>\n\n\n\n<p class=\"wp-block-paragraph\">Vernissage le jeudi 20 octobre 2022 de 17h \u00e0 19h.  Bienvenue \u00e0 tous !<\/p>\n\n\n\n<p class=\"wp-block-paragraph\">Du  20 au 30 octobre 2022<\/p>\n\n\n\n<p class=\"wp-block-paragraph\"><strong>Studio Galerie B\u00e9cot<\/strong><\/p>\n\n\n\n<p class=\"wp-block-paragraph\">344 rue Sainte-H\u00e9l\u00e8ne \u00e0 Qu\u00e9bec.<\/p>\n\n\n\n<p class=\"wp-block-paragraph\"><strong>Ouverture :<\/strong><\/p>\n\n\n\n<p class=\"wp-block-paragraph\">Mardi et Mercredi de 14 h \u00e0 16h<\/p>\n\n\n\n<p class=\"wp-block-paragraph\">Jeudi, vendredi, samedi et dimanche de 13 h \u00e0 16 h<\/p>\n\n\n\n<figure class=\"wp-block-image size-large\"><a href=\"https:\/\/www.atelierdelamezzanine.com\"><img loading=\"lazy\" decoding=\"async\" width=\"909\" height=\"1024\" src=\"https:\/\/www.galeriebecot.com\/wp-content\/uploads\/2022\/10\/Mezzanine-web1-909x1024.jpg\" alt=\"\" class=\"wp-image-16417\" srcset=\"https:\/\/galeriebecot.com\/wp-content\/uploads\/2022\/10\/Mezzanine-web1-909x1024.jpg 909w, https:\/\/galeriebecot.com\/wp-content\/uploads\/2022\/10\/Mezzanine-web1-266x300.jpg 266w, https:\/\/galeriebecot.com\/wp-content\/uploads\/2022\/10\/Mezzanine-web1-768x865.jpg 768w, https:\/\/galeriebecot.com\/wp-content\/uploads\/2022\/10\/Mezzanine-web1.jpg 1257w\" sizes=\"auto, (max-width: 909px) 100vw, 909px\" \/><\/a><\/figure>\n\n\n\n<figure class=\"wp-block-image size-large\"><a href=\"https:\/\/www.museumgugging.at\/en\/gugging-art\/gugging-artists?set_language=en\"><img loading=\"lazy\" decoding=\"async\" width=\"1024\" height=\"320\" src=\"https:\/\/www.galeriebecot.com\/wp-content\/uploads\/2022\/10\/Gugging-1024x320.jpg\" alt=\"\" class=\"wp-image-16421\" srcset=\"https:\/\/galeriebecot.com\/wp-content\/uploads\/2022\/10\/Gugging-1024x320.jpg 1024w, https:\/\/galeriebecot.com\/wp-content\/uploads\/2022\/10\/Gugging-300x94.jpg 300w, https:\/\/galeriebecot.com\/wp-content\/uploads\/2022\/10\/Gugging-768x240.jpg 768w, https:\/\/galeriebecot.com\/wp-content\/uploads\/2022\/10\/Gugging.jpg 1298w\" sizes=\"auto, (max-width: 1024px) 100vw, 1024px\" \/><\/a><\/figure>\n","protected":false},"excerpt":{"rendered":"<p>Francine Saillant : Vun\u00e9rables, Exposition, Grande Chapelle Saint-Louis , Paris . du 24 juin 2025 au 21 septembre 2025. Vernissage mardi le 24 juin 2025, Bienvenue \u00e0 tous ! Lors&hellip; <\/p>\n","protected":false},"author":1,"featured_media":0,"comment_status":"open","ping_status":"open","sticky":false,"template":"","format":"standard","meta":{"_exactmetrics_skip_tracking":false,"_exactmetrics_sitenote_active":false,"_exactmetrics_sitenote_note":"","_exactmetrics_sitenote_category":0,"footnotes":""},"categories":[27,18,19],"tags":[1867,171,4316,1391,1514,3999,4304,4308,2195,4377,382,667,4383,3292,4300,67,4305,368,4225,2047,4077,2201,4380,2782,4311,4326,4301,1510,35,2873,3366,38,1207,4385,4365,4309,1363,2191,4074,4224,2197,3593,4379,4327,1724,4302,4310,4384,4411,4312,58,4369,2213,4367,1990,4368,2427,2648,4376,4313,4375,4372,4373,4226,4314,4307,4319,1881,482,3393,4378,4223,2205,4322,4076,4306,4371,4382,4323,37,4374,2199,4093,4366,4381,741,40,4222,2192,4370],"class_list":["post-16416","post","type-post","status-publish","format-standard","hentry","category-artistes","category-evenement","category-vernissage","tag-abdelilah-chiguer","tag-andre-becot-artiste","tag-ariel-rondeau","tag-audree-demers-roberge","tag-avatar","tag-beatrice-boily","tag-carol-ann-belzil-normand-2","tag-carole-siciak","tag-caroline-dion","tag-caroline-ouellette","tag-charles-etienne-brochu","tag-charles-frederick-ouellet","tag-cheryl-wilson-smith","tag-christian-messier","tag-claude-belanger-architecte","tag-club-des-collectionneurs-en-arts-visuels-de-quebec-marc-bellemare","tag-collectif-ambitieuxc","tag-dan-brault","tag-danny-brochu","tag-denis-belleau","tag-dominik-maltais","tag-dominique-mainguy","tag-donald-robertson","tag-elise-provencher","tag-emile-beauchemin","tag-erin-sexton","tag-espace-400e","tag-felix-tremblay","tag-foire-en-arts-actuel","tag-galerie-a","tag-galerie-amf","tag-galerie-becot","tag-galerie3","tag-genevieve-dugal","tag-genevieve-duval","tag-guillaume-cote","tag-helena-martin-franco","tag-helene-cloutier","tag-isabelle-cyr","tag-james-a-cameron","tag-jean-claude-duval","tag-josiane-desloges","tag-julia-reimer","tag-julie-faubert","tag-julien-boily","tag-julien-st-georges-tremblay","tag-kid-koala","tag-la-guilde","tag-le-caravage","tag-le-duo-viatour-berthiaume","tag-marc-bellemare-collectionneur","tag-marie-pierre-daigle","tag-marie-dominique-rouleau","tag-marie-helene-beaulieu","tag-martin-roy","tag-maryse-chartrand","tag-mathieu-gotti","tag-meduse","tag-mel-munsen","tag-michel-saulnier","tag-michele-lapointe","tag-montserrat-duran","tag-muntadas","tag-museum-gugging","tag-mylewne-raiche","tag-myriam-lambert","tag-nathalie-thibeault","tag-nicole-lacroix-thibault","tag-norbert-langlois","tag-olivier-moisan-dufour","tag-patrick-primeau","tag-philippe-allaire","tag-pier-frank","tag-rachelle-bussieres","tag-raymond-gariepy","tag-sarah-lherault","tag-sebastien-duchange","tag-shay-salehi","tag-steffie-belanger","tag-studio-becot","tag-susan-edgerley","tag-sylvie-lavoie","tag-tanya-morand","tag-taygan-appleton","tag-tyler-rock","tag-villa-bagatelle","tag-visuals-arts","tag-vous-y-verrez-les-oeuvres-de-eric-abel","tag-yacynthe-couture","tag-zou-desbiens"],"_links":{"self":[{"href":"https:\/\/galeriebecot.com\/index.php?rest_route=\/wp\/v2\/posts\/16416","targetHints":{"allow":["GET"]}}],"collection":[{"href":"https:\/\/galeriebecot.com\/index.php?rest_route=\/wp\/v2\/posts"}],"about":[{"href":"https:\/\/galeriebecot.com\/index.php?rest_route=\/wp\/v2\/types\/post"}],"author":[{"embeddable":true,"href":"https:\/\/galeriebecot.com\/index.php?rest_route=\/wp\/v2\/users\/1"}],"replies":[{"embeddable":true,"href":"https:\/\/galeriebecot.com\/index.php?rest_route=%2Fwp%2Fv2%2Fcomments&post=16416"}],"version-history":[{"count":108,"href":"https:\/\/galeriebecot.com\/index.php?rest_route=\/wp\/v2\/posts\/16416\/revisions"}],"predecessor-version":[{"id":20523,"href":"https:\/\/galeriebecot.com\/index.php?rest_route=\/wp\/v2\/posts\/16416\/revisions\/20523"}],"wp:attachment":[{"href":"https:\/\/galeriebecot.com\/index.php?rest_route=%2Fwp%2Fv2%2Fmedia&parent=16416"}],"wp:term":[{"taxonomy":"category","embeddable":true,"href":"https:\/\/galeriebecot.com\/index.php?rest_route=%2Fwp%2Fv2%2Fcategories&post=16416"},{"taxonomy":"post_tag","embeddable":true,"href":"https:\/\/galeriebecot.com\/index.php?rest_route=%2Fwp%2Fv2%2Ftags&post=16416"}],"curies":[{"name":"wp","href":"https:\/\/api.w.org\/{rel}","templated":true}]}}