{"id":16092,"date":"2022-11-02T22:27:00","date_gmt":"2022-11-03T02:27:00","guid":{"rendered":"https:\/\/www.clubdescollectionneursenartsvisuelsdequebec.com\/?p=16092"},"modified":"2022-11-20T09:44:25","modified_gmt":"2022-11-20T14:44:25","slug":"un-journee-consacree-a-lecrivain-marcel-proust","status":"publish","type":"post","link":"https:\/\/galeriebecot.com\/?p=16092","title":{"rendered":"Deux journ\u00e9es consacr\u00e9es \u00e0 l&rsquo;\u00e9crivain Marcel Proust"},"content":{"rendered":"\n<p class=\"wp-block-paragraph\">Marc Bellemare a d\u00e9couvert l&rsquo;oeuvre de l&rsquo;\u00e9crivain fran\u00e7ais en 2010, lorsqu&rsquo;il a re\u00e7u le roman _  <strong><em>\u00c0  la recherche du temps perdu<\/em><\/strong> _ en cadeau. Les festivit\u00e9s, pr\u00e9vues pour le 12 et 13 novembre 2022 &#8211; Proust est mort le 18 novembre 1922-.<\/p>\n\n\n\n<figure class=\"wp-block-image size-large\"><a href=\"https:\/\/www.galeriebecot.com\/wp-content\/uploads\/2022\/11\/Devoir-Proust-1.jpg\"><img loading=\"lazy\" decoding=\"async\" width=\"903\" height=\"1024\" src=\"https:\/\/www.galeriebecot.com\/wp-content\/uploads\/2022\/11\/Devoir-Proust-1-903x1024.jpg\" alt=\"\" class=\"wp-image-16847\" srcset=\"https:\/\/galeriebecot.com\/wp-content\/uploads\/2022\/11\/Devoir-Proust-1-903x1024.jpg 903w, https:\/\/galeriebecot.com\/wp-content\/uploads\/2022\/11\/Devoir-Proust-1-265x300.jpg 265w, https:\/\/galeriebecot.com\/wp-content\/uploads\/2022\/11\/Devoir-Proust-1-768x871.jpg 768w, https:\/\/galeriebecot.com\/wp-content\/uploads\/2022\/11\/Devoir-Proust-1.jpg 1224w\" sizes=\"auto, (max-width: 903px) 100vw, 903px\" \/><\/a><\/figure>\n\n\n\n<figure class=\"wp-block-image size-large\"><a href=\"https:\/\/www.galeriebecot.com\/wp-content\/uploads\/2022\/11\/Devoir-Proust2.jpg\"><img loading=\"lazy\" decoding=\"async\" width=\"971\" height=\"1024\" src=\"https:\/\/www.galeriebecot.com\/wp-content\/uploads\/2022\/11\/Devoir-Proust2-971x1024.jpg\" alt=\"\" class=\"wp-image-16848\" srcset=\"https:\/\/galeriebecot.com\/wp-content\/uploads\/2022\/11\/Devoir-Proust2-971x1024.jpg 971w, https:\/\/galeriebecot.com\/wp-content\/uploads\/2022\/11\/Devoir-Proust2-284x300.jpg 284w, https:\/\/galeriebecot.com\/wp-content\/uploads\/2022\/11\/Devoir-Proust2-768x810.jpg 768w, https:\/\/galeriebecot.com\/wp-content\/uploads\/2022\/11\/Devoir-Proust2.jpg 1224w\" sizes=\"auto, (max-width: 971px) 100vw, 971px\" \/><\/a><\/figure>\n\n\n\n<figure class=\"wp-block-image size-large\"><a href=\"https:\/\/www.galeriebecot.com\/wp-content\/uploads\/2022\/11\/Devoir-Proust-3.jpg\"><img loading=\"lazy\" decoding=\"async\" width=\"769\" height=\"1024\" src=\"https:\/\/www.galeriebecot.com\/wp-content\/uploads\/2022\/11\/Devoir-Proust-3-769x1024.jpg\" alt=\"\" class=\"wp-image-16850\" srcset=\"https:\/\/galeriebecot.com\/wp-content\/uploads\/2022\/11\/Devoir-Proust-3-769x1024.jpg 769w, https:\/\/galeriebecot.com\/wp-content\/uploads\/2022\/11\/Devoir-Proust-3-225x300.jpg 225w, https:\/\/galeriebecot.com\/wp-content\/uploads\/2022\/11\/Devoir-Proust-3-768x1023.jpg 768w, https:\/\/galeriebecot.com\/wp-content\/uploads\/2022\/11\/Devoir-Proust-3-1153x1536.jpg 1153w, https:\/\/galeriebecot.com\/wp-content\/uploads\/2022\/11\/Devoir-Proust-3.jpg 1224w\" sizes=\"auto, (max-width: 769px) 100vw, 769px\" \/><\/a><\/figure>\n\n\n\n<figure class=\"wp-block-image size-large is-resized\"><a href=\"https:\/\/www.galeriebecot.com\/wp-content\/uploads\/2022\/11\/Devoir-Proust4.jpg\"><img loading=\"lazy\" decoding=\"async\" src=\"https:\/\/www.galeriebecot.com\/wp-content\/uploads\/2022\/11\/Devoir-Proust4-696x1024.jpg\" alt=\"\" class=\"wp-image-16851\" width=\"775\" height=\"1140\" srcset=\"https:\/\/galeriebecot.com\/wp-content\/uploads\/2022\/11\/Devoir-Proust4-696x1024.jpg 696w, https:\/\/galeriebecot.com\/wp-content\/uploads\/2022\/11\/Devoir-Proust4-204x300.jpg 204w, https:\/\/galeriebecot.com\/wp-content\/uploads\/2022\/11\/Devoir-Proust4-768x1130.jpg 768w, https:\/\/galeriebecot.com\/wp-content\/uploads\/2022\/11\/Devoir-Proust4-1044x1536.jpg 1044w, https:\/\/galeriebecot.com\/wp-content\/uploads\/2022\/11\/Devoir-Proust4.jpg 1224w\" sizes=\"auto, (max-width: 775px) 100vw, 775px\" \/><\/a><\/figure>\n\n\n\n<figure class=\"wp-block-image size-large is-resized\"><a href=\"https:\/\/www.galeriebecot.com\/wp-content\/uploads\/2022\/11\/Devoir-Proust5-1.jpg\"><img loading=\"lazy\" decoding=\"async\" src=\"https:\/\/www.galeriebecot.com\/wp-content\/uploads\/2022\/11\/Devoir-Proust5-1-1024x446.jpg\" alt=\"\" class=\"wp-image-16853\" width=\"801\" height=\"348\" srcset=\"https:\/\/galeriebecot.com\/wp-content\/uploads\/2022\/11\/Devoir-Proust5-1-1024x446.jpg 1024w, https:\/\/galeriebecot.com\/wp-content\/uploads\/2022\/11\/Devoir-Proust5-1-300x131.jpg 300w, https:\/\/galeriebecot.com\/wp-content\/uploads\/2022\/11\/Devoir-Proust5-1-768x334.jpg 768w, https:\/\/galeriebecot.com\/wp-content\/uploads\/2022\/11\/Devoir-Proust5-1.jpg 1224w\" sizes=\"auto, (max-width: 801px) 100vw, 801px\" \/><\/a><\/figure>\n\n\n\n<figure class=\"wp-block-embed is-type-video is-provider-youtube wp-block-embed-youtube wp-embed-aspect-16-9 wp-has-aspect-ratio\"><div class=\"wp-block-embed__wrapper\">\n<iframe loading=\"lazy\" title=\"Marcel Proust, le train et l\u2019imaginaire\" width=\"700\" height=\"394\" src=\"https:\/\/www.youtube.com\/embed\/Sz0czUUG0Ws?feature=oembed\" frameborder=\"0\" allow=\"accelerometer; autoplay; clipboard-write; encrypted-media; gyroscope; picture-in-picture\" allowfullscreen><\/iframe>\n<\/div><\/figure>\n\n\n\n<figure class=\"wp-block-image size-large\"><a href=\"https:\/\/www.galeriebecot.com\/wp-content\/uploads\/2022\/11\/Bouchard-Proust1.jpg\"><img loading=\"lazy\" decoding=\"async\" width=\"1024\" height=\"968\" src=\"https:\/\/www.galeriebecot.com\/wp-content\/uploads\/2022\/11\/Bouchard-Proust1-1024x968.jpg\" alt=\"\" class=\"wp-image-16790\" srcset=\"https:\/\/galeriebecot.com\/wp-content\/uploads\/2022\/11\/Bouchard-Proust1-1024x968.jpg 1024w, https:\/\/galeriebecot.com\/wp-content\/uploads\/2022\/11\/Bouchard-Proust1-300x284.jpg 300w, https:\/\/galeriebecot.com\/wp-content\/uploads\/2022\/11\/Bouchard-Proust1-768x726.jpg 768w, https:\/\/galeriebecot.com\/wp-content\/uploads\/2022\/11\/Bouchard-Proust1.jpg 1224w\" sizes=\"auto, (max-width: 1024px) 100vw, 1024px\" \/><\/a><\/figure>\n\n\n\n<figure class=\"wp-block-image size-large\"><a href=\"https:\/\/www.galeriebecot.com\/wp-content\/uploads\/2022\/11\/Bouchard-Proust2.jpg\"><img loading=\"lazy\" decoding=\"async\" width=\"638\" height=\"1024\" src=\"https:\/\/www.galeriebecot.com\/wp-content\/uploads\/2022\/11\/Bouchard-Proust2-638x1024.jpg\" alt=\"\" class=\"wp-image-16792\" srcset=\"https:\/\/galeriebecot.com\/wp-content\/uploads\/2022\/11\/Bouchard-Proust2-638x1024.jpg 638w, https:\/\/galeriebecot.com\/wp-content\/uploads\/2022\/11\/Bouchard-Proust2-187x300.jpg 187w, https:\/\/galeriebecot.com\/wp-content\/uploads\/2022\/11\/Bouchard-Proust2-768x1232.jpg 768w, https:\/\/galeriebecot.com\/wp-content\/uploads\/2022\/11\/Bouchard-Proust2-957x1536.jpg 957w, https:\/\/galeriebecot.com\/wp-content\/uploads\/2022\/11\/Bouchard-Proust2.jpg 1224w\" sizes=\"auto, (max-width: 638px) 100vw, 638px\" \/><\/a><\/figure>\n\n\n\n<figure class=\"wp-block-image size-large\"><a href=\"https:\/\/www.galeriebecot.com\/wp-content\/uploads\/2022\/11\/Bouchard-Proust3.jpg\"><img loading=\"lazy\" decoding=\"async\" width=\"650\" height=\"1024\" src=\"https:\/\/www.galeriebecot.com\/wp-content\/uploads\/2022\/11\/Bouchard-Proust3-650x1024.jpg\" alt=\"\" class=\"wp-image-16793\" srcset=\"https:\/\/galeriebecot.com\/wp-content\/uploads\/2022\/11\/Bouchard-Proust3-650x1024.jpg 650w, https:\/\/galeriebecot.com\/wp-content\/uploads\/2022\/11\/Bouchard-Proust3-191x300.jpg 191w, https:\/\/galeriebecot.com\/wp-content\/uploads\/2022\/11\/Bouchard-Proust3-768x1209.jpg 768w, https:\/\/galeriebecot.com\/wp-content\/uploads\/2022\/11\/Bouchard-Proust3-976x1536.jpg 976w, https:\/\/galeriebecot.com\/wp-content\/uploads\/2022\/11\/Bouchard-Proust3.jpg 1224w\" sizes=\"auto, (max-width: 650px) 100vw, 650px\" \/><\/a><\/figure>\n\n\n\n<figure class=\"wp-block-image size-full is-resized\"><a href=\"https:\/\/www.galeriebecot.com\/wp-content\/uploads\/2022\/11\/Becot-becot111.jpg\"><img loading=\"lazy\" decoding=\"async\" src=\"https:\/\/www.galeriebecot.com\/wp-content\/uploads\/2022\/11\/Becot-becot111.jpg\" alt=\"\" class=\"wp-image-16821\" width=\"632\" height=\"391\" srcset=\"https:\/\/galeriebecot.com\/wp-content\/uploads\/2022\/11\/Becot-becot111.jpg 1004w, https:\/\/galeriebecot.com\/wp-content\/uploads\/2022\/11\/Becot-becot111-300x186.jpg 300w, https:\/\/galeriebecot.com\/wp-content\/uploads\/2022\/11\/Becot-becot111-768x476.jpg 768w\" sizes=\"auto, (max-width: 632px) 100vw, 632px\" \/><\/a><figcaption><em>Cr\u00e9dit Photo: Serge Philippe Tremblay<\/em><\/figcaption><\/figure>\n\n\n\n<p class=\"wp-block-paragraph\">Beau souvenir d&rsquo;une fin de semaine proustienne et la chance de d\u00e9couvrir la dimension litt\u00e9raire de M. Lucien Bouchard et sa vision de l&rsquo;\u0153uvre de Proust.<\/p>\n\n\n\n<figure class=\"wp-block-image size-large\"><a href=\"https:\/\/www.galeriebecot.com\/wp-content\/uploads\/2022\/11\/Bouychard-Proust-4.jpg\"><img loading=\"lazy\" decoding=\"async\" width=\"683\" height=\"1024\" src=\"https:\/\/www.galeriebecot.com\/wp-content\/uploads\/2022\/11\/Bouychard-Proust-4-683x1024.jpg\" alt=\"\" class=\"wp-image-16794\" srcset=\"https:\/\/galeriebecot.com\/wp-content\/uploads\/2022\/11\/Bouychard-Proust-4-683x1024.jpg 683w, https:\/\/galeriebecot.com\/wp-content\/uploads\/2022\/11\/Bouychard-Proust-4-200x300.jpg 200w, https:\/\/galeriebecot.com\/wp-content\/uploads\/2022\/11\/Bouychard-Proust-4-768x1151.jpg 768w, https:\/\/galeriebecot.com\/wp-content\/uploads\/2022\/11\/Bouychard-Proust-4-1025x1536.jpg 1025w, https:\/\/galeriebecot.com\/wp-content\/uploads\/2022\/11\/Bouychard-Proust-4.jpg 1224w\" sizes=\"auto, (max-width: 683px) 100vw, 683px\" \/><\/a><\/figure>\n\n\n\n<figure class=\"wp-block-image size-large\"><a href=\"https:\/\/www.galeriebecot.com\/wp-content\/uploads\/2022\/11\/Bouchard-Proust-5.jpg\"><img loading=\"lazy\" decoding=\"async\" width=\"635\" height=\"1024\" src=\"https:\/\/www.galeriebecot.com\/wp-content\/uploads\/2022\/11\/Bouchard-Proust-5-635x1024.jpg\" alt=\"\" class=\"wp-image-16795\" srcset=\"https:\/\/galeriebecot.com\/wp-content\/uploads\/2022\/11\/Bouchard-Proust-5-635x1024.jpg 635w, https:\/\/galeriebecot.com\/wp-content\/uploads\/2022\/11\/Bouchard-Proust-5-186x300.jpg 186w, https:\/\/galeriebecot.com\/wp-content\/uploads\/2022\/11\/Bouchard-Proust-5-768x1239.jpg 768w, https:\/\/galeriebecot.com\/wp-content\/uploads\/2022\/11\/Bouchard-Proust-5-952x1536.jpg 952w, https:\/\/galeriebecot.com\/wp-content\/uploads\/2022\/11\/Bouchard-Proust-5.jpg 1224w\" sizes=\"auto, (max-width: 635px) 100vw, 635px\" \/><\/a><\/figure>\n\n\n\n<figure class=\"wp-block-image size-large\"><a href=\"https:\/\/www.galeriebecot.com\/wp-content\/uploads\/2022\/11\/Bouchard-Proust6.jpg\"><img loading=\"lazy\" decoding=\"async\" width=\"1024\" height=\"785\" src=\"https:\/\/www.galeriebecot.com\/wp-content\/uploads\/2022\/11\/Bouchard-Proust6-1024x785.jpg\" alt=\"\" class=\"wp-image-16796\" srcset=\"https:\/\/galeriebecot.com\/wp-content\/uploads\/2022\/11\/Bouchard-Proust6-1024x785.jpg 1024w, https:\/\/galeriebecot.com\/wp-content\/uploads\/2022\/11\/Bouchard-Proust6-300x230.jpg 300w, https:\/\/galeriebecot.com\/wp-content\/uploads\/2022\/11\/Bouchard-Proust6-768x589.jpg 768w, https:\/\/galeriebecot.com\/wp-content\/uploads\/2022\/11\/Bouchard-Proust6.jpg 1224w\" sizes=\"auto, (max-width: 1024px) 100vw, 1024px\" \/><\/a><\/figure>\n\n\n\n<figure class=\"wp-block-image size-large\"><a href=\"https:\/\/www.galeriebecot.com\/wp-content\/uploads\/2022\/10\/Proust-invitation11.jpg\"><img loading=\"lazy\" decoding=\"async\" width=\"837\" height=\"1024\" src=\"https:\/\/www.galeriebecot.com\/wp-content\/uploads\/2022\/10\/Proust-invitation11-837x1024.jpg\" alt=\"\" class=\"wp-image-16690\" srcset=\"https:\/\/galeriebecot.com\/wp-content\/uploads\/2022\/10\/Proust-invitation11-837x1024.jpg 837w, https:\/\/galeriebecot.com\/wp-content\/uploads\/2022\/10\/Proust-invitation11-245x300.jpg 245w, https:\/\/galeriebecot.com\/wp-content\/uploads\/2022\/10\/Proust-invitation11-768x939.jpg 768w, https:\/\/galeriebecot.com\/wp-content\/uploads\/2022\/10\/Proust-invitation11.jpg 1224w\" sizes=\"auto, (max-width: 837px) 100vw, 837px\" \/><\/a><\/figure>\n\n\n\n<figure class=\"wp-block-image size-large\"><a href=\"https:\/\/www.violonsduroy.com\/fr\/programmation\/hors-serie\/2022-11-13-13h-proust-retrouve-2631\/\"><img loading=\"lazy\" decoding=\"async\" width=\"856\" height=\"1024\" src=\"https:\/\/www.galeriebecot.com\/wp-content\/uploads\/2022\/10\/Proust-invitation2-856x1024.jpg\" alt=\"\" class=\"wp-image-16687\" srcset=\"https:\/\/galeriebecot.com\/wp-content\/uploads\/2022\/10\/Proust-invitation2-856x1024.jpg 856w, https:\/\/galeriebecot.com\/wp-content\/uploads\/2022\/10\/Proust-invitation2-251x300.jpg 251w, https:\/\/galeriebecot.com\/wp-content\/uploads\/2022\/10\/Proust-invitation2-768x919.jpg 768w, https:\/\/galeriebecot.com\/wp-content\/uploads\/2022\/10\/Proust-invitation2.jpg 1224w\" sizes=\"auto, (max-width: 856px) 100vw, 856px\" \/><\/a><\/figure>\n\n\n\n<figure class=\"wp-block-image size-large\"><a href=\"https:\/\/www.galeriebecot.com\/wp-content\/uploads\/2022\/10\/Proust-invitation33.jpg\"><img loading=\"lazy\" decoding=\"async\" width=\"1024\" height=\"924\" src=\"https:\/\/www.galeriebecot.com\/wp-content\/uploads\/2022\/10\/Proust-invitation33-1024x924.jpg\" alt=\"\" class=\"wp-image-16689\" srcset=\"https:\/\/galeriebecot.com\/wp-content\/uploads\/2022\/10\/Proust-invitation33-1024x924.jpg 1024w, https:\/\/galeriebecot.com\/wp-content\/uploads\/2022\/10\/Proust-invitation33-300x271.jpg 300w, https:\/\/galeriebecot.com\/wp-content\/uploads\/2022\/10\/Proust-invitation33-768x693.jpg 768w, https:\/\/galeriebecot.com\/wp-content\/uploads\/2022\/10\/Proust-invitation33.jpg 1224w\" sizes=\"auto, (max-width: 1024px) 100vw, 1024px\" \/><\/a><\/figure>\n\n\n\n<figure class=\"wp-block-image size-full is-resized\"><a href=\"https:\/\/www.palaismontcalm.ca\/concert-spectacle-quebec\/proust-retrouve-avec-les-violons-du-roy-13-novembre-2022-2\/\"><img loading=\"lazy\" decoding=\"async\" src=\"https:\/\/www.galeriebecot.com\/wp-content\/uploads\/2022\/10\/Musee-Montcalm.jpg\" alt=\"\" class=\"wp-image-16675\" width=\"291\" height=\"108\" srcset=\"https:\/\/galeriebecot.com\/wp-content\/uploads\/2022\/10\/Musee-Montcalm.jpg 552w, https:\/\/galeriebecot.com\/wp-content\/uploads\/2022\/10\/Musee-Montcalm-300x111.jpg 300w\" sizes=\"auto, (max-width: 291px) 100vw, 291px\" \/><\/a><figcaption>Le Dimanche 13 Novembre 2022 \u00e0 9h et \u00e0 14 h<\/figcaption><\/figure>\n\n\n\n<p class=\"wp-block-paragraph\"> <a href=\"https:\/\/www.palaismontcalm.ca\/concert-spectacle-quebec\/proust-retrouve-avec-les-violons-du-roy-13-novembre-2022\/\">En matin\u00e9e, trois conf\u00e9rences seront accessibles, gratuitement,  \u00e0 la salle d&rsquo;Youville du palais Montcalm. Par la suite un concert des violons du Roy, sera pr\u00e9sent\u00e9 en apr\u00e8s-midi. Bienvenue \u00e0 tous !<\/a><\/p>\n\n\n\n<p class=\"wp-block-paragraph\">Le Dimanche 13 Novembr<strong>e 2022<\/strong> <a href=\"https:\/\/www.violonsduroy.com\/fr\/programmation\/hors-serie\/2022-11-13-13h-proust-retrouve-2631\/\">Les Violons du Roy. Concert unique !<\/a><\/p>\n\n\n\n<figure class=\"wp-block-image size-full is-resized\"><a href=\"https:\/\/www.violonsduroy.com\/fr\/programmation\/hors-serie\/2022-11-13-13h-proust-retrouve-2631\/\"><img loading=\"lazy\" decoding=\"async\" src=\"https:\/\/www.galeriebecot.com\/wp-content\/uploads\/2022\/10\/Violons.jpg\" alt=\"\" class=\"wp-image-16669\" width=\"290\" height=\"324\" srcset=\"https:\/\/galeriebecot.com\/wp-content\/uploads\/2022\/10\/Violons.jpg 576w, https:\/\/galeriebecot.com\/wp-content\/uploads\/2022\/10\/Violons-269x300.jpg 269w\" sizes=\"auto, (max-width: 290px) 100vw, 290px\" \/><\/a><\/figure>\n\n\n\n<figure class=\"wp-block-image size-full is-resized\"><a href=\"https:\/\/www.mnbaq.org\/activite\/proust-retrouve-1098\"><img loading=\"lazy\" decoding=\"async\" src=\"https:\/\/www.galeriebecot.com\/wp-content\/uploads\/2022\/10\/Musee-1.jpg\" alt=\"\" class=\"wp-image-16582\" width=\"291\" height=\"112\" srcset=\"https:\/\/galeriebecot.com\/wp-content\/uploads\/2022\/10\/Musee-1.jpg 589w, https:\/\/galeriebecot.com\/wp-content\/uploads\/2022\/10\/Musee-1-300x116.jpg 300w\" sizes=\"auto, (max-width: 291px) 100vw, 291px\" \/><\/a><figcaption>Le Samedi 12 Novembre<br><a href=\"https:\/\/www.mnbaq.org\/activite\/proust-retrouve-1098\">MUS\u00c9E NATIONAL DES BEAUX-ARTS DU QU\u00c9BEC &amp; MARCEL PROUST <\/a>&#8211; programmation. <\/figcaption><\/figure>\n\n\n\n<figure class=\"wp-block-image size-large\"><a href=\"https:\/\/www.galeriebecot.com\/wp-content\/uploads\/2022\/10\/Proust-Texte.jpg\"><img loading=\"lazy\" decoding=\"async\" width=\"1024\" height=\"487\" src=\"https:\/\/www.galeriebecot.com\/wp-content\/uploads\/2022\/10\/Proust-Texte-1024x487.jpg\" alt=\"\" class=\"wp-image-16682\" srcset=\"https:\/\/galeriebecot.com\/wp-content\/uploads\/2022\/10\/Proust-Texte-1024x487.jpg 1024w, https:\/\/galeriebecot.com\/wp-content\/uploads\/2022\/10\/Proust-Texte-300x143.jpg 300w, https:\/\/galeriebecot.com\/wp-content\/uploads\/2022\/10\/Proust-Texte-768x365.jpg 768w, https:\/\/galeriebecot.com\/wp-content\/uploads\/2022\/10\/Proust-Texte.jpg 1286w\" sizes=\"auto, (max-width: 1024px) 100vw, 1024px\" \/><\/a><\/figure>\n\n\n\n<figure class=\"wp-block-image size-large\"><a href=\"https:\/\/michelparent.com\/club\/index.php?fbclid=IwAR23iCD12_Lq9EJDegnB6VfM_FCIn2TezeOA0PmyF7KLjFk8IetdS7-gCqc\"><img loading=\"lazy\" decoding=\"async\" width=\"1024\" height=\"234\" src=\"https:\/\/www.galeriebecot.com\/wp-content\/uploads\/2022\/10\/Inscription-1024x234.jpg\" alt=\"\" class=\"wp-image-16665\" srcset=\"https:\/\/galeriebecot.com\/wp-content\/uploads\/2022\/10\/Inscription-1024x234.jpg 1024w, https:\/\/galeriebecot.com\/wp-content\/uploads\/2022\/10\/Inscription-300x68.jpg 300w, https:\/\/galeriebecot.com\/wp-content\/uploads\/2022\/10\/Inscription-768x175.jpg 768w, https:\/\/galeriebecot.com\/wp-content\/uploads\/2022\/10\/Inscription.jpg 1438w\" sizes=\"auto, (max-width: 1024px) 100vw, 1024px\" \/><\/a><\/figure>\n\n\n\n<figure class=\"wp-block-image size-large\"><a href=\"https:\/\/www.galeriebecot.com\/wp-content\/uploads\/2022\/10\/Prouat1.jpg\"><img loading=\"lazy\" decoding=\"async\" width=\"849\" height=\"1024\" src=\"https:\/\/www.galeriebecot.com\/wp-content\/uploads\/2022\/10\/Prouat1-849x1024.jpg\" alt=\"\" class=\"wp-image-16562\" srcset=\"https:\/\/galeriebecot.com\/wp-content\/uploads\/2022\/10\/Prouat1-849x1024.jpg 849w, https:\/\/galeriebecot.com\/wp-content\/uploads\/2022\/10\/Prouat1-249x300.jpg 249w, https:\/\/galeriebecot.com\/wp-content\/uploads\/2022\/10\/Prouat1-768x927.jpg 768w, https:\/\/galeriebecot.com\/wp-content\/uploads\/2022\/10\/Prouat1-1273x1536.jpg 1273w, https:\/\/galeriebecot.com\/wp-content\/uploads\/2022\/10\/Prouat1.jpg 1296w\" sizes=\"auto, (max-width: 849px) 100vw, 849px\" \/><\/a><\/figure>\n\n\n\n<figure class=\"wp-block-embed is-type-video is-provider-youtube wp-block-embed-youtube wp-embed-aspect-16-9 wp-has-aspect-ratio\"><div class=\"wp-block-embed__wrapper\">\n<iframe loading=\"lazy\" title=\"Dans la t\u00eate de Proust (pastiche, collage et fabulations) | BANDE-ANNONCE\" width=\"700\" height=\"394\" src=\"https:\/\/www.youtube.com\/embed\/hNyaBRO3Fes?feature=oembed\" frameborder=\"0\" allow=\"accelerometer; autoplay; clipboard-write; encrypted-media; gyroscope; picture-in-picture\" allowfullscreen><\/iframe>\n<\/div><\/figure>\n\n\n\n<figure class=\"wp-block-image size-large\"><a href=\"https:\/\/www.galeriebecot.com\/wp-content\/uploads\/2022\/10\/Proust2.jpg\"><img loading=\"lazy\" decoding=\"async\" width=\"1024\" height=\"412\" src=\"https:\/\/www.galeriebecot.com\/wp-content\/uploads\/2022\/10\/Proust2-1024x412.jpg\" alt=\"\" class=\"wp-image-16564\" srcset=\"https:\/\/galeriebecot.com\/wp-content\/uploads\/2022\/10\/Proust2-1024x412.jpg 1024w, https:\/\/galeriebecot.com\/wp-content\/uploads\/2022\/10\/Proust2-300x121.jpg 300w, https:\/\/galeriebecot.com\/wp-content\/uploads\/2022\/10\/Proust2-768x309.jpg 768w, https:\/\/galeriebecot.com\/wp-content\/uploads\/2022\/10\/Proust2.jpg 1296w\" sizes=\"auto, (max-width: 1024px) 100vw, 1024px\" \/><\/a><\/figure>\n\n\n\n<figure class=\"wp-block-image size-large is-resized\"><a href=\"https:\/\/www.palaismontcalm.ca\/concert-spectacle-quebec\/proust-retrouve-avec-les-violons-du-roy-13-novembre-2022\/\"><img loading=\"lazy\" decoding=\"async\" src=\"https:\/\/www.galeriebecot.com\/wp-content\/uploads\/2022\/10\/Proust3-960x1024.jpg\" alt=\"\" class=\"wp-image-16565\" width=\"840\" height=\"896\" srcset=\"https:\/\/galeriebecot.com\/wp-content\/uploads\/2022\/10\/Proust3-960x1024.jpg 960w, https:\/\/galeriebecot.com\/wp-content\/uploads\/2022\/10\/Proust3-281x300.jpg 281w, https:\/\/galeriebecot.com\/wp-content\/uploads\/2022\/10\/Proust3-768x819.jpg 768w, https:\/\/galeriebecot.com\/wp-content\/uploads\/2022\/10\/Proust3.jpg 1296w\" sizes=\"auto, (max-width: 840px) 100vw, 840px\" \/><\/a><figcaption><br><\/figcaption><\/figure>\n\n\n\n<figure class=\"wp-block-image size-large\"><a href=\"https:\/\/www.youtube.com\/watch?v=Ow2v6zRabQI\"><img loading=\"lazy\" decoding=\"async\" width=\"1024\" height=\"238\" src=\"https:\/\/www.galeriebecot.com\/wp-content\/uploads\/2022\/10\/Proust-Bande-1024x238.jpg\" alt=\"\" class=\"wp-image-16591\" srcset=\"https:\/\/galeriebecot.com\/wp-content\/uploads\/2022\/10\/Proust-Bande-1024x238.jpg 1024w, https:\/\/galeriebecot.com\/wp-content\/uploads\/2022\/10\/Proust-Bande-300x70.jpg 300w, https:\/\/galeriebecot.com\/wp-content\/uploads\/2022\/10\/Proust-Bande-768x179.jpg 768w, https:\/\/galeriebecot.com\/wp-content\/uploads\/2022\/10\/Proust-Bande.jpg 1152w\" sizes=\"auto, (max-width: 1024px) 100vw, 1024px\" \/><\/a><figcaption><em>Fran\u00e7ois <strong>Mauriac<\/strong>, Jean <strong>Cocteau<\/strong>, Paul <strong>Morand<\/strong>, Daniel<strong> Halevy<\/strong>, Jacques de<strong> Lacretelle<\/strong>, Le Marquis de <strong>Lauris<\/strong>, Le duc de <strong>Gramont<\/strong>, Philippe <strong>Soupault<\/strong>, Celeste <strong>Albarret<\/strong>, Andr\u00e9 <strong>Maurois<\/strong>, Emmanuel <strong>Berl,<\/strong> Mante-<strong>Proust<\/strong>, Jean <strong>Negroni.<\/strong><\/em><\/figcaption><\/figure>\n\n\n\n<p class=\"wp-block-paragraph\"><a href=\"https:\/\/youtu.be\/Ow2v6zRabQI\">MARCEL PROUST: Portrait souvenir<\/a> : Un document inestimable.<\/p>\n\n\n\n<figure class=\"wp-block-embed is-type-rich is-provider-prise-en-charge-des-contenus-embarques wp-block-embed-prise-en-charge-des-contenus-embarques wp-embed-aspect-16-9 wp-has-aspect-ratio\"><div class=\"wp-block-embed__wrapper\">\n<iframe loading=\"lazy\" title=\"Cher Monsieur Proust, lecture in\u00e9dite de Marie Darrieussecq\" width=\"700\" height=\"394\" src=\"https:\/\/www.youtube.com\/embed\/oYMV-EObXNQ?feature=oembed\" frameborder=\"0\" allow=\"accelerometer; autoplay; clipboard-write; encrypted-media; gyroscope; picture-in-picture\" allowfullscreen><\/iframe>\n<\/div><\/figure>\n\n\n\n<figure class=\"wp-block-embed is-type-video is-provider-youtube wp-block-embed-youtube wp-embed-aspect-16-9 wp-has-aspect-ratio\"><div class=\"wp-block-embed__wrapper\">\n<iframe loading=\"lazy\" title=\"MARCEL PROUST - C&#039;est quoi LA RECHERCHE DU TEMPS PERDU ?\" width=\"700\" height=\"394\" src=\"https:\/\/www.youtube.com\/embed\/llvU5bRjpfs?feature=oembed\" frameborder=\"0\" allow=\"accelerometer; autoplay; clipboard-write; encrypted-media; gyroscope; picture-in-picture\" allowfullscreen><\/iframe>\n<\/div><\/figure>\n\n\n\n<figure class=\"wp-block-embed is-type-rich is-provider-prise-en-charge-des-contenus-embarques wp-block-embed-prise-en-charge-des-contenus-embarques wp-embed-aspect-16-9 wp-has-aspect-ratio\"><div class=\"wp-block-embed__wrapper\">\n<iframe loading=\"lazy\" title=\"BALANCE TON PROUST - Les personnages de la Recherche du Temps Perdu\" width=\"700\" height=\"394\" src=\"https:\/\/www.youtube.com\/embed\/L7SS3IJmtPE?feature=oembed\" frameborder=\"0\" allow=\"accelerometer; autoplay; clipboard-write; encrypted-media; gyroscope; picture-in-picture\" allowfullscreen><\/iframe>\n<\/div><\/figure>\n\n\n\n<figure class=\"wp-block-image size-large\"><a href=\"https:\/\/www.espacefrancais.com\/marcel-proust-a-la-recherche-du-temps-perdu\/\"><img loading=\"lazy\" decoding=\"async\" width=\"776\" height=\"1024\" src=\"https:\/\/www.galeriebecot.com\/wp-content\/uploads\/2022\/06\/Proust-Soleil-11-1-776x1024.jpg\" alt=\"\" class=\"wp-image-16098\" srcset=\"https:\/\/galeriebecot.com\/wp-content\/uploads\/2022\/06\/Proust-Soleil-11-1-776x1024.jpg 776w, https:\/\/galeriebecot.com\/wp-content\/uploads\/2022\/06\/Proust-Soleil-11-1-227x300.jpg 227w, https:\/\/galeriebecot.com\/wp-content\/uploads\/2022\/06\/Proust-Soleil-11-1-768x1014.jpg 768w, https:\/\/galeriebecot.com\/wp-content\/uploads\/2022\/06\/Proust-Soleil-11-1-1163x1536.jpg 1163w, https:\/\/galeriebecot.com\/wp-content\/uploads\/2022\/06\/Proust-Soleil-11-1.jpg 1224w\" sizes=\"auto, (max-width: 776px) 100vw, 776px\" \/><\/a><\/figure>\n\n\n\n<figure class=\"wp-block-image size-large\"><a href=\"https:\/\/www.palaismontcalm.ca\/concert-spectacle-quebec\/proust-retrouve-avec-les-violons-du-roy-13-novembre-2022\/\"><img loading=\"lazy\" decoding=\"async\" width=\"661\" height=\"1024\" src=\"https:\/\/www.galeriebecot.com\/wp-content\/uploads\/2022\/06\/Proust-22-Soleil-661x1024.jpg\" alt=\"\" class=\"wp-image-16099\" srcset=\"https:\/\/galeriebecot.com\/wp-content\/uploads\/2022\/06\/Proust-22-Soleil-661x1024.jpg 661w, https:\/\/galeriebecot.com\/wp-content\/uploads\/2022\/06\/Proust-22-Soleil-194x300.jpg 194w, https:\/\/galeriebecot.com\/wp-content\/uploads\/2022\/06\/Proust-22-Soleil-768x1190.jpg 768w, https:\/\/galeriebecot.com\/wp-content\/uploads\/2022\/06\/Proust-22-Soleil-992x1536.jpg 992w, https:\/\/galeriebecot.com\/wp-content\/uploads\/2022\/06\/Proust-22-Soleil.jpg 1224w\" sizes=\"auto, (max-width: 661px) 100vw, 661px\" \/><\/a><\/figure>\n\n\n\n<figure class=\"wp-block-image size-large\"><a href=\"https:\/\/www.galeriebecot.com\/wp-content\/uploads\/2022\/06\/Proust-11JDQ.jpg\"><img loading=\"lazy\" decoding=\"async\" width=\"628\" height=\"1024\" src=\"https:\/\/www.galeriebecot.com\/wp-content\/uploads\/2022\/06\/Proust-11JDQ-628x1024.jpg\" alt=\"\" class=\"wp-image-16100\" srcset=\"https:\/\/galeriebecot.com\/wp-content\/uploads\/2022\/06\/Proust-11JDQ-628x1024.jpg 628w, https:\/\/galeriebecot.com\/wp-content\/uploads\/2022\/06\/Proust-11JDQ-184x300.jpg 184w, https:\/\/galeriebecot.com\/wp-content\/uploads\/2022\/06\/Proust-11JDQ-768x1253.jpg 768w, https:\/\/galeriebecot.com\/wp-content\/uploads\/2022\/06\/Proust-11JDQ-942x1536.jpg 942w, https:\/\/galeriebecot.com\/wp-content\/uploads\/2022\/06\/Proust-11JDQ-1256x2048.jpg 1256w, https:\/\/galeriebecot.com\/wp-content\/uploads\/2022\/06\/Proust-11JDQ.jpg 1282w\" sizes=\"auto, (max-width: 628px) 100vw, 628px\" \/><\/a><\/figure>\n\n\n\n<figure class=\"wp-block-image size-large is-resized\"><a href=\"https:\/\/www.palaismontcalm.ca\/concert-spectacle-quebec\/proust-retrouve-avec-les-violons-du-roy-13-novembre-2022\/\"><img loading=\"lazy\" decoding=\"async\" src=\"https:\/\/www.galeriebecot.com\/wp-content\/uploads\/2022\/06\/Proust2-JDQ-1-795x1024.jpg\" alt=\"\" class=\"wp-image-16101\" width=\"795\" height=\"1024\" srcset=\"https:\/\/galeriebecot.com\/wp-content\/uploads\/2022\/06\/Proust2-JDQ-1-795x1024.jpg 795w, https:\/\/galeriebecot.com\/wp-content\/uploads\/2022\/06\/Proust2-JDQ-1-233x300.jpg 233w, https:\/\/galeriebecot.com\/wp-content\/uploads\/2022\/06\/Proust2-JDQ-1-768x989.jpg 768w, https:\/\/galeriebecot.com\/wp-content\/uploads\/2022\/06\/Proust2-JDQ-1-1192x1536.jpg 1192w, https:\/\/galeriebecot.com\/wp-content\/uploads\/2022\/06\/Proust2-JDQ-1.jpg 1253w\" sizes=\"auto, (max-width: 795px) 100vw, 795px\" \/><\/a><figcaption><br><br><\/figcaption><\/figure>\n\n\n\n<figure class=\"wp-block-image size-large\"><a href=\"https:\/\/www.galeriebecot.com\/wp-content\/uploads\/2022\/10\/Moreau111.jpg\"><img loading=\"lazy\" decoding=\"async\" width=\"762\" height=\"1024\" src=\"https:\/\/www.galeriebecot.com\/wp-content\/uploads\/2022\/10\/Moreau111-762x1024.jpg\" alt=\"\" class=\"wp-image-16618\" srcset=\"https:\/\/galeriebecot.com\/wp-content\/uploads\/2022\/10\/Moreau111-762x1024.jpg 762w, https:\/\/galeriebecot.com\/wp-content\/uploads\/2022\/10\/Moreau111-223x300.jpg 223w, https:\/\/galeriebecot.com\/wp-content\/uploads\/2022\/10\/Moreau111-768x1032.jpg 768w, https:\/\/galeriebecot.com\/wp-content\/uploads\/2022\/10\/Moreau111.jpg 950w\" sizes=\"auto, (max-width: 762px) 100vw, 762px\" \/><\/a><\/figure>\n\n\n\n<p class=\"wp-block-paragraph\"><\/p>\n\n\n\n<p class=\"wp-block-paragraph\"><\/p>\n\n\n\n<p class=\"wp-block-paragraph\"><\/p>\n\n\n\n<figure class=\"wp-block-image size-large\"><a href=\"https:\/\/www.galeriebecot.com\/wp-content\/uploads\/2022\/10\/Moreau22.jpg\"><img loading=\"lazy\" decoding=\"async\" width=\"872\" height=\"1024\" src=\"https:\/\/www.galeriebecot.com\/wp-content\/uploads\/2022\/10\/Moreau22-872x1024.jpg\" alt=\"\" class=\"wp-image-16614\" srcset=\"https:\/\/galeriebecot.com\/wp-content\/uploads\/2022\/10\/Moreau22-872x1024.jpg 872w, https:\/\/galeriebecot.com\/wp-content\/uploads\/2022\/10\/Moreau22-256x300.jpg 256w, https:\/\/galeriebecot.com\/wp-content\/uploads\/2022\/10\/Moreau22-768x901.jpg 768w, https:\/\/galeriebecot.com\/wp-content\/uploads\/2022\/10\/Moreau22.jpg 950w\" sizes=\"auto, (max-width: 872px) 100vw, 872px\" \/><\/a><\/figure>\n\n\n\n<figure class=\"wp-block-image size-full is-resized\"><a href=\"https:\/\/www.galeriebecot.com\/wp-content\/uploads\/2022\/10\/Moreau3.jpg\"><img loading=\"lazy\" decoding=\"async\" src=\"https:\/\/www.galeriebecot.com\/wp-content\/uploads\/2022\/10\/Moreau3.jpg\" alt=\"\" class=\"wp-image-16605\" width=\"711\" height=\"549\" srcset=\"https:\/\/galeriebecot.com\/wp-content\/uploads\/2022\/10\/Moreau3.jpg 950w, https:\/\/galeriebecot.com\/wp-content\/uploads\/2022\/10\/Moreau3-300x232.jpg 300w, https:\/\/galeriebecot.com\/wp-content\/uploads\/2022\/10\/Moreau3-768x593.jpg 768w\" sizes=\"auto, (max-width: 711px) 100vw, 711px\" \/><\/a><\/figure>\n\n\n\n<figure class=\"wp-block-image size-large is-resized\"><a href=\"https:\/\/www.galeriebecot.com\/wp-content\/uploads\/2022\/10\/Moreau4-scaled.jpg\"><img loading=\"lazy\" decoding=\"async\" src=\"https:\/\/www.galeriebecot.com\/wp-content\/uploads\/2022\/10\/Moreau4-368x1024.jpg\" alt=\"\" class=\"wp-image-16606\" width=\"591\" height=\"1644\" srcset=\"https:\/\/galeriebecot.com\/wp-content\/uploads\/2022\/10\/Moreau4-368x1024.jpg 368w, https:\/\/galeriebecot.com\/wp-content\/uploads\/2022\/10\/Moreau4-108x300.jpg 108w, https:\/\/galeriebecot.com\/wp-content\/uploads\/2022\/10\/Moreau4-scaled.jpg 921w\" sizes=\"auto, (max-width: 591px) 100vw, 591px\" \/><\/a><\/figure>\n\n\n\n<figure class=\"wp-block-image size-full is-resized\"><a href=\"https:\/\/www.galeriebecot.com\/wp-content\/uploads\/2022\/10\/Moreau5.jpg\"><img loading=\"lazy\" decoding=\"async\" src=\"https:\/\/www.galeriebecot.com\/wp-content\/uploads\/2022\/10\/Moreau5.jpg\" alt=\"\" class=\"wp-image-16607\" width=\"598\" height=\"143\" srcset=\"https:\/\/galeriebecot.com\/wp-content\/uploads\/2022\/10\/Moreau5.jpg 950w, https:\/\/galeriebecot.com\/wp-content\/uploads\/2022\/10\/Moreau5-300x72.jpg 300w, https:\/\/galeriebecot.com\/wp-content\/uploads\/2022\/10\/Moreau5-768x184.jpg 768w\" sizes=\"auto, (max-width: 598px) 100vw, 598px\" \/><\/a><\/figure>\n\n\n\n<figure class=\"wp-block-image size-full is-resized\"><a href=\"https:\/\/www.galeriebecot.com\/?p=16696\"><img loading=\"lazy\" decoding=\"async\" src=\"https:\/\/www.galeriebecot.com\/wp-content\/uploads\/2022\/11\/Proust-Musique-ProgrammeFB.jpg\" alt=\"\" class=\"wp-image-16713\" width=\"405\" height=\"436\" srcset=\"https:\/\/galeriebecot.com\/wp-content\/uploads\/2022\/11\/Proust-Musique-ProgrammeFB.jpg 717w, https:\/\/galeriebecot.com\/wp-content\/uploads\/2022\/11\/Proust-Musique-ProgrammeFB-279x300.jpg 279w\" sizes=\"auto, (max-width: 405px) 100vw, 405px\" \/><\/a><\/figure>\n","protected":false},"excerpt":{"rendered":"<p>Marc Bellemare a d\u00e9couvert l&rsquo;oeuvre de l&rsquo;\u00e9crivain fran\u00e7ais en 2010, lorsqu&rsquo;il a re\u00e7u le roman _ \u00c0 la recherche du temps perdu _ en cadeau. Les festivit\u00e9s, pr\u00e9vues pour le&hellip; <\/p>\n","protected":false},"author":1,"featured_media":0,"comment_status":"open","ping_status":"open","sticky":false,"template":"","format":"standard","meta":{"_exactmetrics_skip_tracking":false,"_exactmetrics_sitenote_active":false,"_exactmetrics_sitenote_note":"","_exactmetrics_sitenote_category":0,"footnotes":""},"categories":[20,27],"tags":[4159,34,4238,735,3111,2033,4153,4234,4155,6,4229,4287,4235,4228,4152,4166,4154,4231,4232,4168,4162,4156,4236,2032,4230,3673,4285,245,4286,3652,4239,58,4160,4163,2463,4167,4161,1623,4233,4237,4151,4157,4165,360,4169,2688,37,4227,4164,4158,4150],"class_list":["post-16092","post","type-post","status-publish","format-standard","hentry","category-article-descriptif","category-artistes","tag-a-la-recherche-du-temps-perdu","tag-andre-becot","tag-andre-maurois","tag-artistes","tag-auditorium-sandra-et-alain-bouchard","tag-caroline-montpetit","tag-ccamille-saint-saens","tag-celeste-albarret","tag-cesar-frank","tag-club-des-collectionneurs-en-arts-visuels-de-quebec","tag-daniel-halevy","tag-edouard-tremblay","tag-emmanuel-berl","tag-francois-mauriac","tag-gabriel-faure","tag-guillaume-pinson","tag-henri-duparc","tag-jacques-de-lacretelle","tag-jean-cocteau","tag-jean-michel-dube","tag-jean-pierre-sirois-trahan","tag-la-sonate-de-vinteuil","tag-le-duc-de-gramont","tag-le-journal-de-quebec","tag-le-marquis-de-lauris","tag-lea-harvey","tag-ledevoir","tag-lesoleil","tag-librairie-chez-pantoute","tag-lucien-bouchard","tag-mante-proust","tag-marc-bellemare-collectionneur","tag-marcel-proust","tag-martin-robitaille","tag-michel-tremblay","tag-myriam-leblanc","tag-palais-montcalm","tag-paris","tag-paul-morand","tag-philippe-soupault","tag-raynaldo-hahn","tag-renee-hudon","tag-robert-de-montesquiou","tag-robert-lepage","tag-samuel-gagnon","tag-stephan-bureau","tag-studio-becot","tag-sylvie-moreau","tag-universite-du-quebec-a-rimouski","tag-violons-du-roy","tag-yves-leclerc"],"_links":{"self":[{"href":"https:\/\/galeriebecot.com\/index.php?rest_route=\/wp\/v2\/posts\/16092","targetHints":{"allow":["GET"]}}],"collection":[{"href":"https:\/\/galeriebecot.com\/index.php?rest_route=\/wp\/v2\/posts"}],"about":[{"href":"https:\/\/galeriebecot.com\/index.php?rest_route=\/wp\/v2\/types\/post"}],"author":[{"embeddable":true,"href":"https:\/\/galeriebecot.com\/index.php?rest_route=\/wp\/v2\/users\/1"}],"replies":[{"embeddable":true,"href":"https:\/\/galeriebecot.com\/index.php?rest_route=%2Fwp%2Fv2%2Fcomments&post=16092"}],"version-history":[{"count":62,"href":"https:\/\/galeriebecot.com\/index.php?rest_route=\/wp\/v2\/posts\/16092\/revisions"}],"predecessor-version":[{"id":16854,"href":"https:\/\/galeriebecot.com\/index.php?rest_route=\/wp\/v2\/posts\/16092\/revisions\/16854"}],"wp:attachment":[{"href":"https:\/\/galeriebecot.com\/index.php?rest_route=%2Fwp%2Fv2%2Fmedia&parent=16092"}],"wp:term":[{"taxonomy":"category","embeddable":true,"href":"https:\/\/galeriebecot.com\/index.php?rest_route=%2Fwp%2Fv2%2Fcategories&post=16092"},{"taxonomy":"post_tag","embeddable":true,"href":"https:\/\/galeriebecot.com\/index.php?rest_route=%2Fwp%2Fv2%2Ftags&post=16092"}],"curies":[{"name":"wp","href":"https:\/\/api.w.org\/{rel}","templated":true}]}}