{"id":16045,"date":"2022-04-12T17:27:00","date_gmt":"2022-04-12T21:27:00","guid":{"rendered":"https:\/\/www.clubdescollectionneursenartsvisuelsdequebec.com\/?p=16045"},"modified":"2022-04-13T17:42:25","modified_gmt":"2022-04-13T21:42:25","slug":"salut-gadou-du-livre-au-film","status":"publish","type":"post","link":"https:\/\/galeriebecot.com\/?p=16045","title":{"rendered":"Salut , Gadou ! Du livre au film"},"content":{"rendered":"\n<p class=\"wp-block-paragraph\">En juin prochain sortira Salut, Gadou ! un film r\u00e9alis\u00e9 \u00e0 partir du roman de Malcolm Reid&#8230; C&rsquo;est H\u00e9l\u00e8ne Matte qui a eu l&rsquo;id\u00e9e de tourner ce film&#8230;<\/p>\n\n\n\n<figure class=\"wp-block-image size-large\"><a href=\"https:\/\/www.galeriebecot.com\/wp-content\/uploads\/2022\/04\/Reid.jpg\"><img loading=\"lazy\" decoding=\"async\" width=\"1024\" height=\"937\" src=\"https:\/\/www.galeriebecot.com\/wp-content\/uploads\/2022\/04\/Reid-1024x937.jpg\" alt=\"\" class=\"wp-image-16046\" srcset=\"https:\/\/galeriebecot.com\/wp-content\/uploads\/2022\/04\/Reid-1024x937.jpg 1024w, https:\/\/galeriebecot.com\/wp-content\/uploads\/2022\/04\/Reid-300x274.jpg 300w, https:\/\/galeriebecot.com\/wp-content\/uploads\/2022\/04\/Reid-768x703.jpg 768w, https:\/\/galeriebecot.com\/wp-content\/uploads\/2022\/04\/Reid-1536x1405.jpg 1536w, https:\/\/galeriebecot.com\/wp-content\/uploads\/2022\/04\/Reid-2048x1874.jpg 2048w\" sizes=\"auto, (max-width: 1024px) 100vw, 1024px\" \/><\/a><\/figure>\n\n\n\n<figure class=\"wp-block-image size-large\"><a href=\"https:\/\/www.galeriebecot.com\/?p=8432\"><img loading=\"lazy\" decoding=\"async\" width=\"1024\" height=\"405\" src=\"https:\/\/www.galeriebecot.com\/wp-content\/uploads\/2022\/04\/Collectif-222-noms-2048x809-1-1024x405.jpg\" alt=\"\" class=\"wp-image-16048\" srcset=\"https:\/\/galeriebecot.com\/wp-content\/uploads\/2022\/04\/Collectif-222-noms-2048x809-1-1024x405.jpg 1024w, https:\/\/galeriebecot.com\/wp-content\/uploads\/2022\/04\/Collectif-222-noms-2048x809-1-300x119.jpg 300w, https:\/\/galeriebecot.com\/wp-content\/uploads\/2022\/04\/Collectif-222-noms-2048x809-1-768x303.jpg 768w, https:\/\/galeriebecot.com\/wp-content\/uploads\/2022\/04\/Collectif-222-noms-2048x809-1-1536x607.jpg 1536w, https:\/\/galeriebecot.com\/wp-content\/uploads\/2022\/04\/Collectif-222-noms-2048x809-1.jpg 2048w\" sizes=\"auto, (max-width: 1024px) 100vw, 1024px\" \/><\/a><\/figure>\n","protected":false},"excerpt":{"rendered":"<p>En juin prochain sortira Salut, Gadou ! un film r\u00e9alis\u00e9 \u00e0 partir du roman de Malcolm Reid&#8230; C&rsquo;est H\u00e9l\u00e8ne Matte qui a eu l&rsquo;id\u00e9e de tourner ce film&#8230;<\/p>\n","protected":false},"author":1,"featured_media":0,"comment_status":"open","ping_status":"open","sticky":false,"template":"","format":"standard","meta":{"_exactmetrics_skip_tracking":false,"_exactmetrics_sitenote_active":false,"_exactmetrics_sitenote_note":"","_exactmetrics_sitenote_category":0,"footnotes":""},"categories":[20,27,18,29],"tags":[],"class_list":["post-16045","post","type-post","status-publish","format-standard","hentry","category-article-descriptif","category-artistes","category-evenement","category-journaux"],"_links":{"self":[{"href":"https:\/\/galeriebecot.com\/index.php?rest_route=\/wp\/v2\/posts\/16045","targetHints":{"allow":["GET"]}}],"collection":[{"href":"https:\/\/galeriebecot.com\/index.php?rest_route=\/wp\/v2\/posts"}],"about":[{"href":"https:\/\/galeriebecot.com\/index.php?rest_route=\/wp\/v2\/types\/post"}],"author":[{"embeddable":true,"href":"https:\/\/galeriebecot.com\/index.php?rest_route=\/wp\/v2\/users\/1"}],"replies":[{"embeddable":true,"href":"https:\/\/galeriebecot.com\/index.php?rest_route=%2Fwp%2Fv2%2Fcomments&post=16045"}],"version-history":[{"count":4,"href":"https:\/\/galeriebecot.com\/index.php?rest_route=\/wp\/v2\/posts\/16045\/revisions"}],"predecessor-version":[{"id":16053,"href":"https:\/\/galeriebecot.com\/index.php?rest_route=\/wp\/v2\/posts\/16045\/revisions\/16053"}],"wp:attachment":[{"href":"https:\/\/galeriebecot.com\/index.php?rest_route=%2Fwp%2Fv2%2Fmedia&parent=16045"}],"wp:term":[{"taxonomy":"category","embeddable":true,"href":"https:\/\/galeriebecot.com\/index.php?rest_route=%2Fwp%2Fv2%2Fcategories&post=16045"},{"taxonomy":"post_tag","embeddable":true,"href":"https:\/\/galeriebecot.com\/index.php?rest_route=%2Fwp%2Fv2%2Ftags&post=16045"}],"curies":[{"name":"wp","href":"https:\/\/api.w.org\/{rel}","templated":true}]}}