{"id":1582,"date":"2014-01-29T15:36:03","date_gmt":"2014-01-29T20:36:03","guid":{"rendered":"http:\/\/www.clubdescollectionneursenartsvisuelsdequebec.com\/?p=1582"},"modified":"2014-01-30T15:48:45","modified_gmt":"2014-01-30T20:48:45","slug":"fernand-leduc-1916-2014-prince-de-la-lumiere","status":"publish","type":"post","link":"https:\/\/galeriebecot.com\/?p=1582","title":{"rendered":"Fernand Leduc (1916-2014) Prince de la lumi\u00e8re"},"content":{"rendered":"<p><a href=\"https:\/\/www.galeriebecot.com\/wp-content\/uploads\/2014\/01\/Prince-Leduc.jpg\"><img loading=\"lazy\" decoding=\"async\" class=\"alignnone size-full wp-image-1583\" alt=\"Prince Leduc\" src=\"https:\/\/www.galeriebecot.com\/wp-content\/uploads\/2014\/01\/Prince-Leduc.jpg\" width=\"513\" height=\"854\" srcset=\"https:\/\/galeriebecot.com\/wp-content\/uploads\/2014\/01\/Prince-Leduc.jpg 513w, https:\/\/galeriebecot.com\/wp-content\/uploads\/2014\/01\/Prince-Leduc-180x300.jpg 180w\" sizes=\"auto, (max-width: 513px) 100vw, 513px\" \/><\/a><\/p>\n<p>Le Journal LaPresse ,le Mercredi 29 Janvier 2014 :<\/p>\n<p><a href=\"https:\/\/www.galeriebecot.com\/wp-content\/uploads\/2014\/01\/Prince-Leduc3.jpg\"><img loading=\"lazy\" decoding=\"async\" class=\"alignnone size-large wp-image-1584\" alt=\"Prince Leduc3\" src=\"https:\/\/www.galeriebecot.com\/wp-content\/uploads\/2014\/01\/Prince-Leduc3-269x1024.jpg\" width=\"269\" height=\"1024\" \/><\/a><\/p>\n<p>&nbsp;<\/p>\n<p><a href=\"https:\/\/www.galeriebecot.com\/wp-content\/uploads\/2014\/01\/Prince-Leduc1.jpg\"><img loading=\"lazy\" decoding=\"async\" class=\"alignnone size-large wp-image-1585\" alt=\"Prince Leduc1\" src=\"https:\/\/www.galeriebecot.com\/wp-content\/uploads\/2014\/01\/Prince-Leduc1-808x1024.jpg\" width=\"700\" height=\"887\" srcset=\"https:\/\/galeriebecot.com\/wp-content\/uploads\/2014\/01\/Prince-Leduc1-808x1024.jpg 808w, https:\/\/galeriebecot.com\/wp-content\/uploads\/2014\/01\/Prince-Leduc1-236x300.jpg 236w, https:\/\/galeriebecot.com\/wp-content\/uploads\/2014\/01\/Prince-Leduc1.jpg 1274w\" sizes=\"auto, (max-width: 700px) 100vw, 700px\" \/><\/a><\/p>\n<p>&nbsp;<\/p>\n<p><a href=\"https:\/\/www.galeriebecot.com\/wp-content\/uploads\/2014\/01\/Prince-Leduc2.jpg\"><img loading=\"lazy\" decoding=\"async\" class=\"alignnone size-large wp-image-1586\" alt=\"Prince Leduc2\" src=\"https:\/\/www.galeriebecot.com\/wp-content\/uploads\/2014\/01\/Prince-Leduc2-728x1024.jpg\" width=\"700\" height=\"984\" srcset=\"https:\/\/galeriebecot.com\/wp-content\/uploads\/2014\/01\/Prince-Leduc2-728x1024.jpg 728w, https:\/\/galeriebecot.com\/wp-content\/uploads\/2014\/01\/Prince-Leduc2-213x300.jpg 213w, https:\/\/galeriebecot.com\/wp-content\/uploads\/2014\/01\/Prince-Leduc2.jpg 1151w\" sizes=\"auto, (max-width: 700px) 100vw, 700px\" \/><\/a><\/p>\n<p>&nbsp;<\/p>\n<p>La vie de Fernand Leduc en 10 dates:<\/p>\n<p>1916: Naissance \u00e0 Montr\u00e9al<\/p>\n<p>1938: Entr\u00e9e \u00e0 l&rsquo;\u00c9cole des beaux-arts de Montr\u00e9al<\/p>\n<p>1941: Fernand Leduc fait la connaissance de Paul-\u00c9mile Borduas<\/p>\n<p>1946:Premi\u00e8re exposition des Automatistes \u00e0 Montr\u00e9al<\/p>\n<p>1947: Fernand Leduc et Th\u00e9r\u00e8se Renaud s&rsquo;installent \u00e0 Paris pour six ans.<\/p>\n<p>1948: Fernand Leduc signe le manifeste <em>Refus global<\/em> avec 15 autres artistes<\/p>\n<p>1956: Avec Riopelle,Gauvreau,Mousseau et Sullivan,Fernand Leduc fonde l&rsquo;Association des artistes non-figuratifs du Qu\u00e9bec<\/p>\n<p>1970:D\u00e9but de sa qu\u00eate de la lumi\u00e8re.<\/p>\n<p>1988: Fernand Leduc re\u00e7oit le prix Paul-\u00c9mile Borduas<\/p>\n<p>2006:Exposition <em>Lib\u00e9rer la lumi\u00e8re<\/em> \u00e0 Qu\u00e9bec.<\/p>\n","protected":false},"excerpt":{"rendered":"<p>Le Journal LaPresse ,le Mercredi 29 Janvier 2014 : &nbsp; &nbsp; &nbsp; La vie de Fernand Leduc en 10 dates: 1916: Naissance \u00e0 Montr\u00e9al 1938: Entr\u00e9e \u00e0 l&rsquo;\u00c9cole des beaux-arts&hellip; <\/p>\n","protected":false},"author":1,"featured_media":0,"comment_status":"open","ping_status":"open","sticky":false,"template":"","format":"standard","meta":{"_exactmetrics_skip_tracking":false,"_exactmetrics_sitenote_active":false,"_exactmetrics_sitenote_note":"","_exactmetrics_sitenote_category":0,"footnotes":""},"categories":[20,29],"tags":[34,167,735,43,47,28,6,67,66,161,35,169,164,165,168,33,163,162,166,45,40],"class_list":["post-1582","post","type-post","status-publish","format-standard","hentry","category-article-descriptif","category-journaux","tag-andre-becot","tag-anne-grace","tag-artistes","tag-arts-visuels","tag-becot-artiste","tag-bellemare","tag-club-des-collectionneurs-en-arts-visuels-de-quebec","tag-club-des-collectionneurs-en-arts-visuels-de-quebec-marc-bellemare","tag-club-des-collectionneurs-en-arts-visuels-de-quebec-studio-becot","tag-fernand-leduc","tag-foire-en-arts-actuel","tag-francoise-riopelle","tag-isabelle-leduc","tag-john-r-porter","tag-line-ouellet","tag-marc-bellemare","tag-prince-de-la-lumiere","tag-refus-global","tag-rene-viau","tag-visual-art","tag-visuals-arts"],"_links":{"self":[{"href":"https:\/\/galeriebecot.com\/index.php?rest_route=\/wp\/v2\/posts\/1582","targetHints":{"allow":["GET"]}}],"collection":[{"href":"https:\/\/galeriebecot.com\/index.php?rest_route=\/wp\/v2\/posts"}],"about":[{"href":"https:\/\/galeriebecot.com\/index.php?rest_route=\/wp\/v2\/types\/post"}],"author":[{"embeddable":true,"href":"https:\/\/galeriebecot.com\/index.php?rest_route=\/wp\/v2\/users\/1"}],"replies":[{"embeddable":true,"href":"https:\/\/galeriebecot.com\/index.php?rest_route=%2Fwp%2Fv2%2Fcomments&post=1582"}],"version-history":[{"count":7,"href":"https:\/\/galeriebecot.com\/index.php?rest_route=\/wp\/v2\/posts\/1582\/revisions"}],"predecessor-version":[{"id":1593,"href":"https:\/\/galeriebecot.com\/index.php?rest_route=\/wp\/v2\/posts\/1582\/revisions\/1593"}],"wp:attachment":[{"href":"https:\/\/galeriebecot.com\/index.php?rest_route=%2Fwp%2Fv2%2Fmedia&parent=1582"}],"wp:term":[{"taxonomy":"category","embeddable":true,"href":"https:\/\/galeriebecot.com\/index.php?rest_route=%2Fwp%2Fv2%2Fcategories&post=1582"},{"taxonomy":"post_tag","embeddable":true,"href":"https:\/\/galeriebecot.com\/index.php?rest_route=%2Fwp%2Fv2%2Ftags&post=1582"}],"curies":[{"name":"wp","href":"https:\/\/api.w.org\/{rel}","templated":true}]}}